{"id":9624,"date":"2022-05-23T20:50:00","date_gmt":"2022-05-23T18:50:00","guid":{"rendered":"http:\/\/marburg.news\/?p=9624"},"modified":"2022-05-23T20:50:00","modified_gmt":"2022-05-23T18:50:00","slug":"verfolgen-rias-hessen-beraet-zu-antisemitismus","status":"publish","type":"post","link":"http:\/\/marburg.news\/?p=9624","title":{"rendered":"Verfolgen: RIAS Hessen ber\u00e4t zu Antisemitismus"},"content":{"rendered":"<p>Die &#8222;Recherche- und Informationsstelle Antisemitismus Hessen&#8220; hat ihre Arbeit aufgenommen. RIAS Hessen ist am Demokratiezentrum Hessen der Philipps-Universit\u00e4t angegliedert <!--more--><br \/>\nDie &#8222;Recherche- und Informationsstelle Antisemitismus Hessen&#8220; (RIAS Hessen) hat ihre Arbeit aufgenommen. Angegliedert ist sie an das Demokratiezentrum Hessen an der Philipps-Universit\u00e4t.<br \/>\nRIAS Hessen widmet sich in erster Linie der Unterst\u00fctzung Betroffener von antisemitischen Vorf\u00e4llen und der landesweiten Dokumentation von Antisemitismus. Betroffene werden an kompetente Beratungsstellen weiter begleitet. Vor allem ist das OFEK Hessen.<br \/>\nRIAS Hessen ist eine Anlaufstelle f\u00fcr Betroffene, Freund:innen, Angeh\u00f6rige sowie Bekannte von Betroffenen als auch f\u00fcr Zeug:innen und Personen, die anderweitig von antisemitischen Vorf\u00e4llen Kenntnis erlangt haben. Alle mitgeteilten Informationen behandelt RIAS Hessen vertraulich; grunds\u00e4tzlich entscheiden die Betroffenen selbst, was mit ihren Informationen geschieht.<br \/>\nAntisemitische Vorf\u00e4lle k\u00f6nnen sehr unterschiedlich sein. Das reicht von Aufklebern oder Schmierereien bis hin zur Androhung physischer Gewalt oder gar k\u00f6rperlichen Angriffen.<br \/>\nAnonymisiert erfasst RIAS Hessen diese Vorf\u00e4lle und informiert j\u00e4hrlich zu den Entwicklungen in Hessen. Zus\u00e4tzlich gibt es ein proaktives Monitoring und eine zielgerichtete \u00d6ffentlichkeitsarbeit. Die Dokumentation antisemitischer Vorf\u00e4lle dient der Evaluation und Weiterentwicklung sowie Erarbeitung auch von Handlungskonzepten in der Bildungsarbeit.<br \/>\n&#8222;Die Betroffenenperspektive ist die Basis unserer Arbeit&#8220;, betonte Projektmitarbeiterin Brandes. &#8222;Wir dokumentieren und analysieren nicht nur antisemitische Vorf\u00e4lle in Hessen, sondern bieten f\u00fcr Ratsuchende eine Anlaufstelle, die ihnen klar und vertrauensvoll zur Seite steht. Zur Sichtbarmachung nutzen wir neben den Jahres- und Monitoring-Berichten, auch in enger Absprache mit den Meldenden und nach rechtlicher Abw\u00e4gung, zuk\u00fcnftig ebenfalls Social Media.&#8220;<br \/>\nIhr Kollege Raguse n erg\u00e4nzte: &#8222;Uns ist es besonders wichtig, die Position der Betroffenen darzustellen und den Antisemitismus in Hessen sichtbar zu machen. Dank unserer Kooperationspartner:innen ist es uns m\u00f6glich, an professionelle Beratung f\u00fcr Betroffene, die auch psychosoziale und Rechtsberatung inkludiert, zu vermitteln.&#8220;<br \/>\nProjektleiterin Dr. Susanne Urban von RIAS Hessen erl\u00e4uterte die Bedeutung des Projekts: &#8222;Die Anlaufstellen von RIAS sind wichtig f\u00fcr Betroffene antisemitischer Gewalt. F\u00fcr die Forschung zu antisemitischen Ph\u00e4nomenen werde ich Hessen seit 1945 in den Blick nehmen &#8211; und werde auch daran arbeiten, dass wissenschaftliche Erkenntnisse in Bildung und Weiterbildung verwendbar sein werden, um Menschen zu sensibilisieren sowie antisemitischen Verfestigungen vorzubeugen.&#8220;<br \/>\nIm Rahmen der \u00d6ffentlichkeitsarbeit m\u00f6chte RIAS Hessen f\u00fcr das vielschichtige Ph\u00e4nomen &#8222;Antisemitismus&#8220; sensibilisieren. RIAS Hessen organisiert gemeinsam mit Projektpartner:innen Vortr\u00e4ge und Workshops zu Antisemitismus und strebt eine gesellschaftliche Sensibilisierung f\u00fcr dieses Ph\u00e4nomen an. Dies geschieht auch durch die Dokumentation sowie die regelm\u00e4\u00dfige Berichterstattung \u00fcber antisemitische Vorf\u00e4lle in Hessen. RIAS Hessen ist in Bildung, Wissenschaft und Forschung, basierend auf einem nationalen wie internationalen Netzwerk, aktiv.<br \/>\nDie Kernaufgaben und die dar\u00fcber hinaus gehenden Aktivit\u00e4ten von RIAS Hessen spiegeln sich auch in der &#8222;Konzeptwerkstatt Antisemitismus&#8220;, in der vielf\u00e4ltige Akteurinnen und Akteure aus Hessen \u00fcber Antisemitismus kooperieren. Hinzu kommen die \u00f6ffentlichen &#8222;Werkstattgespr\u00e4che&#8220; und weitere Veranstaltungen. Grundlage der Arbeit von RIAS Hessen ist die Arbeitsdefinition Antisemitismus der &#8222;International Holocaust Remembrance Alliance&#8220; (IHRA).<\/p>\n<p>* pm: Philipps-Universit\u00e4t Marburg<\/p>\n","protected":false},"excerpt":{"rendered":"<p>Die &#8222;Recherche- und Informationsstelle Antisemitismus Hessen&#8220; hat ihre Arbeit aufgenommen. RIAS Hessen ist am Demokratiezentrum Hessen der Philipps-Universit\u00e4t angegliedert<\/p>\n","protected":false},"author":2,"featured_media":0,"comment_status":"closed","ping_status":"open","sticky":false,"template":"","format":"standard","meta":{"advanced_seo_description":"","spay_email":"","jetpack_publicize_message":"","jetpack_is_tweetstorm":false,"jetpack_publicize_feature_enabled":true},"categories":[5,2,4],"tags":[1353,603,88],"jetpack_featured_media_url":"","jetpack_publicize_connections":[],"jetpack_sharing_enabled":true,"jetpack_shortlink":"https:\/\/wp.me\/p8mhvd-2ve","jetpack-related-posts":[{"id":15639,"url":"http:\/\/marburg.news\/?p=15639","url_meta":{"origin":9624,"position":0},"title":"Hoher Druck: Ausstellung pr\u00e4sentiert j\u00fcdische Erfahrungen in Hessen","date":"23. Mai 2024","format":false,"excerpt":"\"Ja, DAS ist Antisemitismus!\" hei\u00dft eine Ausstellung der Recherche- und Informationsstelle Antisemitismus Hessen. Die Kooperation von RIAS Hessen und der Philipps-Universit\u00e4t zeigt j\u00fcdische Erfahrungen in Hessen. Ihre Er\u00f6ffnung findet am Mittwoch (29. Mai) um 16.30 Uhr im Verwaltungsgeb\u00e4ude der Philipps-Universit\u00e4t an der Biegenstra\u00dfe statt. Nach der Begr\u00fc\u00dfung durch den Universit\u00e4tspr\u00e4sidenten\u2026","rel":"","context":"In &quot;Bildung&quot;","img":{"alt_text":"","src":"","width":0,"height":0},"classes":[]},{"id":16567,"url":"http:\/\/marburg.news\/?p=16567","url_meta":{"origin":9624,"position":1},"title":"Neue Position: Uni beruft Antisemitismusbeauftragte","date":"10. Oktober 2024","format":false,"excerpt":"Die Philipps-Universit\u00e4t ernennt eine Antisemitismusbeauftragte. Dr. Susanne Urban \u00fcbernimmt diese neu geschaffene Position. Erstmals hat die Philipps-Universit\u00e4t die Stelle einer Antisemitismusbeauftragten eingerichtet und Dr. Susanne Urban daf\u00fcr benannt. Die Wissenschaftlerin ist seit Anfang 2022 Projektleiterin der \"Recherche- und Informationsstelle RIAS Hessen\", die antisemitische Vorf\u00e4lle in Hessen dokumentiert und an der\u2026","rel":"","context":"In &quot;Bildung&quot;","img":{"alt_text":"","src":"","width":0,"height":0},"classes":[]},{"id":17427,"url":"http:\/\/marburg.news\/?p=17427","url_meta":{"origin":9624,"position":2},"title":"Demokratiezentrum Hessen: Mehr als 3,4 Millionen Euro f\u00fcr Extremismuspr\u00e4vention","date":"31. Januar 2025","format":false,"excerpt":"Das Demokratiezentrum Hessen erh\u00e4lt mehr als 3,4 Millionen Euro f\u00fcr landesweite Pr\u00e4vention. Innenstaatssekret\u00e4r Martin R\u00f6\u00dfler betonte die Herausforderungen durch Extremismus. Innenstaatssekret\u00e4r Martin R\u00f6\u00dfler hat das - an der Philipps-Universit\u00e4t angesiedelte - \"Demokratiezentrum Hessen\" besucht und ihm f\u00fcr die landesweite Pr\u00e4ventionsarbeit und Demokratief\u00f6rderung einen Zuwendungsbescheid\u00fcber 3.421.577 Euro \u00fcbergeben. Die zweckgebundenen Mittel\u2026","rel":"","context":"In &quot;Politik&quot;","img":{"alt_text":"","src":"","width":0,"height":0},"classes":[]},{"id":12573,"url":"http:\/\/marburg.news\/?p=12573","url_meta":{"origin":9624,"position":3},"title":"\u00dcberzeugen: Angela Dorn am Demokratiezentrum Hessen","date":"10. Mai 2023","format":false,"excerpt":"Ein neuer Forschungs- und Weiterbildungsbereich am Demokratiezentrum Hessen hat sich der \u00d6ffentlichkeit vorgestellt. Wissenschaftsministerin Angela Dorn lobte die \"vorbildliche Verbindung von Forschung und Praxis\". Mit einem Besuch der Hessischen Wissenschaftsministerin Angela Dorn hat sich am Mittwoch (10. Mai) der neue Forschungs- und Weiterbildungsbereich \"Rechtsextremismus, Rassismus und Demokratiefeindlichkeit\" an der Philipps-Universit\u00e4t\u2026","rel":"","context":"In &quot;Bildung&quot;","img":{"alt_text":"","src":"","width":0,"height":0},"classes":[]},{"id":7458,"url":"http:\/\/marburg.news\/?p=7458","url_meta":{"origin":9624,"position":4},"title":"Hessen gegen Rechts: Heck \u00fcbergab F\u00f6rderbescheid f\u00fcr Demokratiezentrum","date":"24. Juli 2021","format":false,"excerpt":"Das Demokratiezentrum Hessen erh\u00e4lt 2,7 Millionen Euro. Staatssekret\u00e4r Dr. Stefan Heck hat den F\u00f6rderbescheid an das Zentrum am Fachbereich Erziehungswissenschaften der Philipps-Universit\u00e4t \u00fcbergeben. Einen F\u00f6rderbescheid \u00fcber insgesamt rund 2,7 Millionen Euro f\u00fcr das Jahr 2021 \u00fcbergab der hessische Innenstaatssekret\u00e4r Dr. Stefan Heck am Donnerstag (22. Juli) an den Universit\u00e4ts-Vizepr\u00e4sidenten Prof.\u2026","rel":"","context":"In &quot;Bildung&quot;","img":{"alt_text":"","src":"","width":0,"height":0},"classes":[]},{"id":9285,"url":"http:\/\/marburg.news\/?p=9285","url_meta":{"origin":9624,"position":5},"title":"Bundesweit einmalig: Weiterbildung zu Beratung \u00fcber Rechtsextremismus","date":"27. April 2022","format":false,"excerpt":"Die Philipps-Universit\u00e4t bietet eine bundesweit einmalige Weiterbildung. Der neue weiterbildende Masterstudiengang \"Beratung im Kontext Rechtsextremismus\" startet im Wintersemester. In dieser Form ist dieser Studiengang bundesweit einmalig. Bewerbungen sind ab Montag (2. Mai) bis Freitag (15. Juli) m\u00f6glich. Der kostenpflichtige weiterbildende Studiengang richtet sich in erster Linie an Fachkr\u00e4fte der Mobilen\u2026","rel":"","context":"In &quot;Bildung&quot;","img":{"alt_text":"","src":"","width":0,"height":0},"classes":[]}],"_links":{"self":[{"href":"http:\/\/marburg.news\/index.php?rest_route=\/wp\/v2\/posts\/9624"}],"collection":[{"href":"http:\/\/marburg.news\/index.php?rest_route=\/wp\/v2\/posts"}],"about":[{"href":"http:\/\/marburg.news\/index.php?rest_route=\/wp\/v2\/types\/post"}],"author":[{"embeddable":true,"href":"http:\/\/marburg.news\/index.php?rest_route=\/wp\/v2\/users\/2"}],"replies":[{"embeddable":true,"href":"http:\/\/marburg.news\/index.php?rest_route=%2Fwp%2Fv2%2Fcomments&post=9624"}],"version-history":[{"count":0,"href":"http:\/\/marburg.news\/index.php?rest_route=\/wp\/v2\/posts\/9624\/revisions"}],"wp:attachment":[{"href":"http:\/\/marburg.news\/index.php?rest_route=%2Fwp%2Fv2%2Fmedia&parent=9624"}],"wp:term":[{"taxonomy":"category","embeddable":true,"href":"http:\/\/marburg.news\/index.php?rest_route=%2Fwp%2Fv2%2Fcategories&post=9624"},{"taxonomy":"post_tag","embeddable":true,"href":"http:\/\/marburg.news\/index.php?rest_route=%2Fwp%2Fv2%2Ftags&post=9624"}],"curies":[{"name":"wp","href":"https:\/\/api.w.org\/{rel}","templated":true}]}}