{"id":9534,"date":"2022-05-16T15:34:48","date_gmt":"2022-05-16T13:34:48","guid":{"rendered":"http:\/\/marburg.news\/?p=9534"},"modified":"2022-05-16T15:34:48","modified_gmt":"2022-05-16T13:34:48","slug":"unterlassen-verursacher-meldete-unfall-in-wehrda-nicht","status":"publish","type":"post","link":"http:\/\/marburg.news\/?p=9534","title":{"rendered":"Unterlassen: Verursacher meldete Unfall in Wehrda nicht"},"content":{"rendered":"<p>Ein schwarzer Audi wurde von einem Unbekannten in der Mecklenburger Stra\u00dfe touchiert. Der Schaden liegt bei 400 Euro.<\/p>\n<p><!--more--><\/p>\n<p>Der linke Au\u00dfenspiegel des parkenden A6 wurde zwischen Freitag (13. Mai) nach 22 Uhr und Samstag (14. Mai) vor 9.30 Uhr besch\u00e4digt. Der Verursacher beging Unfallflucht.<\/p>\n<p>*pm: Polizei Marburg<\/p>\n","protected":false},"excerpt":{"rendered":"<p>Ein schwarzer Audi wurde von einem Unbekannten in der Mecklenburger Stra\u00dfe touchiert. Der Schaden liegt bei 400 Euro.<\/p>\n","protected":false},"author":13,"featured_media":0,"comment_status":"open","ping_status":"open","sticky":false,"template":"","format":"standard","meta":{"advanced_seo_description":"","spay_email":"","jetpack_publicize_message":"","jetpack_is_tweetstorm":false,"jetpack_publicize_feature_enabled":true},"categories":[6],"tags":[4032,16,34],"jetpack_featured_media_url":"","jetpack_publicize_connections":[],"jetpack_sharing_enabled":true,"jetpack_shortlink":"https:\/\/wp.me\/p8mhvd-2tM","jetpack-related-posts":[{"id":9613,"url":"http:\/\/marburg.news\/?p=9613","url_meta":{"origin":9534,"position":0},"title":"Verschwunden: Wieder zwei F\u00e4lle von Unfallflucht","date":"23. Mai 2022","format":false,"excerpt":"Der Au\u00dfenspiegel eines braunen Opel Meriva wurde am Freitag (20. Mai) besch\u00e4digt. Der Schaden d\u00fcrfte mehrere hundert Euro betragen. Zwischen 6.10 und 9 Uhr touchierte einn unbekanntes Auto den Meriva in der Jakob-Kaiser-Stra\u00dfe. Anstatt sich um den Schaden zu k\u00fcmmern, fl\u00fcchtete der Verursacher unerlaubt. Einen blauen Mercedes Viano touchierte ein\u2026","rel":"","context":"In &quot;Sonstiges&quot;","img":{"alt_text":"","src":"","width":0,"height":0},"classes":[]},{"id":18000,"url":"http:\/\/marburg.news\/?p=18000","url_meta":{"origin":9534,"position":1},"title":"Abgestelltes Auto: Unfallflucht auf Parkplatz beim Stadion","date":"14. Mai 2025","format":false,"excerpt":"Auf dem Parkplatz des Georg-Gassmann-Stadions an der Leopold-Lucas-Stra\u00dfe touchierte ein Auto am Montag (12. Mai) einen geparkten Seat. Anstatt sich um den Schaden von etwa 500 Euro zu k\u00fcmmern, entfernte sich der Verursacher unerlaubt. Besch\u00e4digt wurde der graue Seat Cupra dort zwischen 19.30 und 21 Uhr. Die Polizei Marburg sucht\u2026","rel":"","context":"In &quot;Sonstiges&quot;","img":{"alt_text":"","src":"","width":0,"height":0},"classes":[]},{"id":9648,"url":"http:\/\/marburg.news\/?p=9648","url_meta":{"origin":9534,"position":2},"title":"Autofahrerische Au\u00dfrei\u00dfer: Erneut zwei F\u00e4lle von Unfallflucht","date":"25. Mai 2022","format":false,"excerpt":"Einen blauen VW touchierte ein Unbekannter in der Jakob-Kaiser-Stra\u00dfe. Dabei vererursachte er einen Schaden von etwa 500 Euro. Der Polo parkte von Mittwoch (18. Mai) nach 18 Uhr bis Donnerstag (19. Mai) vor 20.30 Uh am rechten Fahrbahnrand in Richtung Dietrich-Bonhoeffer-Stra\u00dfe. Der Verursacher entfernte sich unerlaubt. Auf dem Edeka-Parkplatz Am\u2026","rel":"","context":"In &quot;Sonstiges&quot;","img":{"alt_text":"","src":"","width":0,"height":0},"classes":[]},{"id":9484,"url":"http:\/\/marburg.news\/?p=9484","url_meta":{"origin":9534,"position":3},"title":"Eingedellt: Zwei F\u00e4lle von Unfallflucht","date":"13. Mai 2022","format":false,"excerpt":"In der Lahnstra\u00dfe touchierte ein unbekannter Autofahrer einen geparkten Audi A8. Dabei verursachte er Sch\u00e4den von 1.000 Euro. Der Unfall passierte am Donnerstag (12. Mai) zwischen 2 und 19.30 Uhr. Der Verursacher entfernte sich unerlaubt. Sch\u00e4den von etwa 1.500 Euro an der Sto\u00dfstange eines geparkten Mercedes verursachte ein unbekannter Autofahrer\u2026","rel":"","context":"In &quot;Sonstiges&quot;","img":{"alt_text":"","src":"","width":0,"height":0},"classes":[]},{"id":15859,"url":"http:\/\/marburg.news\/?p=15859","url_meta":{"origin":9534,"position":4},"title":"Dreist abhauen: Weitere sechs F\u00e4lle von Unfallflucht","date":"24. Juni 2024","format":false,"excerpt":"Eine Unfallflucht auf dem Vitos-Gel\u00e4nde muss zwischen Mittwoch (14. Februar) und Sonntag (23. Juni)erfolgt sein. In diesem Zeitraum stand ein blauer Hyundai i30 auf dem G\u00e4ste-Parkplatz der Klinik an der Cappeler Stra\u00dfe. Vermutlich beim Ein- oder Ausparken prallte ein Auto gegen den vorderen Kotfl\u00fcgel auf der Fahrerseite des Wagens. An\u2026","rel":"","context":"In &quot;Sonstiges&quot;","img":{"alt_text":"","src":"","width":0,"height":0},"classes":[]},{"id":3596,"url":"http:\/\/marburg.news\/?p=3596","url_meta":{"origin":9534,"position":5},"title":"Erneute Unfallflucht: citroen auf Parkplatz in Wehrda besch\u00e4digt","date":"8. Mai 2019","format":false,"excerpt":"Hinten links stie\u00df ein Auto in Wehrda gegen einen roten Citroen. Danach fl\u00fcchtete der Verursacher. Der Unfall vor einem Mehrfamilienhaus an der Ernst-Lemmer-Stra\u00dfe passierte zwischen Sonntag (5. Mai) nach 21.45 Uhr und Montag (6. Mai) vor 10 Uhr. Bei dem Geschehen auf dem Parkplatz verursachte der Unbekannte einen Schaden von\u2026","rel":"","context":"In &quot;Sonstiges&quot;","img":{"alt_text":"","src":"","width":0,"height":0},"classes":[]}],"_links":{"self":[{"href":"http:\/\/marburg.news\/index.php?rest_route=\/wp\/v2\/posts\/9534"}],"collection":[{"href":"http:\/\/marburg.news\/index.php?rest_route=\/wp\/v2\/posts"}],"about":[{"href":"http:\/\/marburg.news\/index.php?rest_route=\/wp\/v2\/types\/post"}],"author":[{"embeddable":true,"href":"http:\/\/marburg.news\/index.php?rest_route=\/wp\/v2\/users\/13"}],"replies":[{"embeddable":true,"href":"http:\/\/marburg.news\/index.php?rest_route=%2Fwp%2Fv2%2Fcomments&post=9534"}],"version-history":[{"count":1,"href":"http:\/\/marburg.news\/index.php?rest_route=\/wp\/v2\/posts\/9534\/revisions"}],"predecessor-version":[{"id":9535,"href":"http:\/\/marburg.news\/index.php?rest_route=\/wp\/v2\/posts\/9534\/revisions\/9535"}],"wp:attachment":[{"href":"http:\/\/marburg.news\/index.php?rest_route=%2Fwp%2Fv2%2Fmedia&parent=9534"}],"wp:term":[{"taxonomy":"category","embeddable":true,"href":"http:\/\/marburg.news\/index.php?rest_route=%2Fwp%2Fv2%2Fcategories&post=9534"},{"taxonomy":"post_tag","embeddable":true,"href":"http:\/\/marburg.news\/index.php?rest_route=%2Fwp%2Fv2%2Ftags&post=9534"}],"curies":[{"name":"wp","href":"https:\/\/api.w.org\/{rel}","templated":true}]}}