{"id":9106,"date":"2022-03-28T13:00:09","date_gmt":"2022-03-28T11:00:09","guid":{"rendered":"http:\/\/marburg.news\/?p=9106"},"modified":"2022-03-28T13:17:07","modified_gmt":"2022-03-28T11:17:07","slug":"ausgeschrieben-vorschlaege-zum-ubbelohde-preis-bis-15-april","status":"publish","type":"post","link":"http:\/\/marburg.news\/?p=9106","title":{"rendered":"Ausgeschrieben: Vorschl\u00e4ge zum Ubbelohde-Preis bis 15. April"},"content":{"rendered":"<p>Den Otto-Ubbelohde-Preis verleiht Der Landkreis Marburg-Biedenkopf auch 2022 wieder. Er ist die h\u00f6chste Kulturauszeichnung des Kreises.<br \/>\n<!--more--><br \/>\nMit diesem Preis zeichnet der Kreis Einzelpersonen, Gruppen oder Vereine aus dem Landkreis f\u00fcr vielf\u00e4ltiges Engagement auf dem Kultursektor aus. Verliehen wird er im Herbst.<br \/>\nBis zu drei Auszeichnungen werden j\u00e4hrlich vergeben, die jeweils mit Geldbetr\u00e4gen von 1.000 Euro verbunden sein k\u00f6nnen. Eine Jury entscheidet \u00fcber die Preisvergabe.<br \/>\nDie Bewerbungsfrist l\u00e4uft noch bis Freitag (15. April). Der Kreis freut sich insbesondere \u00fcber Bewerbungen von Frauen.<br \/>\n\u201eKultur ist ein wichtiger Bestandteil unseres Lebens in der Region und es gibt ein vielf\u00e4ltiges kulturelles Angebot, das meist ehrenamtlich getragen ist&#8220;, erkl\u00e4rte der Erste Kreisbeigeordnete Marian Zachow. &#8222;Das ist ein wertvolles Gut. Kultur hilft auch dabei, sich noch besser mit unserem Kreis und unseren St\u00e4dten und Gemeinden identifizieren zu k\u00f6nnen&#8220;.<br \/>\nZudem ist der Ubbelohde-Preis bei den Kulturschaffenden auch eine sehr begehrte Auszeichnung. Auff\u00e4llig ist, dass in jedem Jahr die Anzahl der Frauen, die sich um den Preis bewerben, geringer ist im Verh\u00e4ltnis zur Anzahl der m\u00e4nnlichen Bewerber.<br \/>\nZachow ist davon \u00fcberzeugt, dass sich ebenso viele Frauen wie M\u00e4nner im Kunst- und Kulturbereich engagieren und dabei sehr gute und vorbildliche Arbeit leisten. Er ruft daher besonders Frauen aus dem Kulturbereich auf, sich um diesen Preis zu bewerben.<br \/>\nSelbstverst\u00e4ndlich gilt dieser Aufruf aber auch f\u00fcr Gruppen, Vereine und M\u00e4nner. Personen oder Gruppen k\u00f6nnen sich selbst bewerben oder von anderen vorgeschlagen werden.<br \/>\nMit der Verleihung des Preises wollen Kreistag und Kreisausschuss das Bewusstsein f\u00fcr die Erhaltung und Pflege der heimischen Kunst, der Geschichte und des Brauchtums st\u00e4rken. Ausgezeichnet werden kann die Leistung jeder Einwohnerin beziehungsweise jedes Einwohners oder Besch\u00e4ftigten innerhalb des Landkreises Marburg-Biedenkopf. Dar\u00fcber hinaus k\u00f6nnen auch juristische Personen, Personengruppen, Arbeitsgemeinschaften, Vereine oder Institutionen aus dem Kreis den Preis erhalten.<br \/>\nDer K\u00fcnstler und Kulturpfleger Otto Ubbelohde starb vor 100 Jahren am 8. Mai 1922. Der nach ihm benannte Preis wird f\u00fcr besondere Leistungen in den Bereichen \u201eKunst\u201c, \u201eHeimatgeschichte\u201c, \u201ePflege des heimischen Brauchtums\u201c, \u201eBesch\u00e4ftigung mit dem Werk Ubbelohdes\u201c sowie mit der \u201eDenkmalpflege\u201c ausgelobt. Die Jury w\u00fcrdigt vor allem das ehrenamtliche Engagement sowie die k\u00fcnstlerische Auseinandersetzung mit der Marburger Region.<br \/>\nBewerbungen k\u00f6nnen unter dem Stichwort \u201eOtto-Ubbelohde-Preis\u201c bis zum 15. April 2022 an folgende Adresse eingereicht werden:<br \/>\nWeiter Informationen finden Interessierte unter: <a href=\"https:\/\/www.marburg-biedenkopf.de\/bildung_und_freizeit\/kultur\/otto-ubbelohde.php\">https:\/\/www.marburg-biedenkopf.de\/bildung_und_freizeit\/kultur\/otto-ubbelohde.php<\/a><\/p>\n<p> * pm: Landkeis Marburg-Biedenkopf<\/p>\n","protected":false},"excerpt":{"rendered":"<p>Den Otto-Ubbelohde-Preis verleiht Der Landkreis Marburg-Biedenkopf auch 2022 wieder. Er ist die h\u00f6chste Kulturauszeichnung des Kreises.<\/p>\n","protected":false},"author":9,"featured_media":0,"comment_status":"open","ping_status":"open","sticky":false,"template":"","format":"standard","meta":{"advanced_seo_description":"","spay_email":"","jetpack_publicize_message":"","jetpack_is_tweetstorm":false,"jetpack_publicize_feature_enabled":true},"categories":[3],"tags":[67,125,2551],"jetpack_featured_media_url":"","jetpack_publicize_connections":[],"jetpack_sharing_enabled":true,"jetpack_shortlink":"https:\/\/wp.me\/p8mhvd-2mS","jetpack-related-posts":[{"id":17665,"url":"http:\/\/marburg.news\/?p=17665","url_meta":{"origin":9106,"position":0},"title":"Ausgeschrieben: Kreis vergibt Otto-Ubbelohde-Preis 2025","date":"13. M\u00e4rz 2025","format":false,"excerpt":"Landrat jens Womelsdorf ruft zu Bewerbungen f\u00fcr den Otto-Ubbelohde-Preis auf. Der Kreis vergibt die begehrte Kulturauszeichnung auch 2025 wieder. Der Landkreis Marburg-Biedenkopf vergibt auch in diesem Jahr den Otto-Ubbelohde-Preis. Er ist die h\u00f6chste Kulturauszeichnung des Kreises. Bewerbungen sind bis Dienstag (15. April) m\u00f6glich. Der Kreis freut sich insbesondere auch \u00fcber\u2026","rel":"","context":"In &quot;Kultur&quot;","img":{"alt_text":"","src":"","width":0,"height":0},"classes":[]},{"id":8561,"url":"http:\/\/marburg.news\/?p=8561","url_meta":{"origin":9106,"position":1},"title":"Bis 19. April: Vorschl\u00e4ge f\u00fcr Otto-Ubbelohde-Preis","date":"15. Januar 2022","format":false,"excerpt":"Der Kreis schreibt wieder seinen Otto-Ubbelohde-Preis aus. Bewerbungen f\u00fcr den Kulturpreis sind bis Dienstag (19. April) m\u00f6glich. Der Landkreis Marburg-Biedenkopf zeichnet auch in diesem Jahr besondere Leistungen im Kulturbereich mit dem Otto-Ubbelohde-Preis aus. Der h\u00f6chste Kulturpreis des Kreises ist mit 1.000 Euro je Preistr\u00e4ger dotiert. Bewerbungen sind bis Dienstag (\u2026","rel":"","context":"In &quot;Kultur&quot;","img":{"alt_text":"","src":"","width":0,"height":0},"classes":[]},{"id":19714,"url":"http:\/\/marburg.news\/?p=19714","url_meta":{"origin":9106,"position":2},"title":"Kulturpreis des Kreises: Bewerbungen noch bis 15. April m\u00f6glich","date":"16. M\u00e4rz 2026","format":false,"excerpt":"Bewerbungen f\u00fcr den Otto-Ubbelohde-Preis sind noch bis Mittwoch (15. April) m\u00f6glich. Der Kreis ruft insbesondere Frauen zur Bewerbung f\u00fcr den Kultur-Preis auf. Der Landkreis Marburg-Biedenkopf vergibt auch in diesem Jahr wieder den Otto-Ubbelohde-Preis. Die Bewerbungsfrist l\u00e4uft noch bis zum 15. April 2026. Der Kreis freut sich insbesondere auch \u00fcber Bewerbungen\u2026","rel":"","context":"In &quot;Kultur&quot;","img":{"alt_text":"","src":"","width":0,"height":0},"classes":[]},{"id":14830,"url":"http:\/\/marburg.news\/?p=14830","url_meta":{"origin":9106,"position":3},"title":"H\u00f6chst begehrt: Kreis schreibt Otto-Ubbelohde-Preis aus","date":"30. Januar 2024","format":false,"excerpt":"Der Kreis sucht Preistr\u00e4gerinnen und Preistr\u00e4ger f\u00fcr den Otto-Ubbelohde-Preis. Bewerbungen nimmt er bis Montag (15. April) entgegen. Der Landkreis Marburg-Biedenkopf vergibt auch in diesem Jahr den begehrten Otto-Ubbelohde-Preis. Bis zum 15. April 2024 besteht f\u00fcr Interessierte die M\u00f6glichkeit, sich f\u00fcr die h\u00f6chste Auszeichnung des Kreises f\u00fcr den Kulturbereich zu bewerben.\u2026","rel":"","context":"In &quot;Kultur&quot;","img":{"alt_text":"","src":"","width":0,"height":0},"classes":[]},{"id":15247,"url":"http:\/\/marburg.news\/?p=15247","url_meta":{"origin":9106,"position":4},"title":"Brauchtum Bewerbung: Kreis schreibt Otto-Ubbelohde-Preis 2024 aus","date":"20. M\u00e4rz 2024","format":false,"excerpt":"Eine Bewerbung f\u00fcr den Otto-Ubbelohde-Preis ist noch bis Samstag (20. April) m\u00f6glich. Der Kreis ruft insbesondere auch Frauen zur Bewerbung f\u00fcr begehrten Kultur-Preis auf. Der Landkreis Marburg-Biedenkopf vergibt auch in diesem Jahr den Otto-Ubbelohde-Preis. Die begehrte Kultur-Auszeichnung wird im Herbst 2024 vergeben. Die Bewerbungsfrist l\u00e4uft noch bis Samstag (20. April).\u2026","rel":"","context":"In &quot;Kultur&quot;","img":{"alt_text":"","src":"","width":0,"height":0},"classes":[]},{"id":11644,"url":"http:\/\/marburg.news\/?p=11644","url_meta":{"origin":9106,"position":5},"title":"Gro\u00dftat des Jahres: Vorschl\u00e4ge f\u00fcr Otto-Ubbelohde-Preis bis 15. April","date":"10. Januar 2023","format":false,"excerpt":"Der Kreis lobt wieder seinen begehrten Kulturpreis aus. Bewerbungen f\u00fcr den Otto-Ubbelohde-Preis sind bis Samstag (15. April) m\u00f6glich. Der Landkreis Marburg-Biedenkopf sucht auch in diesem Jahr wieder Preistr\u00e4gerinnen und Preistr\u00e4ger des Otto-Ubbelohde-Preises. Die begehrte Kultur-Auszeichnung wird im Laufe des Jahres vergeben. Die Bewerbungsfrist l\u00e4uft noch bis zum 15. April 2023.\u2026","rel":"","context":"In &quot;Kultur&quot;","img":{"alt_text":"","src":"","width":0,"height":0},"classes":[]}],"_links":{"self":[{"href":"http:\/\/marburg.news\/index.php?rest_route=\/wp\/v2\/posts\/9106"}],"collection":[{"href":"http:\/\/marburg.news\/index.php?rest_route=\/wp\/v2\/posts"}],"about":[{"href":"http:\/\/marburg.news\/index.php?rest_route=\/wp\/v2\/types\/post"}],"author":[{"embeddable":true,"href":"http:\/\/marburg.news\/index.php?rest_route=\/wp\/v2\/users\/9"}],"replies":[{"embeddable":true,"href":"http:\/\/marburg.news\/index.php?rest_route=%2Fwp%2Fv2%2Fcomments&post=9106"}],"version-history":[{"count":2,"href":"http:\/\/marburg.news\/index.php?rest_route=\/wp\/v2\/posts\/9106\/revisions"}],"predecessor-version":[{"id":9108,"href":"http:\/\/marburg.news\/index.php?rest_route=\/wp\/v2\/posts\/9106\/revisions\/9108"}],"wp:attachment":[{"href":"http:\/\/marburg.news\/index.php?rest_route=%2Fwp%2Fv2%2Fmedia&parent=9106"}],"wp:term":[{"taxonomy":"category","embeddable":true,"href":"http:\/\/marburg.news\/index.php?rest_route=%2Fwp%2Fv2%2Fcategories&post=9106"},{"taxonomy":"post_tag","embeddable":true,"href":"http:\/\/marburg.news\/index.php?rest_route=%2Fwp%2Fv2%2Ftags&post=9106"}],"curies":[{"name":"wp","href":"https:\/\/api.w.org\/{rel}","templated":true}]}}