{"id":8876,"date":"2022-03-03T08:10:12","date_gmt":"2022-03-03T07:10:12","guid":{"rendered":"http:\/\/marburg.news\/?p=8876"},"modified":"2022-03-03T08:10:12","modified_gmt":"2022-03-03T07:10:12","slug":"nachfolge-von-fruendt-carola-carius-tritt-fuer-die-gruenen-an","status":"publish","type":"post","link":"http:\/\/marburg.news\/?p=8876","title":{"rendered":"Nachfolge von Fr\u00fcndt: Carola Carius tritt f\u00fcr Die Gr\u00fcnen an"},"content":{"rendered":"<p>Carola Carius ist die Kandidatin der GR\u00dcNEN f\u00fcr die Landratswahl 2022. Die 57-j\u00e4hrige Ingenieurin aus C\u00f6lbe wurde auf der Mitgliedsversammlung einstimmig gew\u00e4hlt. <!--more--><br \/>\nDie Gr\u00fcnen Marburg-Biedenkopf schicken Carola Carius ins Rennen um die Nachfolge der <a href=\"http:\/\/marburg.news\/?p=8598\">verstorbenen Landr\u00e4tin Kirsten Fr\u00fcndt<\/a>. Die Mitgliederversammlung des Kreisverbands k\u00fcrte die 57-j\u00e4hrige Diplomingenieurin aus C\u00f6lbe-Sch\u00f6nstadt am Dienstag (1. M\u00e4rz) zur gr\u00fcnen Kandidatin f\u00fcr die Landr\u00e4tinnenwahl am 15. Mai. Das Votum fiel einstimmig aus.<br \/>\nZuvor hatte Carius in ihrer Bewerbungsrede die Mitglieder auf einen intensiven Wahlkampf eingeschworen. &#8222;Es wird nicht leicht, die Aufmerksamkeit der Mitb\u00fcrgerinnen und Mitb\u00fcrger in so schwierigen Zeiten f\u00fcr die Zukunftsthemen des Landkreises zu gewinnen&#8220;, sagte sie mit Blick auf den Krieg in der Ukraine. &#8222;Lasst uns unsere Kr\u00e4fte b\u00fcndeln und mutig und tatkr\u00e4ftig in die Zukunft schauen. Lasst uns jedes Dorf, jede Stadt, jede Kommune des Landkreises begeistern und st\u00e4rken. Wir brauchen die ganze Bev\u00f6lkerung, dann schaffen wir den Aufbruch.&#8220;<br \/>\nIm B\u00fcrgerhaus Wetter skizzierte die Kandidatin drei Schwerpunkte, die f\u00fcr diesen Aufbruch notwendig sind: Zun\u00e4chst war ihr wichtig, dass die Menschen im Landkreis sowohl in der Stadt als auch auf dem Land gut gemeinsam leben k\u00f6nnen. &#8222;Als Landr\u00e4tin m\u00f6chte ich mich daf\u00fcr einsetzen, traditionelles gesellschaftliches Leben in St\u00e4dten und Gemeinden wieder aufbl\u00fchen zu lassen und &#8211; wo der Boden daf\u00fcr bereitet ist &#8211; dieses Leben mit neuen und jungen Ideen zu bereichern.&#8220;<br \/>\nGute funktionierende Infrastruktur sei ihr nicht nur f\u00fcr Erwerbsarbeit auf dem Land wichtig, sondern auch als Garant f\u00fcr eine gute Versorgung und Betreuung von Familien mit Kindern. &#8222;Faire Chancen auch f\u00fcr Benachteiligte&#8220; hat sich Carius in ihr Pflichtenheft als k\u00fcnftige Landr\u00e4tin geschrieben. Ganz besonders in der Coronapandemie h\u00e4tten Kinder aus schwierigeren Verh\u00e4ltnissen in der Schule Nachteile erfahren, die es zu \u00fcberwinden gelte, sagte die Mutter von zwei erwachsenen Kindern.<br \/>\nF\u00fcr Seniorinnen und Senioren wolle sie stetig angepasste Hilfe entwickeln und Familien Unterst\u00fctzung bieten, etwa wenn sie Angeh\u00f6rige zu Hause pflegen. Einen weiteren Schwerpunkt will Carius auf die Energie- und Verkehrswende im Landkreis legen. Die Abh\u00e4ngigkeit von Erd\u00f6l und Erdgas m\u00fcsse endlich \u00fcberwunden werden, betonte sie.<br \/>\n&#8222;Das vermeidet Erpressbarkeit beim Energiebezug, dient dem Klimaschutz und schafft regionale Wertsch\u00f6pfung, wenn wir unsere eigene Energie erzeugen&#8220;, erl\u00e4uterte Carius. Der Weg hin zu 100 Prozent erneuerbarer Energie k\u00f6nne und werde f\u00fcr Marburg-Biedenkopf zum Beispiel beim Strom nur \u00fcber den Ausbau der Windkraft und der Photovoltaik gelingen.<br \/>\nDamit die Verkehrswende gelingt, m\u00fcsse ein integratives Verkehrskonzept f\u00fcr den ganzen Landkreis entwickelt werden: &#8222;Dabei m\u00fcssen wir die vorhandenen, guten Initiativen einbinden und ganzheitlich planen. Die Instrumente und F\u00f6rdermittel, zum Beispiel f\u00fcr den Radwegebau, haben wir &#8211; sie m\u00fcssen endlich zusammen gedacht werden.&#8220;<br \/>\nMit Carius setzten die Menschen in Marburg-Biedenkopf auf genau die Richtige, betonte Wissenschaftsministerin Angela Dorn in ihrer Unterst\u00fctzungsrede bei der Versammlung: &#8222;Sie zeigt eine klare demokratische Haltung, verf\u00fcgt \u00fcber die fachliche Erfahrung und die n\u00f6tige Erdung und bringt die Leidenschaft f\u00fcr die politischen Themen mit.&#8220;<br \/>\nDer ehemalige erste Kreisbeigeordnete Dr. Kasten McGovern sieht in Carius die Person, die die Herausforderungen des Landkreises meistern und die Menschen begeistern k\u00f6nne: &#8222;Carola kann zupacken und zusammenbringen. Sie ist f\u00fchrungsstark und wird auch in der Verwaltung den richtigen Ton treffen. Ideale Voraussetzungen, um dem Hickhack der Groko Paroli zu bieten.&#8220;<br \/>\nCarius ist Diplom-Ingenieurin und arbeitet seit 2014 im Referat I6 &#8222;Energiepolitik, Erneuerbare Energien, innovative Energietechnologie&#8220; im Hessischen Wirtschaftsministerium in Wiesbaden. Einer ihrer Arbeitsschwerpunkte dort ist, die Geothermie als Technologie f\u00fcr die W\u00e4rmewende in Hessen voran zu bringen. Davor sammelte sie wertvolle Erfahrungen unter anderem in der Stabsstelle Entwicklung L\u00e4ndlicher Raum beim Regierungspr\u00e4sidium Gie\u00dfen.<br \/>\nCarius blickt als Ex-Mitglied im C\u00f6lber Gemeindeparlament und als ehemalige Ortsvorsteherin von Sch\u00f6nstadt auf eine gleicherma\u00dfen reichhaltige wie erfolgreiche kommunalpolitische T\u00e4tigkeit zur\u00fcck. Auch bei einem Nahw\u00e4rme-<br \/>\nund einem Dorfladenprojekt in der Kommune bewies sie, dass sie gemeinwohlorientiert denkt und Menschen zusammenbringen kann. Im Oktober 2018 trat Carius als unabh\u00e4ngige Kandidatin bei der B\u00fcrgermeisterwahl in C\u00f6lbe an.<\/p>\n<p>* pm: Die Gr\u00fcnen Marburg-Biedenkopf<\/p>\n","protected":false},"excerpt":{"rendered":"<p>Carola Carius ist die Kandidatin der GR\u00dcNEN f\u00fcr die Landratswahl 2022. Die 57-j\u00e4hrige Ingenieurin aus C\u00f6lbe wurde auf der Mitgliedsversammlung einstimmig gew\u00e4hlt.<\/p>\n","protected":false},"author":2,"featured_media":0,"comment_status":"closed","ping_status":"open","sticky":false,"template":"","format":"standard","meta":{"advanced_seo_description":"","spay_email":"","jetpack_publicize_message":"","jetpack_is_tweetstorm":false,"jetpack_publicize_feature_enabled":true},"categories":[2],"tags":[3838,2677,2088],"jetpack_featured_media_url":"","jetpack_publicize_connections":[],"jetpack_sharing_enabled":true,"jetpack_shortlink":"https:\/\/wp.me\/p8mhvd-2ja","jetpack-related-posts":[{"id":8812,"url":"http:\/\/marburg.news\/?p=8812","url_meta":{"origin":8876,"position":0},"title":"Nachfolge von Fr\u00fcndt: Carola Carius will Landr\u00e4tin werden","date":"18. Februar 2022","format":false,"excerpt":"Carola Carius soll bei der Landratswahl am Sonntag (15. Mai) f\u00fcr Die Gr\u00fcnen antreten. Daf\u00fcr hat der Parteivorstand sie am Dienstag (15. Februar) nominiert. Die Diplom-Ingenieurin aus C\u00f6lbe-Sch\u00f6nstadt bringe fundierte Kompetenzen f\u00fcr das Amt im Kreishaus mit. Nach intensiven Beratungen mit der Kreistagsfraktion und vielen Gespr\u00e4chen innerhalb der Mitgliedschaft hat\u2026","rel":"","context":"In &quot;Politik&quot;","img":{"alt_text":"","src":"","width":0,"height":0},"classes":[]},{"id":9243,"url":"http:\/\/marburg.news\/?p=9243","url_meta":{"origin":8876,"position":1},"title":"Aktiv vor Ort: Carola Carius will Landr\u00e4tin werden","date":"20. April 2022","format":false,"excerpt":"Der l\u00e4ndliche Raum ist ein Themenschwerpunkt von Carola Carius. Damit kandidiert sie zur Wahl am Sonntag (15. Mai) als Landr\u00e4tin. F\u00fcr die Entwicklung des l\u00e4ndlichen Raums war Carius auch hauptberuflich im Regierungspr\u00e4sidium (RP) Gie\u00dfen t\u00e4tig, bevor sie 2014 ins Hessische Wirtschaftsministerium wechselte. Dort hat sie sich vorrangig mit erneuerbaren Energien\u2026","rel":"","context":"In &quot;Politik&quot;","img":{"alt_text":"Carola Carius","src":"https:\/\/i0.wp.com\/marburg.news\/wp-content\/uploads\/2022\/04\/Carola-Carius.jpg?fit=1200%2C1200&resize=350%2C200","width":350,"height":200},"classes":[]},{"id":9244,"url":"http:\/\/marburg.news\/?p=9244","url_meta":{"origin":8876,"position":2},"title":"Aktiv vor Ort: Carola Carius will Landr\u00e4tin werden","date":"20. April 2022","format":false,"excerpt":"Der l\u00e4ndliche Raum ist ein Themenschwerpunkt von Carola Carius. Damit kandidiert sie zur Wahl am Sonntag (15. Mai) als Landr\u00e4tin. F\u00fcr die Entwicklung des l\u00e4ndlichen Raums war Carius auch hauptberuflich im Regierungspr\u00e4sidium (RP) Gie\u00dfen t\u00e4tig, bevor sie 2014 ins Hessische Wirtschaftsministerium wechselte. Dort hat sie sich vorrangig mit erneuerbaren Energien\u2026","rel":"","context":"In &quot;Politik&quot;","img":{"alt_text":"","src":"","width":0,"height":0},"classes":[]},{"id":9544,"url":"http:\/\/marburg.news\/?p=9544","url_meta":{"origin":8876,"position":3},"title":"Gew\u00e4hlt: Gr\u00fcne zufrieden mit Platz 3","date":"17. Mai 2022","format":false,"excerpt":"Zufrieden blicken Die Gr\u00fcnen auf das Ergebnis der Landratswahlam Sonntag (15. Mai). Fast 20 Prozent seien ein toller Erfolg. Die GR\u00dcNEN Marburg-Biedenkopf haben ein positives Fazit der Landratswahl gezogen. Ihre Kandidatin Carola Carius aus C\u00f6lbe-Sch\u00f6nstadt erhielt am Sonntag (15. Mai) 19,55 Prozent der abgegebenen Stimmen. Damit verpassten die GR\u00dcNEN zwar\u2026","rel":"","context":"In &quot;Politik&quot;","img":{"alt_text":"Carola Carius","src":"https:\/\/i0.wp.com\/marburg.news\/wp-content\/uploads\/2022\/04\/Carola-Carius.jpg?fit=1200%2C1200&resize=350%2C200","width":350,"height":200},"classes":[]},{"id":8972,"url":"http:\/\/marburg.news\/?p=8972","url_meta":{"origin":8876,"position":4},"title":"Demokratisch und beweglich: Sieben Kandidierende zur Landratswahl zugelassen","date":"18. M\u00e4rz 2022","format":false,"excerpt":"Der Wahlausschuss hat alle sieben Kandidaten zur Landratswahl zugelassen. Das hat der Kreis am Freitag (18. M\u00e4rz) mitgeteilt. Der Wahlausschuss des Landkreises hat in seiner Sitzung am Freitag (18. M\u00e4rz) alle sieben eingereichten Vorschl\u00e4ge zur Wahl eines neuen Landrats oder einer neuen Landr\u00e4tin zugelassen. Das Votum des Gremiums fiel einstimmig\u2026","rel":"","context":"In &quot;Politik&quot;","img":{"alt_text":"","src":"","width":0,"height":0},"classes":[]},{"id":9680,"url":"http:\/\/marburg.news\/?p=9680","url_meta":{"origin":8876,"position":5},"title":"Marburger Mutma\u00dfungen: Wer wird Nachfolger von Kirsten Fr\u00fcndt","date":"28. Mai 2022","format":false,"excerpt":"Der zweite Wahlgang der Landratswahl findet am Sonntag (29. Mai) statt. Die Wahllokale sind von 8 bis 18 Uhr ge\u00f6ffnet. In der Stichwahl um das Amt des Landrats im Kreis Marburg-Biedenkopf stehen der Erste Kreisbeigeordnete Marian Zachow von der CDU und Jens Womelsdorf von der SPD. Im ersten wahlgang am\u2026","rel":"","context":"In &quot;Politik&quot;","img":{"alt_text":"","src":"","width":0,"height":0},"classes":[]}],"_links":{"self":[{"href":"http:\/\/marburg.news\/index.php?rest_route=\/wp\/v2\/posts\/8876"}],"collection":[{"href":"http:\/\/marburg.news\/index.php?rest_route=\/wp\/v2\/posts"}],"about":[{"href":"http:\/\/marburg.news\/index.php?rest_route=\/wp\/v2\/types\/post"}],"author":[{"embeddable":true,"href":"http:\/\/marburg.news\/index.php?rest_route=\/wp\/v2\/users\/2"}],"replies":[{"embeddable":true,"href":"http:\/\/marburg.news\/index.php?rest_route=%2Fwp%2Fv2%2Fcomments&post=8876"}],"version-history":[{"count":0,"href":"http:\/\/marburg.news\/index.php?rest_route=\/wp\/v2\/posts\/8876\/revisions"}],"wp:attachment":[{"href":"http:\/\/marburg.news\/index.php?rest_route=%2Fwp%2Fv2%2Fmedia&parent=8876"}],"wp:term":[{"taxonomy":"category","embeddable":true,"href":"http:\/\/marburg.news\/index.php?rest_route=%2Fwp%2Fv2%2Fcategories&post=8876"},{"taxonomy":"post_tag","embeddable":true,"href":"http:\/\/marburg.news\/index.php?rest_route=%2Fwp%2Fv2%2Ftags&post=8876"}],"curies":[{"name":"wp","href":"https:\/\/api.w.org\/{rel}","templated":true}]}}