{"id":8666,"date":"2022-01-28T12:44:15","date_gmt":"2022-01-28T11:44:15","guid":{"rendered":"http:\/\/marburg.news\/?p=8666"},"modified":"2022-01-28T12:44:15","modified_gmt":"2022-01-28T11:44:15","slug":"nach-durchbruch-16-weitere-soldaten-beim-gesundheitsamt","status":"publish","type":"post","link":"http:\/\/marburg.news\/?p=8666","title":{"rendered":"Nach Durchbruch: 16 weitere Soldaten beim Gesundheitsamt"},"content":{"rendered":"<p>Fallschirmj\u00e4ger aus Stadtallendorf unterst\u00fctzen das Gesundheitsamt. Die Bundeswehr hilft bei der Ermittlung von Kontaktpersonen und beim Impfangebot. <!--more--><br \/>\nSeit Freitag (28. Januar) unterst\u00fctzen 16 Soldatinnen und Soldaten der Stabs- und Fernmeldekompanie der &#8222;Division Schnelle Kr\u00e4fte&#8220; (DSK) aus Stadtallendorf das Kreisgesundheitsamt bei der Kontaktpersonennachverfolgung. Die &#8222;Omikron&#8220;-Variante f\u00fchrt insgesamt &#8211; und damit nach wie vor auch <a href=\"http:\/\/marburg.news\/?p=8663\">im Landkreis Marburg-Biedenkopf &#8211; zu sehr hohen Fallzahlen<\/a>. &#8222;Das stellt sich ganz konkret beim Arbeitsaufkommen bei der Ermittlung von m\u00f6glichen Kontaktpersonen dar.<br \/>\n&#8222;Mit ihrem Einsatz unterst\u00fctzen sie die Mitarbeitenden im Gesundheitsamt und der bereits aus anderen Teilen der Kreisverwaltung zusammengezogenen Fallermittlungsteams bei der Erf\u00fcllung dieser nach wie vor wichtigen Aufgabe&#8220;, sagte der Erste Kreisbeigeordnete Marian Zachow anl\u00e4sslich der Begr\u00fc\u00dfung der Soldatinnen und Soldaten am Freitagmorgen. Dementsprechend freue er sich &#8222;sehr \u00fcber die kurzfristig gew\u00e4hrte weitere Unterst\u00fctzung durch die Bundeswehr&#8220;. Auch die Verwaltung der Universit\u00e4tsstadt Marburg habe ein Team von eigenen Mitarbeitenden zur Unterst\u00fctzung entsandt.<br \/>\n&#8222;Die meisten von uns waren schon an unterschiedlichen Orten in Hessen und anderswo in unterschiedlichen Bereichen im Einsatz&#8220;, berichtete Stabsunteroffizier Martin Schreiter, der die Gruppe Soldatinnen und Soldaten vor Ort f\u00fchrt. &#8222;Andere sind neu dabei. Allesamt freuen wir uns jedenfalls, unseren Beitrag zur Bek\u00e4mpfung der Pandemie nun auch hier in unserem Landkreis leisten zu k\u00f6nnen.&#8220;<br \/>\nNeben den 16 Soldatinnen und Soldaten der &#8222;Division Schnelle Kr\u00e4fte&#8220; unterst\u00fctzen bereits seit einiger Zeit vier weitere Soldaten des J\u00e4gerbataillon 1 aus Schwarzenborn das Impfangebot des Landkreises. Damit waren bislang insgesamt fast 200 Soldatinnen und Soldaten der Bundeswehr im Rahmen der Pandemie-Bek\u00e4mpfung im Landkreis eingesetzt.<br \/>\nNeben Soldatinnen und Soldaten der &#8222;Division Schnelle Kr\u00e4fte&#8220; (DSK) in Stadtallendorf und Schwarzenborn waren auch Angeh\u00f6rige von Einheiten aus Fritzlar sowie auch aus dem nieders\u00e4chsischen Holzminden, Koblenz in Rheinland Pfalz und Niederst\u00e4tten in Baden-W\u00fcrttemberg eingesetzt. &#8222;Ob beim Durchf\u00fchren von Abstrichen, bei der Nachverfolgung von Kontaktpersonen, bei der Schulung zur Nutzung neuer Software oder eben beim Impfen: die Bundeswehr war und ist da, wenn wir sie brauchen&#8220;, freute sich Zachow \u00fcber die Unterst\u00fctzung f\u00fcr die Menschen in Marburg-Biedenkopf.<\/p>\n<p>* pm: Landkreis Marburg-Biedenkopf<\/p>\n","protected":false},"excerpt":{"rendered":"<p>Fallschirmj\u00e4ger aus Stadtallendorf unterst\u00fctzen das Gesundheitsamt. Die Bundeswehr hilft bei der Ermittlung von Kontaktpersonen und beim Impfangebot.<\/p>\n","protected":false},"author":2,"featured_media":0,"comment_status":"closed","ping_status":"open","sticky":false,"template":"","format":"standard","meta":{"advanced_seo_description":"","spay_email":"","jetpack_publicize_message":"","jetpack_is_tweetstorm":false,"jetpack_publicize_feature_enabled":true},"categories":[2,4],"tags":[2864,2310,3729],"jetpack_featured_media_url":"","jetpack_publicize_connections":[],"jetpack_sharing_enabled":true,"jetpack_shortlink":"https:\/\/wp.me\/p8mhvd-2fM","jetpack-related-posts":[{"id":5949,"url":"http:\/\/marburg.news\/?p=5949","url_meta":{"origin":8666,"position":0},"title":"Kampf egen Corona: Landkreis meldet zehnten Corona-Toten","date":"3. November 2020","format":false,"excerpt":"34 Neuinfektionen hat das Gesundheitsamt Marburg am Dienstag (3. November) registriert. Die Inzidenz berechnet es jetzt mit 229,1. Die Zahl der Corona-Neuinfektionen im Landkreis Marburg-Biedenkopf ist im Vergleich zum Vortag um 34 auf 1.945 gestiegen. Im Zusammenhang mit einer Corona-Infektion ist zudem eine weitere Person gestorben. Am Dienstag (3. November)\u2026","rel":"","context":"In &quot;Politik&quot;","img":{"alt_text":"","src":"","width":0,"height":0},"classes":[]},{"id":6524,"url":"http:\/\/marburg.news\/?p=6524","url_meta":{"origin":8666,"position":1},"title":"Unter Soldaten: Inzidenz im Kreis weiter gesunken","date":"11. Februar 2021","format":false,"excerpt":"21 Corona-Neuinfektionen innerhalb eines Tages senken die Inzidenz im Landkreis auf 42,2 ab. Zwei weitere Todesf\u00e4lle mahnen jedoch zur Vorsicht. Die Gesamtzahl der seit M\u00e4rz 2020 best\u00e4tigten Corona-Infektionen liegt damit bei 6.314. 20 Betroffene wurden am Donnerstag (11. Februar) station\u00e4r im Krankenhaus behandelt. Am Mittwoch (10. Februar) waren noch 22\u2026","rel":"","context":"In &quot;Politik&quot;","img":{"alt_text":"","src":"","width":0,"height":0},"classes":[]},{"id":5905,"url":"http:\/\/marburg.news\/?p=5905","url_meta":{"origin":8666,"position":2},"title":"Infektionsschutz der Zukunft: Onlineplattform erfasst Corona-F\u00e4lle","date":"26. Oktober 2020","format":false,"excerpt":"Die Zahl der Corona-Neuinfektionen im Landkreis ist im Vergleich zum Vortag um zw\u00f6lf auf 1.273 gestiegen. Die Inzidenz liegt nun bei 189. 17 Betroffene werden station\u00e4r im Krankenhaus behandelt. Das ist eine Person weniger als am Sonntag (25. Oktober). Drei Personen ben\u00f6tigen weiterhin intensivmedizinische Betreuung. Das Gesundheitsamt Marburg betreut 506\u2026","rel":"","context":"In &quot;Politik&quot;","img":{"alt_text":"","src":"","width":0,"height":0},"classes":[]},{"id":5943,"url":"http:\/\/marburg.news\/?p=5943","url_meta":{"origin":8666,"position":3},"title":"Kreis und Krise: Ab Dienstag hilft die Bundeswehr","date":"2. November 2020","format":false,"excerpt":"32 Corona-Neuinfektionen hat das Gesundheitsamt Marburg am Montag (2. November) registriert. Die Inzidenz gibt es jetzt mit 258,1 an. Eigenen Angaben zufolge betreut das esundheitsamt 829 aktive F\u00e4lle von Covid 19. Damit ist die Zahl der Corona-Infektionen im Landkreis Marburg-Biedenkopf auf 1.911 gestiegen. Angesichts der hohen Zahlen k\u00fcndigte der Kreis\u2026","rel":"","context":"In &quot;Politik&quot;","img":{"alt_text":"","src":"","width":0,"height":0},"classes":[]},{"id":6450,"url":"http:\/\/marburg.news\/?p=6450","url_meta":{"origin":8666,"position":4},"title":"R\u00fcckschlag f\u00fcr Kreis: Gesundheitsamt meldet sieben Corona-Tote an einem Tag","date":"2. Februar 2021","format":false,"excerpt":"Sieben Todesf\u00e4lle innerhalb von 24 Stunden meldete der Landkreis in seinem t\u00e4glichen Corona-Bericht am Dienstag (2. Februar). Das Gesundheitsamt registrierte 22 Neuinfektionen. Die Gesamtzahl der seit M\u00e4rz 2020 best\u00e4tigten Corona-Infektionen liegt damit bei 6.148. 28 Betroffene wurden am Dienstag (2. Februar) station\u00e4r im Krankenhaus behandelt. Das sind drei mehr als\u2026","rel":"","context":"In &quot;Politik&quot;","img":{"alt_text":"","src":"","width":0,"height":0},"classes":[]},{"id":8510,"url":"http:\/\/marburg.news\/?p=8510","url_meta":{"origin":8666,"position":5},"title":"Omikron an Spitze: 120 Neuinfektionen erh\u00f6hen Inzidenz auf 189,9","date":"7. Januar 2022","format":false,"excerpt":"120 Corona-Neuinfektionen hat der Landkreis am Freitag (7. Januar) gemeldet. Die Inzidenz ist auf 189,9 gestiegen. Das Gesundheitsamt des Landkreises Marburg-Biedenkopf hat innerhalb eines Tages 120 neue Corona-F\u00e4lle registriert. Die Gesamtzahl der seit M\u00e4rz 2020 best\u00e4tigten Corona-Infektionen liegt damit bei 16.380. Weiterhin werden zehn Patientinnen und Patienten station\u00e4r im Krankenhaus\u2026","rel":"","context":"In &quot;Politik&quot;","img":{"alt_text":"","src":"","width":0,"height":0},"classes":[]}],"_links":{"self":[{"href":"http:\/\/marburg.news\/index.php?rest_route=\/wp\/v2\/posts\/8666"}],"collection":[{"href":"http:\/\/marburg.news\/index.php?rest_route=\/wp\/v2\/posts"}],"about":[{"href":"http:\/\/marburg.news\/index.php?rest_route=\/wp\/v2\/types\/post"}],"author":[{"embeddable":true,"href":"http:\/\/marburg.news\/index.php?rest_route=\/wp\/v2\/users\/2"}],"replies":[{"embeddable":true,"href":"http:\/\/marburg.news\/index.php?rest_route=%2Fwp%2Fv2%2Fcomments&post=8666"}],"version-history":[{"count":0,"href":"http:\/\/marburg.news\/index.php?rest_route=\/wp\/v2\/posts\/8666\/revisions"}],"wp:attachment":[{"href":"http:\/\/marburg.news\/index.php?rest_route=%2Fwp%2Fv2%2Fmedia&parent=8666"}],"wp:term":[{"taxonomy":"category","embeddable":true,"href":"http:\/\/marburg.news\/index.php?rest_route=%2Fwp%2Fv2%2Fcategories&post=8666"},{"taxonomy":"post_tag","embeddable":true,"href":"http:\/\/marburg.news\/index.php?rest_route=%2Fwp%2Fv2%2Ftags&post=8666"}],"curies":[{"name":"wp","href":"https:\/\/api.w.org\/{rel}","templated":true}]}}