{"id":8661,"date":"2022-01-27T13:46:30","date_gmt":"2022-01-27T12:46:30","guid":{"rendered":"http:\/\/marburg.news\/?p=8661"},"modified":"2022-01-27T13:46:30","modified_gmt":"2022-01-27T12:46:30","slug":"als-abschreckung-polizei-stoppte-drogenfahrt-im-suedviertel","status":"publish","type":"post","link":"http:\/\/marburg.news\/?p=8661","title":{"rendered":"Als Abschreckung: Polizei stoppte Drogenfahrt im S\u00fcdviertel"},"content":{"rendered":"<p>Positiv reagierte ein Drogentest am Donnerstag (27. Januar) kurz nach 11 Uhr auf Amphetamine. Die Autofahrt des 62 Jahre alten Mannes endete damit im S\u00fcdviertel. Die Polizei veranlasste eine Blutprobe. <!--more--><\/p>\n<p>* pm: Polizei Marburg<\/p>\n","protected":false},"excerpt":{"rendered":"<p>Positiv reagierte ein Drogentest am Donnerstag (27. Januar) kurz nach 11 Uhr auf Amphetamine. Die Autofahrt des 62 Jahre alten Mannes endete damit im S\u00fcdviertel. Die Polizei veranlasste eine Blutprobe.<\/p>\n","protected":false},"author":2,"featured_media":0,"comment_status":"closed","ping_status":"open","sticky":false,"template":"","format":"standard","meta":{"advanced_seo_description":"","spay_email":"","jetpack_publicize_message":"","jetpack_is_tweetstorm":false,"jetpack_publicize_feature_enabled":true},"categories":[6],"tags":[342,107,16],"jetpack_featured_media_url":"","jetpack_publicize_connections":[],"jetpack_sharing_enabled":true,"jetpack_shortlink":"https:\/\/wp.me\/p8mhvd-2fH","jetpack-related-posts":[{"id":10146,"url":"http:\/\/marburg.news\/?p=10146","url_meta":{"origin":8661,"position":0},"title":"Warnfarbe Rot: 37 Autos im S\u00fcdviertel bespr\u00fcht","date":"18. Juli 2022","format":false,"excerpt":"Mit roter Farbe haben Unbekannte im S\u00fcdviertel parkende Fahrzeuge beschmiert. \u00dcberwiegend waren die Fahrzeugembleme bespr\u00fcht worden. In einigen F\u00e4llen waren auch die Felgen der Autos bespr\u00fcht. In nahezu allen Stra\u00dfen des S\u00fcdviertels hat die Polizei bislang insgesamt 37 betroffene Fahrzeuge gefunden. Sie schlie\u00dft aber nicht aus, dass es weitere Besch\u00e4digungen\u2026","rel":"","context":"In &quot;Sonstiges&quot;","img":{"alt_text":"","src":"","width":0,"height":0},"classes":[]},{"id":10486,"url":"http:\/\/marburg.news\/?p=10486","url_meta":{"origin":8661,"position":1},"title":"F\u00fcr Fremde: Mit Waffe in der Hand im S\u00fcdviertel","date":"29. August 2022","format":false,"excerpt":"Mit einer Waffe in der Hand waren zwei M\u00e4nner in der Frankfurter Stra\u00dfe unterwegs. Die Mitteilung dar\u00fcber erhielt die Polizei am Sonntag (28. Autust) gegen 13.50 Uhr. Ein Anruf meldete, dass zwei M\u00e4nner durch die Frankfurter Stra\u00dfe gehen, wobei einer offen in seiner Hand eine silberne Waffe f\u00fchrt. Die Polizei\u2026","rel":"","context":"In &quot;Sonstiges&quot;","img":{"alt_text":"","src":"","width":0,"height":0},"classes":[]},{"id":8456,"url":"http:\/\/marburg.news\/?p=8456","url_meta":{"origin":8661,"position":2},"title":"Unerh\u00f6rt umwerfend: Polizei nahm berauschten Mann fest","date":"29. Dezember 2021","format":false,"excerpt":"Die Polizei nahm am Dienstag (28. Dezember) gegen 17.45 Uhr im S\u00fcdviertel einen 28-J\u00e4hrigen Mann fest. Er hatte mehrere M\u00fclltonnen umgeworfen. Der Wohnsitzlose stand unter dem Einfluss von Alkohol und Bet\u00e4ubungsmitteln. Die Polizei stellte bei ihm schlie\u00dflich noch Amphetamine und Marihuana sicher. * pm: Polizei Marburg","rel":"","context":"In &quot;Sonstiges&quot;","img":{"alt_text":"","src":"","width":0,"height":0},"classes":[]},{"id":797,"url":"http:\/\/marburg.news\/?p=797","url_meta":{"origin":8661,"position":3},"title":"Leichen gefunden: Familiendrama in Mehrfamilienhaus im S\u00fcdviertel","date":"1. Juli 2017","format":false,"excerpt":"Die Leichen einer jungen Frau und eines Mannes im mittleren Alter wurden am Samstag (1. Juli) in einem Mehrfamilienhaus im S\u00fcdviertel gefunden. Eine weitere Frau wurde mit schwersten Verletzungen in die Universit\u00e4tsklinik eingeliefert. Die Verletzte ist ebenfalls im mittleren Alter. Die abschlie\u00dfende Identifizierung aller beteiligten Personen steht noch aus. Staatsanwaltschaft\u2026","rel":"","context":"In &quot;Sonstiges&quot;","img":{"alt_text":"","src":"","width":0,"height":0},"classes":[]},{"id":5335,"url":"http:\/\/marburg.news\/?p=5335","url_meta":{"origin":8661,"position":4},"title":"Erfolbreiche Kontrolle: Ohne F\u00fchrerschein im S\u00fcdviertel unterwegs","date":"29. Juni 2020","format":false,"excerpt":"Ohne F\u00fchrerschein steuerte ein 26-j\u00e4hriger Mann in der Nacht zum Montag (29. Juni) ein Auto. Die Polizei Marburg stoppte seine Fahrt gegen 0.30 Uhr in der Frankfurter Stra\u00dfe. * pm: Polizei Marburg","rel":"","context":"In &quot;Sonstiges&quot;","img":{"alt_text":"","src":"","width":0,"height":0},"classes":[]},{"id":12927,"url":"http:\/\/marburg.news\/?p=12927","url_meta":{"origin":8661,"position":5},"title":"Fahrfehler und Flucht: Im S\u00fcdviertel parkendes Auto besch\u00e4digt","date":"19. Juni 2023","format":false,"excerpt":"Ein heller Kombi ist am Samstag (17. Juni) nach einem Unfall im S\u00fcdviertel gefl\u00fcchtet. Nach Aussage einer Zeugin fuhr er gegen 14.55 Uhr in der Friedrich-Naumann-Stra\u00dfe an einem geparkten VW Caddy vorbei. Dabei touchierte er dessen linken Au\u00dfenspiegel. Anstatt sich um den Schaden von etwa 300 Euro zu k\u00fcmmern, fl\u00fcchtete\u2026","rel":"","context":"In &quot;Sonstiges&quot;","img":{"alt_text":"","src":"","width":0,"height":0},"classes":[]}],"_links":{"self":[{"href":"http:\/\/marburg.news\/index.php?rest_route=\/wp\/v2\/posts\/8661"}],"collection":[{"href":"http:\/\/marburg.news\/index.php?rest_route=\/wp\/v2\/posts"}],"about":[{"href":"http:\/\/marburg.news\/index.php?rest_route=\/wp\/v2\/types\/post"}],"author":[{"embeddable":true,"href":"http:\/\/marburg.news\/index.php?rest_route=\/wp\/v2\/users\/2"}],"replies":[{"embeddable":true,"href":"http:\/\/marburg.news\/index.php?rest_route=%2Fwp%2Fv2%2Fcomments&post=8661"}],"version-history":[{"count":0,"href":"http:\/\/marburg.news\/index.php?rest_route=\/wp\/v2\/posts\/8661\/revisions"}],"wp:attachment":[{"href":"http:\/\/marburg.news\/index.php?rest_route=%2Fwp%2Fv2%2Fmedia&parent=8661"}],"wp:term":[{"taxonomy":"category","embeddable":true,"href":"http:\/\/marburg.news\/index.php?rest_route=%2Fwp%2Fv2%2Fcategories&post=8661"},{"taxonomy":"post_tag","embeddable":true,"href":"http:\/\/marburg.news\/index.php?rest_route=%2Fwp%2Fv2%2Ftags&post=8661"}],"curies":[{"name":"wp","href":"https:\/\/api.w.org\/{rel}","templated":true}]}}