{"id":8620,"date":"2022-01-21T14:59:35","date_gmt":"2022-01-21T13:59:35","guid":{"rendered":"http:\/\/marburg.news\/?p=8620"},"modified":"2022-01-21T14:59:35","modified_gmt":"2022-01-21T13:59:35","slug":"neue-professur-hanna-fischer-beim-deutschen-sprachatlas","status":"publish","type":"post","link":"http:\/\/marburg.news\/?p=8620","title":{"rendered":"Neue Professur: Hanna Fischer beim Deutschen Sprachatlas"},"content":{"rendered":"<p>Die Sprachwissenschaftlerin Hanna Fischer tritt eine Akademieprofessur in Marburg an. Ihre Stelle ist am &#8222;Forschungszentrum Deutscher Sprachatlas&#8220; angesiedelt. <!--more--><br \/>\nProf. Dr. Hanna Fischer ist zum 15. Januar 2022 auf eine Akademie-Forschungsprofessur f\u00fcr &#8222;Variation und Wandel des Deutschen&#8220; berufen worden. Die Professur wurde von der Philipps-Universit\u00e4t und der Akademie der Wissenschaften und der Literatur in Mainz (ADW) gemeinsam am &#8222;Forschungszentrum Deutscher Sprachatlas&#8220; (DSA) eingerichtet.<br \/>\nDie Forschungsprofessur ist an das von der Akademie finanzierte Langzeitprojekt &#8222;Regionalsprache.de&#8220; (REDE) angebunden. Hanna Fischer wird dort die Leitung im sprachbasierten Forschungsdatenmanagement \u00fcbernehmen. Darunter f\u00e4llt auch die Entwicklung digitaler Forschungsinstrumente und digitaler Angebote im Bereich der &#8222;Citizen Science&#8220;.<br \/>\nFischer ist es wichtig, &#8222;dass die ,Sch\u00e4tze der Dialektologie&#8216; f\u00fcr die Sprecherinnen und Sprecher online zur Verf\u00fcgung stehen und sie sich aktiv an der Erforschung der deutschen Regionalsprachen beteiligen k\u00f6nnen&#8220;. Direktor Prof. Dr. Alfred Lameli vom Deutschen Sprachatlas betonte: &#8222;Mit dieser Professur gelingt es uns, die Weiterentwicklung digitaler Forschungsinstrumente zu forcieren.&#8220;<br \/>\nDie Forschungsschwerpunkte werden in der Erschlie\u00dfung der regionalsprachlichen Variation von historischen Dialektr\u00e4umen \u00fcber grammatischen Sprachwandel bis hin zum heutigen Sprachgebrauch in Stadt und Land liegen. Derzeit arbeitet Fischer unter anderem an einer Studie zu d\u00f6rflichen Kommunikationsnetzwerken am Beispiel der mittelhessischen Hausnamen.<br \/>\n&#8222;Mit der Professur wird die intensive Zusammenarbeit zwischen der Akademie der Wissenschaften und der Universit\u00e4t Marburg weiter gefestigt&#8220;, betonte Universit\u00e4tspr\u00e4sidentin Prof. Dr. Katharina Krause. &#8222;F\u00fcr den Deutschen Sprachatlas ergibt sich dar\u00fcber die Chance, das Interesse der \u00d6ffentlichkeit an den regionalen Variet\u00e4ten des Deutschen noch st\u00e4rker zu bedienen.&#8220;<br \/>\nPr\u00e4sident Prof. Dr. Reiner Anderl von der Akademie der Wissenschaften und Literatur gratulierte Fischer zur Ernennung und sieht darin &#8222;eine hervorragende M\u00f6glichkeit sowie zugleich einen Ansporn f\u00fcr junge Wissenschaftlerinnen und Wissenschaftler, die in den Akademievorhaben forschen, sich weiterzuqualifizieren. Das Akademienprogramm hat in diesem Bereich ein gro\u00dfes Potential, das es auszusch\u00f6pfen gilt.&#8220;<br \/>\nNach dem Abitur in Berlin studierte Fischer Germanistik und Medienwissenschaften an den Universit\u00e4ten Marburg und Oslo. An der Philipps-Universit\u00e4t wurde sie im Jahr 2016 mit einer historisch ausgerichteten Arbeit zum Pr\u00e4teritumschwund im Deutschen promoviert. Diese Arbeit wurde mehrfach ausgezeichnet, unter anderem 2017 mit dem Promotionspreis der Philipps-Universit\u00e4t.<br \/>\n2020 erfolgte die Habilitation zu einem Thema der gesprochenen Sprache. Seit 2019 hat Fischer an den Universit\u00e4ten Bonn, Gie\u00dfen, Potsdam und Mainz gelehrt. Nun kehrt sie an das &#8222;Forschungszentrum Deutscher Sprachatlas&#8220; zur\u00fcck, wo sie seit 2009 wissenschaftliche Mitarbeiterin war.<br \/>\nIm Jahr 2020 ist Fischer in die &#8222;Junge Akademie Mainz&#8220; aufgenommen worden. Inzwischen ist sie deren Sprecherin.<\/p>\n<p>* pm: Philipps-Universit\u00e4t Marburg<\/p>\n","protected":false},"excerpt":{"rendered":"<p>Die Sprachwissenschaftlerin Hanna Fischer tritt eine Akademieprofessur in Marburg an. Ihre Stelle ist am &#8222;Forschungszentrum Deutscher Sprachatlas&#8220; angesiedelt.<\/p>\n","protected":false},"author":2,"featured_media":0,"comment_status":"closed","ping_status":"open","sticky":false,"template":"","format":"standard","meta":{"advanced_seo_description":"","spay_email":"","jetpack_publicize_message":"","jetpack_is_tweetstorm":false,"jetpack_publicize_feature_enabled":true},"categories":[5],"tags":[3784,2098,3056],"jetpack_featured_media_url":"","jetpack_publicize_connections":[],"jetpack_sharing_enabled":true,"jetpack_shortlink":"https:\/\/wp.me\/p8mhvd-2f2","jetpack-related-posts":[{"id":19624,"url":"http:\/\/marburg.news\/?p=19624","url_meta":{"origin":8620,"position":0},"title":"Im Dialekt m\u00f6glich: KI soll auch Regionalsprachen lernen","date":"26. Februar 2026","format":false,"excerpt":"Regionalsprachen sind \"blinde Flecken\" in der Spracherkennung. Marburger Forscher untersuchen aber bereits, wie die \"KI\" Dialekte lernen kann. Wer schon mal in der telefonischen Warteschleife mit der KI Schw\u00e4bisch gesprochen hat oder Bairisch, der wei\u00df: Die Aussicht auf Erfolg ist gering. Das konstatieren rund 35 Wissenschaftlerinnen und Wissenschaftler aus sieben\u2026","rel":"","context":"In &quot;Bildung&quot;","img":{"alt_text":"","src":"","width":0,"height":0},"classes":[]},{"id":19708,"url":"http:\/\/marburg.news\/?p=19708","url_meta":{"origin":8620,"position":1},"title":"Dialekterfassung durchWenker-B\u00f6gen: 150 Jahre Forschungszentrum Deutscher Sprachatlas","date":"13. M\u00e4rz 2026","format":false,"excerpt":"Die Philipps-Universit\u00e4t feiert \"150 Jahre Forschungszentrum Deutscher Sprachatlas\". Sie dokumentiert seine Geschichte von \"Wenker-B\u00f6gen\" bis zu Dialekterkennung mit KI. Seit 150 Jahren ist Marburg das Zentrum f\u00fcr die Erforschung deutscher Dialekte und Regionalsprachen. Am Anfang stand ein Mann mit einer Vision: Der Sprachwissenschaftler und Bibliothekar Georg Wenker wollte die Dialektvielfalt\u2026","rel":"","context":"In &quot;Bildung&quot;","img":{"alt_text":"","src":"","width":0,"height":0},"classes":[]},{"id":20198,"url":"http:\/\/marburg.news\/?p=20198","url_meta":{"origin":8620,"position":2},"title":"Seit 2020 bereits: Sprachforscher Alfred Lameli gew\u00fcrdigt","date":"22. Juni 2026","format":false,"excerpt":"Prof. Dr. Alfred Lameli wurde in die Mainzer Akademie der Wissenschaften und der Literatur gew\u00e4hlt. Damit w\u00fcrdigt sie die wissenschaftlichen Leistungen des Marburger Sprachforschers. Die Mainzer Akademie der Wissenschaften und der Literatur hat Prof. Dr. Alfred Lameli als ordentliches Mitglied in ihre Geistes- und sozialwissenschaftliche Klasse gew\u00e4hlt. Mit der Aufnahme\u2026","rel":"","context":"In &quot;Bildung&quot;","img":{"alt_text":"","src":"","width":0,"height":0},"classes":[]},{"id":17646,"url":"http:\/\/marburg.news\/?p=17646","url_meta":{"origin":8620,"position":3},"title":"Auszeichnen: Toke Hoffmeister erh\u00e4lt Hugo-Moser-Preis","date":"11. M\u00e4rz 2025","format":false,"excerpt":"Den Hugo-Moser-Preis 2025 erh\u00e4lt der Marburger Sprachwissenschaftler Dr. Toke Hoffmeister. Im Fokus seiner Forschung stehen Sprachvariation und das menschliche Gehirn. Der Sprachwissenschaftler Dr. Toke Hoffmeister wird mit dem renommierten Hugo-Moser-Preis 2025 ausgezeichnet. Der mit 7.500 Euro dotierte F\u00f6rderpreis f\u00fcr germanistische Sprachwissenschaft wird am Mittwoch (12. M\u00e4rz) auf der 61. Jahrestagung\u2026","rel":"","context":"In &quot;Bildung&quot;","img":{"alt_text":"","src":"","width":0,"height":0},"classes":[]},{"id":16203,"url":"http:\/\/marburg.news\/?p=16203","url_meta":{"origin":8620,"position":4},"title":"Am Pilgrimstein: Konferenz im Sprachatlas zu Deep Fakes","date":"28. August 2024","format":false,"excerpt":"Eine internationale Konferenz im Deutschen Sprachatlas richtet den Blick auf die \"Stimmidentit\u00e4t\". Sie m\u00f6chte \"Deep-Fakes\" ein sprachliches Schnippchen schlagen. Die Stimme als Pers\u00f6nlichkeitsmerkmal verliert im Zeitalter \"K\u00fcnstlicher Intelligenz\" (KI) und moderner digitaler Manipulationsm\u00f6glichkeiten immer mehr an Authentizit\u00e4t. Mit sogenannten \"Deep-Fakes\" lassen sich die Stimmen bekannter Politikerinnen und Politiker oder Celebrities\u2026","rel":"","context":"In &quot;Bildung&quot;","img":{"alt_text":"","src":"","width":0,"height":0},"classes":[]},{"id":7903,"url":"http:\/\/marburg.news\/?p=7903","url_meta":{"origin":8620,"position":5},"title":"Marburg oder Mainz: Neue Akademieprofessorin f\u00fcr &#8222;Digital Humanities&#8220;","date":"8. Oktober 2021","format":false,"excerpt":"Dr. Aline Deicke wurde am Freitag (1. Oktober) zur Akademieprofessorin f\u00fcr \"Digital Humanities\" am Institut f\u00fcr Medien\u00adwissenschaft der Philipps-Universit\u00e4t ernannt. Das hat die Uni am Freitag (8. Oktober) mitgeteilt. Damit bauen die Akademie der Wissenschaften und der Literatur in Mainz und die Philipps-Universit\u00e4t ihre erfolgreiche Kooperation in den Digitalen Geisteswissenschaften\u2026","rel":"","context":"In &quot;Bildung&quot;","img":{"alt_text":"","src":"","width":0,"height":0},"classes":[]}],"_links":{"self":[{"href":"http:\/\/marburg.news\/index.php?rest_route=\/wp\/v2\/posts\/8620"}],"collection":[{"href":"http:\/\/marburg.news\/index.php?rest_route=\/wp\/v2\/posts"}],"about":[{"href":"http:\/\/marburg.news\/index.php?rest_route=\/wp\/v2\/types\/post"}],"author":[{"embeddable":true,"href":"http:\/\/marburg.news\/index.php?rest_route=\/wp\/v2\/users\/2"}],"replies":[{"embeddable":true,"href":"http:\/\/marburg.news\/index.php?rest_route=%2Fwp%2Fv2%2Fcomments&post=8620"}],"version-history":[{"count":0,"href":"http:\/\/marburg.news\/index.php?rest_route=\/wp\/v2\/posts\/8620\/revisions"}],"wp:attachment":[{"href":"http:\/\/marburg.news\/index.php?rest_route=%2Fwp%2Fv2%2Fmedia&parent=8620"}],"wp:term":[{"taxonomy":"category","embeddable":true,"href":"http:\/\/marburg.news\/index.php?rest_route=%2Fwp%2Fv2%2Fcategories&post=8620"},{"taxonomy":"post_tag","embeddable":true,"href":"http:\/\/marburg.news\/index.php?rest_route=%2Fwp%2Fv2%2Ftags&post=8620"}],"curies":[{"name":"wp","href":"https:\/\/api.w.org\/{rel}","templated":true}]}}