{"id":8619,"date":"2022-01-21T12:51:25","date_gmt":"2022-01-21T11:51:25","guid":{"rendered":"http:\/\/marburg.news\/?p=8619"},"modified":"2022-01-21T12:51:25","modified_gmt":"2022-01-21T11:51:25","slug":"erste-erkenntnisse-metalltuer-der-mittelalterlichen-synagoge-beschmiert","status":"publish","type":"post","link":"http:\/\/marburg.news\/?p=8619","title":{"rendered":"Erste Erkenntnisse: Metallt\u00fcr der mittelalterlichen Synagoge beschmiert"},"content":{"rendered":"<p>Die Metallt\u00fcr der mittelalterlichen Synagoge am Schlo\u00dfsteig beschmierte jemand mit einem schwarzen Stift. Das TAG aus einem Gro\u00df- und drei Kleinbuchstaben plus einer Zahl tauchte in j\u00fcngster Vergangenheit an diversen Stellen auf. <!--more--><br \/>\nEine politische Motivation l\u00e4sst sich f\u00fcr die Polizei aus dem TAG nicht erkennen. Sie ermittelt wegen Sachbesch\u00e4digung durch Graffiti und bittet um Hinweise. Das Graffiti am Schlo\u00dfsteig entstand vor Donnerstag (13. Januar).<\/p>\n<p>* pm: Polizei Marburg<\/p>\n","protected":false},"excerpt":{"rendered":"<p>Die Metallt\u00fcr der mittelalterlichen Synagoge am Schlo\u00dfsteig beschmierte jemand mit einem schwarzen Stift. Das TAG aus einem Gro\u00df- und drei Kleinbuchstaben plus einer Zahl tauchte in j\u00fcngster Vergangenheit an diversen Stellen auf.<\/p>\n","protected":false},"author":2,"featured_media":0,"comment_status":"closed","ping_status":"open","sticky":false,"template":"","format":"standard","meta":{"advanced_seo_description":"","spay_email":"","jetpack_publicize_message":"","jetpack_is_tweetstorm":false,"jetpack_publicize_feature_enabled":true},"categories":[6],"tags":[80,16,522],"jetpack_featured_media_url":"","jetpack_publicize_connections":[],"jetpack_sharing_enabled":true,"jetpack_shortlink":"https:\/\/wp.me\/p8mhvd-2f1","jetpack-related-posts":[{"id":410,"url":"http:\/\/marburg.news\/?p=410","url_meta":{"origin":8619,"position":0},"title":"Geschichte bew\u00e4ltigt: Jubil\u00e4umsprogramm zu 700 Jahren Judentum in Marburg","date":"12. April 2017","format":false,"excerpt":"2017 j\u00e4hrt sich nicht nur die Reformation; auch j\u00fcdische Geschichte, Kultur und Religion in Marburg erleben ein Jubil\u00e4um. Ein umfangreiches Programm macht 700 Jahre j\u00fcdisches Leben erlebbar. Unterst\u00fctzt vom Fachdienst Kultur der Stadt Marburg und weiteren Kooperationspartnern, hat die J\u00fcdische Gemeinde Marburg zum 700-j\u00e4hrigen Jubil\u00e4um ein umfangreiches Programm zu Geschichte\u2026","rel":"","context":"In &quot;Bildung&quot;","img":{"alt_text":"","src":"","width":0,"height":0},"classes":[]},{"id":11439,"url":"http:\/\/marburg.news\/?p=11439","url_meta":{"origin":8619,"position":1},"title":"Schattent\u00e4nze: Schattenfl\u00fcgel von Hans Schohl an der Alten Synagoge","date":"12. Dezember 2022","format":false,"excerpt":"\"Schattenzelte - Schattenfl\u00fcgel\" hei\u00dft eine Kunstinstallation von Hans Schohl. Bis Ende Januar 2023 ist sie an der Alten Synagoge zu sehen. Die Werkschau des Kirchhainer K\u00fcnstlers wird in diesem Winter an insgesamt vier Orten in Marburg erlebbar. Teil davon ist die Installation \"Schattenzelte - Schattenfl\u00fcgel\" in der mittelalterlichen Synagoge am\u2026","rel":"","context":"In &quot;Kultur&quot;","img":{"alt_text":"","src":"","width":0,"height":0},"classes":[]},{"id":17346,"url":"http:\/\/marburg.news\/?p=17346","url_meta":{"origin":8619,"position":2},"title":"80 Jahre: Gedenkstunde zur Befreiung von Auschwitz","date":"20. Januar 2025","format":false,"excerpt":"80 Jahre ist die Befreiung des Konzentrationslagers Auschwitz am Montag (27. Januar) her. Dazu gibt es eine Gedenkstunde an der mittelalterlichen Synagoge in Marburg. Das Vernichtungslager Auschwitz-Birkenau wurde am 27. Januar 1945 befreit. Um der Opfer des Nationalsozialismus zu gedenken und die Gr\u00e4ueltaten des Nationalsozialismus nicht in Vergessenheit geraten zu\u2026","rel":"","context":"In &quot;Politik&quot;","img":{"alt_text":"","src":"","width":0,"height":0},"classes":[]},{"id":821,"url":"http:\/\/marburg.news\/?p=821","url_meta":{"origin":8619,"position":3},"title":"Abgedruckt und abgegriffen: Neuer Stadtrundgang auf den Spuren j\u00fcdischen Lebens","date":"6. Juli 2017","format":false,"excerpt":"Einen Stadtspaziergang auf den Spuren j\u00fcdischen Lebens pr\u00e4sentiert der st\u00e4dtische Fachdienst Kultur. Mit dem neuen Faltblatt in der Hand k\u00f6nnen Einheimische und G\u00e4ste die 700-j\u00e4hrige Geschichte selbst erkunden. \"Das ist ein weiterer wichtiger Themenweg, der dazu einl\u00e4dt, unsere Stadt neu zu entdecken und unter ungew\u00f6hnlichen Blickwinkeln zu betrachten\", erkl\u00e4rte Stadtr\u00e4tin\u2026","rel":"","context":"In &quot;Bildung&quot;","img":{"alt_text":"","src":"","width":0,"height":0},"classes":[]},{"id":5314,"url":"http:\/\/marburg.news\/?p=5314","url_meta":{"origin":8619,"position":4},"title":"Verhetzung vermutet: Alkoholisierter schrie vor Synagoge herum","date":"25. Juni 2020","format":false,"excerpt":"Eine Anwohnerin bemerkte am Mittwoch (24. Juni) vor der Synagoge einen schreienden Mann. Auf ihre Ansprache reagierte er mit \u00c4u\u00dferungen, die den Verdacht der Beleidigung und Volksverhetzung begr\u00fcnden. Der offenbar alkoholisierte Mann sa\u00df auf der Treppe zum Haupteingang der J\u00fcdischen Synagoge an der Liebigstra\u00dfe und schrie herum. Anschlie\u00dfend ging er\u2026","rel":"","context":"In &quot;Politik&quot;","img":{"alt_text":"","src":"","width":0,"height":0},"classes":[]},{"id":4298,"url":"http:\/\/marburg.news\/?p=4298","url_meta":{"origin":8619,"position":5},"title":"Solidarit\u00e4t zeigen: #Wirstehenzusammen in Marburg gegen Terror und Gewalt","date":"10. Oktober 2019","format":false,"excerpt":"Eine Demonstration gegen Terror und Gewalt findet am Samstag (12. Oktober) in Marburg statt. Sie beginnt um 13 Uhr bei der Synagoge an der Liebigstra\u00dfe. \"wirstehenzusammen - Marburg gegen Terror und Gewalt! Marburg in Solidarit\u00e4t mit der J\u00fcdischen Gemeinde\"! lautet ihr Motto. Dazu l\u00e4dt der Magistrat der Universit\u00e4tsstadt Marburg f\u00fcr\u2026","rel":"","context":"In &quot;Kultur&quot;","img":{"alt_text":"","src":"","width":0,"height":0},"classes":[]}],"_links":{"self":[{"href":"http:\/\/marburg.news\/index.php?rest_route=\/wp\/v2\/posts\/8619"}],"collection":[{"href":"http:\/\/marburg.news\/index.php?rest_route=\/wp\/v2\/posts"}],"about":[{"href":"http:\/\/marburg.news\/index.php?rest_route=\/wp\/v2\/types\/post"}],"author":[{"embeddable":true,"href":"http:\/\/marburg.news\/index.php?rest_route=\/wp\/v2\/users\/2"}],"replies":[{"embeddable":true,"href":"http:\/\/marburg.news\/index.php?rest_route=%2Fwp%2Fv2%2Fcomments&post=8619"}],"version-history":[{"count":0,"href":"http:\/\/marburg.news\/index.php?rest_route=\/wp\/v2\/posts\/8619\/revisions"}],"wp:attachment":[{"href":"http:\/\/marburg.news\/index.php?rest_route=%2Fwp%2Fv2%2Fmedia&parent=8619"}],"wp:term":[{"taxonomy":"category","embeddable":true,"href":"http:\/\/marburg.news\/index.php?rest_route=%2Fwp%2Fv2%2Fcategories&post=8619"},{"taxonomy":"post_tag","embeddable":true,"href":"http:\/\/marburg.news\/index.php?rest_route=%2Fwp%2Fv2%2Ftags&post=8619"}],"curies":[{"name":"wp","href":"https:\/\/api.w.org\/{rel}","templated":true}]}}