{"id":8617,"date":"2022-01-21T12:19:08","date_gmt":"2022-01-21T11:19:08","guid":{"rendered":"http:\/\/marburg.news\/?p=8617"},"modified":"2022-01-23T18:38:25","modified_gmt":"2022-01-23T17:38:25","slug":"erste-einblicke-stadtschrift-1222-als-dreh-buch-zum-stadtjubilaeum","status":"publish","type":"post","link":"http:\/\/marburg.news\/?p=8617","title":{"rendered":"Erste Einblicke: Stadtschrift &#8222;1222&#8220; als &#8222;Dreh-Buch&#8220; zum Stadtjubil\u00e4um"},"content":{"rendered":"<p>Die neue Stadtschrift &#8222;1222 &#8211; Das Dreh-Buch&#8220; verbindet einen historischen Roman und Wissen. Im Rathaus-Verlag ist das Buch jetzt erh\u00e4ltlich. <!--more--><br \/>\n&#8222;Es war ein sonderbar helles Jahrhundert, denn die Welt war gr\u00f6\u00dfer geworden im letzten.&#8220; Was so beginnt, ist das druckfrische Marburg800-Buch &#8222;1222&#8220; zum 800. Stadtgeburtstag. Es ist halb historischer Roman, halb Wissensteil von Bestsellerautor Daniel Twardowski und reich gestaltet von Vitali Konstantinov.<br \/>\nAb sofort ist die 320 Seiten starke &#8211; von der Universit\u00e4tsstadt Marburg herausgegebene &#8211; Stadtschrift als &#8222;Dreh-Buch&#8220; f\u00fcr 12,22 Euro zur Einstimmung auf das Marburger Stadtjubil\u00e4um erh\u00e4ltlich und verspricht einige \u00dcberraschungen, denn Marburg im 13. Jahrhundert war eine gro\u00dfe Baustelle. Der Bauboom war &#8222;&#8220;h\u00e4nomenal&#8220;, wie Marburg800-Kurator Dr. Richard Laufner den Ausgangspunkt f\u00fcr das Buch erkl\u00e4rte.<br \/>\nElisabethkirche, Franziskanerkloster, Pfarrkirche, F\u00fcrstensaal, Dominikanerkloster und steinerne Br\u00fccke \u00fcber die Lahn entstanden. Deutscher Orden, Dominikaner, die Landgrafen und die B\u00fcrgerschaft \u00fcberboten einander mit Auftr\u00e4gen. Viele der damals errichteten Geb\u00e4ude pr\u00e4gen die Stadt bis heute.<br \/>\nWas steckte hinter dem Bauboom, wie erkl\u00e4rt er sich aus der Geschichte der Zeit? Den Antworten n\u00e4hert sich &#8222;1222 &#8211; Das Dreh-Buch&#8220; auf besondere Weise.<br \/>\nWer nicht einfach &#8222;nur&#8220; den Roman zum 13. Jahrhundert lesen will, der kann das Buch auf den Kopf stellen; und schon erschlie\u00dfen sich in anderer Leserichtung die passenden historischen Fakten. 1222 wurde Marburg in der Reinhardsbrunner Chronik zum ersten Mal als Stadt erw\u00e4hnt. Marburg war schon damals Teil der globalisierten Welt.<br \/>\n&#8222;Die Welt war heller geworden in den K\u00f6pfen. Denn die Menschen redeten \u00fcber diese Dinge, h\u00f6rten Lieder und Geschichten dar\u00fcber, in ihrer eigenen Sprache &#8211; und nicht mehr nur das, was Priester und M\u00f6nche sie wissen lassen wollten aus alten lateinischen B\u00fcchern&#8220;, gibt Schriftsteller Twardowski alias Dr. Christoph Becker erste Einblicke ins Buch. &#8222;Und was noch wichtiger war: Sie machten sich Gedanken.&#8220;<br \/>\nMit \u00fcber 30 passenden Illustrationen soll sich ein weiterer k\u00fcnstlerischer Zugang zur Geschichte er\u00f6ffnen. Rathaus-Verlag und Stadtjubil\u00e4um geben damit erneut eine Publikation heraus, die mit dem bereits ausgezeichneten Autor und dem international renommierten Illustrator auf ein Marburger Erfolgsduo setzt, das bereits zum Lutherjahr eine Stadtschrift zum Publikumserfolg machte, wie Kurator Laufner und Verlagsleiterin Sabine Preisler gemeinsam erkl\u00e4rten.<br \/>\n&#8222;Die Entscheidung, wie weit die Leser*innen hinter die Kulissen schauen wollen, treffen sie anhand von im Mittelalter \u00fcblichen, extra illustrierten Weiserfiguren am Rand der fiktiven Geschichte selbst&#8220;, erl\u00e4uterte Preisler. Gleich zwei Leseb\u00e4ndchen und auf Wunsch ein Lesezeichen gibt es als Extra noch dazu.<br \/>\n&#8222;Die Marburg800-Stadtschrift geh\u00f6rt zu den wichtigsten Projekten des Jubil\u00e4umsschwerpunktes Marburg erinnern; und wir freuen uns deshalb, jetzt eine so besondere Schrift mit einem ungew\u00f6hnlichen Konzept anbieten zu k\u00f6nnen&#8220;, erkl\u00e4rte Laufner. Wer will, kann das Buch also \u00fcber 800 Mal drehen und so Informationen zu den historischen Hintergr\u00fcnden des Romans erhalten, aber auch erfahren, ob es auch abweichende Meinungen gibt.<br \/>\n&#8222;1222 verbindet literarisches Erz\u00e4hlen mit intensiver historischer Recherche in einer quellenm\u00e4\u00dfig nicht gerade \u00fcppigen Epoche der Stadtgeschichte, und das als illustriertes Gesamtkunstwerk&#8220;, lud Oberb\u00fcrgermeister Dr. Thomas Spies zum Lesen und zum Nachlesen ein. Zugleich solle das Buch mit seinem symbolischen Preis auch ein k\u00fcnstlerisches Dankesch\u00f6n an alle B\u00fcrgerinnen und B\u00fcrger sein, erkl\u00e4rte der Rathauschef.<br \/>\nDas Buch in der Reihe der &#8222;Marburger Stadtschriften zur Geschichte und Kultur&#8220; als deren Band 115 gibt es es ab Freitag (21. Januar) unter der ISBN 978-3-942487-17-7 im Buchhandel, beim Rathaus-Verlag, online unter <a href=\"http:\/\/www.marburg.de\/stadtschriften\">www.marburg.de\/stadtschriften<\/a> oder per Mail an pressestelle@marburg-stadt.de.<br \/>\nUnd noch etwas ist am Buchprojekt &#8222;1222&#8220; besonders: Erstmals wird es im Rathaus-Verlag im ersten Halbjahr 2022 in Zusammenarbeit mit der Deutschen Blindenstudienanstalt (BliStA) auch als H\u00f6rbuch erscheinen. Die Ver\u00f6ffentlichung ist f\u00fcr Fr\u00fchjahr 2022 vorgesehen.<br \/>\nWer den Autor nach Lesen des Buchs auch live kennenlernen will, kann das sp\u00e4testens beim Marburg800-Event &#8222;Tischlein-deck-dich&#8220; auf der gesperrten Stadtautobahn B3A. F\u00fcr Pfingstsonntag l\u00e4dt der Rathaus-Verlag dort alle zu Lesung und Signierstunde mit Daniel Twardowski ein.<\/p>\n<p>* pm: Stadt Marburg<\/p>\n","protected":false},"excerpt":{"rendered":"<p>Die neue Stadtschrift &#8222;1222 &#8211; Das Dreh-Buch&#8220; verbindet einen historischen Roman und Wissen. Im Rathaus-Verlag ist das Buch jetzt erh\u00e4ltlich.<\/p>\n","protected":false},"author":2,"featured_media":0,"comment_status":"closed","ping_status":"open","sticky":false,"template":"","format":"standard","meta":{"advanced_seo_description":"","spay_email":"","jetpack_publicize_message":"","jetpack_is_tweetstorm":false,"jetpack_publicize_feature_enabled":true},"categories":[5,3],"tags":[3783,1613,2984],"jetpack_featured_media_url":"","jetpack_publicize_connections":[],"jetpack_sharing_enabled":true,"jetpack_shortlink":"https:\/\/wp.me\/p8mhvd-2eZ","jetpack-related-posts":[{"id":11452,"url":"http:\/\/marburg.news\/?p=11452","url_meta":{"origin":8617,"position":0},"title":"Ohne Sehverm\u00f6gen: Erste Stadtschrift als H\u00f6rbuch erh\u00e4ltlich","date":"13. Dezember 2022","format":false,"excerpt":"Mit \"1222\" stellen die Stadt und die BliStA erstmals eine Stadtschrift barrierefrei als H\u00f6rbuch vor. Der historische Roman mit Wissensteil entf\u00fchrt nach Marburg und in die Welt vor 800 Jahren. Stadtgeschichte und spannende Geschichten entdecken k\u00f6nnen Interessierte jetzt auch akustisch: Erstmals und noch rechtzeitig vor Weihnachten erscheint eine Marburger Stadtschrift\u2026","rel":"","context":"In &quot;Bildung&quot;","img":{"alt_text":"","src":"","width":0,"height":0},"classes":[]},{"id":11559,"url":"http:\/\/marburg.news\/?p=11559","url_meta":{"origin":8617,"position":1},"title":"Kultur 2022: 1222, Stadtautobahn, Rudolphsplatz, Momo und Wollnashorn","date":"31. Dezember 2022","format":false,"excerpt":"2022 konnte Marburg das Stadtjubil\u00e4um \"Marburg800\" feiern. Eine Vielzahl von Veranstaltungen pr\u00e4gte das kulturelle Leben in diesem Jahr. Der Veranstaltungsreigen begann am Montag (28. M\u00e4rz) mit einer gro\u00dfen Jubil\u00e4umsgala im Erwin-Piscator-Haus (EPH). Mehrere ehemalige Marburgerinnen und Marburger erz\u00e4hlten dem Moderator Thomas Koschwitz von ihren Erlebnissen in ihrem einstigen Lern- und\u2026","rel":"","context":"In &quot;Kultur&quot;","img":{"alt_text":"Wollnashorn","src":"https:\/\/i0.wp.com\/marburg.news\/wp-content\/uploads\/2022\/06\/20220611_211852-01-scaled.jpeg?fit=1154%2C1200&resize=350%2C200","width":350,"height":200},"classes":[]},{"id":15689,"url":"http:\/\/marburg.news\/?p=15689","url_meta":{"origin":8617,"position":2},"title":"Erneuerung Mitmachen: Biografie \u00fcber Hanna Korfl\u00fcr vorgestellt","date":"31. Mai 2024","format":false,"excerpt":"Einblicke in das Wirken einer mutigen K\u00fcnstlerin gibt es ab sofort im Buchhandel. Die Biografie \u00fcber Hanna Korfl\u00fcr wurde am Freitag (3. Mai) im Rathaus vorgestellt. Das Leben und Wirken der au\u00dfergew\u00f6hnlichen K\u00fcnstlerin Hanna Korfl\u00fcr \"bl\u00e4tterte\" sich am Freitag (3. Mai) im prall gef\u00fcllten Historischen Saal des Rathauses ganz neu\u2026","rel":"","context":"In &quot;Kultur&quot;","img":{"alt_text":"","src":"","width":0,"height":0},"classes":[]},{"id":7477,"url":"http:\/\/marburg.news\/?p=7477","url_meta":{"origin":8617,"position":3},"title":"Recht gefragt: Neuauflage der Stadtschrift \u00fcber Emil von Behring","date":"29. Juli 2021","format":false,"excerpt":"Impferfolge treiben die Nachfrage nach der \"Behring-Stadtschrift\" in die H\u00f6he. Der Rathaus-Verlag legt die Stadtschrift 112 deshalb nach. In Rekordzeit war sie ausverkauft. Jetzt ist sie wieder zu haben. Der Rathaus-Verlag hat die Stadtschrift \"Emil von Behring in Marburg\" nachdrucken lassen. Das 247 Seiten starke Buch \u00fcber den ber\u00fchmten Arzt,\u2026","rel":"","context":"In &quot;Bildung&quot;","img":{"alt_text":"","src":"","width":0,"height":0},"classes":[]},{"id":14458,"url":"http:\/\/marburg.news\/?p=14458","url_meta":{"origin":8617,"position":4},"title":"Im Rathaus: Vorstellung der neuen Stadtschrift zum Krekel","date":"24. November 2023","format":false,"excerpt":"Der Krekel kommt ins Rathaus. Dort findet die Vorstellung der neuesten Stadtschrift statt. am Samstag (2. Dezember) kommt der Krekel ins Rathaus: Dann erscheint die neue Stadtschrift \"Erinnerungen an einen vergangenen Ort - Die Siedlung am Krekel in Marburg\". Geschrieben wurde sie von Christina Hey, Ursula Mannschitz und Hartmut M\u00f6ller.\u2026","rel":"","context":"In &quot;Kultur&quot;","img":{"alt_text":"","src":"","width":0,"height":0},"classes":[]},{"id":14635,"url":"http:\/\/marburg.news\/?p=14635","url_meta":{"origin":8617,"position":5},"title":"Bewegende Buchvorstellung: Der Krekel kam ins Rathaus","date":"20. Dezember 2023","format":false,"excerpt":"Der Krekel kam in die Mitte der Stadt; und mehr als jeder Platz im Rathaus war besetzt. Es war eine anr\u00fchrende Buchvorstellung zur fast vergessenen Siedlung. Es ist ein ungew\u00f6hnliches Buch und Projekt, das die Erinnerungen an ein fast vergessenes Stadtquartier wachruft. Es wollte den Krekel ins Rathaus holt und\u2026","rel":"","context":"In &quot;Bildung&quot;","img":{"alt_text":"","src":"","width":0,"height":0},"classes":[]}],"_links":{"self":[{"href":"http:\/\/marburg.news\/index.php?rest_route=\/wp\/v2\/posts\/8617"}],"collection":[{"href":"http:\/\/marburg.news\/index.php?rest_route=\/wp\/v2\/posts"}],"about":[{"href":"http:\/\/marburg.news\/index.php?rest_route=\/wp\/v2\/types\/post"}],"author":[{"embeddable":true,"href":"http:\/\/marburg.news\/index.php?rest_route=\/wp\/v2\/users\/2"}],"replies":[{"embeddable":true,"href":"http:\/\/marburg.news\/index.php?rest_route=%2Fwp%2Fv2%2Fcomments&post=8617"}],"version-history":[{"count":1,"href":"http:\/\/marburg.news\/index.php?rest_route=\/wp\/v2\/posts\/8617\/revisions"}],"predecessor-version":[{"id":8625,"href":"http:\/\/marburg.news\/index.php?rest_route=\/wp\/v2\/posts\/8617\/revisions\/8625"}],"wp:attachment":[{"href":"http:\/\/marburg.news\/index.php?rest_route=%2Fwp%2Fv2%2Fmedia&parent=8617"}],"wp:term":[{"taxonomy":"category","embeddable":true,"href":"http:\/\/marburg.news\/index.php?rest_route=%2Fwp%2Fv2%2Fcategories&post=8617"},{"taxonomy":"post_tag","embeddable":true,"href":"http:\/\/marburg.news\/index.php?rest_route=%2Fwp%2Fv2%2Ftags&post=8617"}],"curies":[{"name":"wp","href":"https:\/\/api.w.org\/{rel}","templated":true}]}}