{"id":8610,"date":"2022-01-20T14:21:22","date_gmt":"2022-01-20T13:21:22","guid":{"rendered":"http:\/\/marburg.news\/?p=8610"},"modified":"2022-01-20T14:21:22","modified_gmt":"2022-01-20T13:21:22","slug":"trauer-um-kollegin-trauerbeflaggung-fuer-kirsten-fruendt","status":"publish","type":"post","link":"http:\/\/marburg.news\/?p=8610","title":{"rendered":"Trauer um Kollegin: Trauerbeflaggung f\u00fcr Kirsten Fr\u00fcndt"},"content":{"rendered":"<p>Die Stadt Marburg trauert um Kirsten Fr\u00fcndt. Die Landr\u00e4tin war zuvor auch Mitarbeiterin der Stadt gewesen. <!--more--><br \/>\nAnl\u00e4sslich des Todes von Landr\u00e4tin Kirsten Fr\u00fcndt hat der Magistrat der Universit\u00e4tsstadt Marburg eine Trauerbeflaggung f\u00fcr alle st\u00e4dtischen Geb\u00e4ude angeordnet. Die 54-j\u00e4hrige Politikerin ist <a href=\"http:\/\/marburg.news\/?p=8598\">am Mittwoch (19. Januar) an den Folgen einer Krebserkrankung gestorben<\/a>. Bis Samstagabend tragen alle st\u00e4dtischen Geb\u00e4ude eine Trauerbeflaggung von den Verwaltungen \u00fcber B\u00fcrger- und Veranstaltungsh\u00e4user bis zu Sportst\u00e4tten und Schulen.<br \/>\n&#8222;Kirsten Fr\u00fcndt war eine hervorragende Landr\u00e4tin und ein toller Mensch&#8220;, sagte Oberb\u00fcrgermeister Dr. Thomas Spies im Namen der Universit\u00e4tsstadt Marburg. &#8222;Sie hat sich voller Begeisterung, Leidenschaft und Tatendrang f\u00fcr die ganze Region eingesetzt. Wir werden sie sehr vermissen, als unsere Landr\u00e4tin, als kluge und mutige Politikerin, als starke und dem Leben zugewandte Pers\u00f6nlichkeit mit einem ausgepr\u00e4gten Sinn f\u00fcr Gerechtigkeit, als fr\u00f6hlicher und empathischer Mensch, die denjenigen, mit denen sie zusammentraf, auf Augenh\u00f6he begegnete.&#8220;<br \/>\nDie Stadt werde ihre ehemalige Mitarbeiterin auch vermissen &#8222;als Marburgerin, mit der wir zusammengearbeitet und mit der wir in unserer Stadt gelebt haben. Unser Mitgef\u00fchl ist bei ihrer Familie. Ihr Tod ist ein schrecklicher Verlust f\u00fcr uns alle, f\u00fcr Marburg und die ganze Region.&#8220;<\/p>\n<p>* pm: Stadt Marburg<\/p>\n","protected":false},"excerpt":{"rendered":"<p>Die Stadt Marburg trauert um Kirsten Fr\u00fcndt. Die Landr\u00e4tin war zuvor auch Mitarbeiterin der Stadt gewesen.<\/p>\n","protected":false},"author":2,"featured_media":0,"comment_status":"closed","ping_status":"open","sticky":false,"template":"","format":"standard","meta":{"advanced_seo_description":"","spay_email":"","jetpack_publicize_message":"","jetpack_is_tweetstorm":false,"jetpack_publicize_feature_enabled":true},"categories":[2],"tags":[2677,2088,3780],"jetpack_featured_media_url":"","jetpack_publicize_connections":[],"jetpack_sharing_enabled":true,"jetpack_shortlink":"https:\/\/wp.me\/p8mhvd-2eS","jetpack-related-posts":[{"id":8614,"url":"http:\/\/marburg.news\/?p=8614","url_meta":{"origin":8610,"position":0},"title":"Trauer um Landr\u00e4tin: Feier in der Lutherischen Pfarrkirche","date":"20. Januar 2022","format":false,"excerpt":"Der Kreis plant eine Trauerfeier f\u00fcr die verstorbene Landr\u00e4tin. Kondolenzb\u00fccher liegen bei der Kreisverwaltung aus. Mit einem Online-Kondolenzbuch hat der Landkreis Marburg-Biedenkopf eine erste M\u00f6glichkeit geschaffen, die Anteilnahme am Tod von Landr\u00e4tin Kirsten Fr\u00fcndt zu dokumentieren. Das Angebot ist unter www.mein-marburg-biedenkopf.de zu erreichen. Ab Montag (24. Januar) liegen zudem klassische\u2026","rel":"","context":"In &quot;Politik&quot;","img":{"alt_text":"","src":"","width":0,"height":0},"classes":[]},{"id":8598,"url":"http:\/\/marburg.news\/?p=8598","url_meta":{"origin":8610,"position":1},"title":"Trauerbotschaft f\u00fcr Kreis: Landr\u00e4tin Kirsten Fr\u00fcndt ist tot","date":"19. Januar 2022","format":false,"excerpt":"Kirsten Fr\u00fcndt ist tot. Die 54-j\u00e4hrige Kommunalpolitikerin starb am Mittwoch (19. Januar) an den Folgen einer Krebserkrankung. Landr\u00e4tin Kirsten Fr\u00fcndt ist am Mittwoch (19. Januar) im Kreise ihrer Familie an den Folgen einer Krebserkrankung gestorben. Fr\u00fcndt war seit 2014 Landr\u00e4tin des Kreises Marburg-Biedenkopf. Sie befand sich in ihrer 2. Amtszeit.\u2026","rel":"","context":"In &quot;Politik&quot;","img":{"alt_text":"","src":"","width":0,"height":0},"classes":[]},{"id":8601,"url":"http:\/\/marburg.news\/?p=8601","url_meta":{"origin":8610,"position":2},"title":"Trauerbekundung f\u00fcr Fr\u00fcndt: Regierungspr\u00e4sident bekundet Beileid","date":"19. Januar 2022","format":false,"excerpt":"Tief betroffen hat Regierungspr\u00e4sident Dr. Christoph Ullrich von dem Tod von Landr\u00e4tin Kirsten Fr\u00fcndt erfahren. \"Wir verlieren eine leidenschaftliche Politikerin\", erkl\u00e4rte er. Regierungspr\u00e4sident Ullrich trauert um Landr\u00e4tin Fr\u00fcndt. \"Mit Kirsten Fr\u00fcndt verlieren wir eine leidenschaftliche Politikerin, die als Landr\u00e4tin mit gro\u00dfem Einsatz und offensichtlicher Begeisterung f\u00fcr die Region gearbeitet und\u2026","rel":"","context":"In &quot;Politik&quot;","img":{"alt_text":"","src":"","width":0,"height":0},"classes":[]},{"id":8609,"url":"http:\/\/marburg.news\/?p=8609","url_meta":{"origin":8610,"position":3},"title":"Trauer um Fr\u00fcndt: Gr\u00fcne bezeugen der Landr\u00e4tin Respekt","date":"20. Januar 2022","format":false,"excerpt":"fassungslos mussten Die Gr\u00fcnen vom Tod der Landr\u00e4tin Kirsten Fr\u00fcndt erfahren. Kreisverband, Kreistagsfraktion und die Landtagsabgeordnete Angela Dorn trauern um eine engagierte und unerm\u00fcdliche Kommunalpolitikerin. Die Gr\u00fcnen im Landkreis Marburg-Biedenkopf gedenken der viel zu fr\u00fch verstorbenen Kommunal- und Kreispolitikerin. Der Kreisverband der Gr\u00fcnen Marburg-Biedenkopf, die Fraktion der GR\u00dcNEN im Kreistag\u2026","rel":"","context":"In &quot;Politik&quot;","img":{"alt_text":"","src":"","width":0,"height":0},"classes":[]},{"id":5593,"url":"http:\/\/marburg.news\/?p=5593","url_meta":{"origin":8610,"position":4},"title":"Ordentlich geplant: Landr\u00e4tin Fr\u00fcndt wird in Marburg weiterbehandelt","date":"26. August 2020","format":false,"excerpt":"Nach der erfolgreich verlaufenen Operation in einer Schweizer Klinik befindet sich Landr\u00e4tin Kirsten Fr\u00fcndt mittlerweile wieder in Marburg. Derzeit laufen die Vorbereitungen f\u00fcr die nun anstehende Weiterbehandlung. Die Weiterbehandlung in Form von Bestrahlungen und einer Chemotherapie wird ambulant am Universit\u00e4tsklinikum Marburg stattfinden. Der Landr\u00e4tin geht es weiterhin - den Umst\u00e4nden\u2026","rel":"","context":"In &quot;Politik&quot;","img":{"alt_text":"","src":"","width":0,"height":0},"classes":[]},{"id":4171,"url":"http:\/\/marburg.news\/?p=4171","url_meta":{"origin":8610,"position":5},"title":"Fr\u00fcndt bleibt Landr\u00e4tin: Das vorl\u00e4ufige Ergebnis der Wahl am 8. September","date":"9. September 2019","format":false,"excerpt":"Kirsten Fr\u00fcndt bleibt Landr\u00e4tin in Marburg. Nach dem vorl\u00e4ufigen amtlichen Endergebnis erhielt sie 56,98 Prozent der abgegebenen Stimmen. Fr\u00fcndt ist seit dem 1. Februar 2014 Verwaltungschefin des Landkreises Marburg-Biedenkopf. Gegen die 52-j\u00e4hrige Landr\u00e4tin traten der gleichaltrige Uwe P\u00f6ppler f\u00fcr die CDU, der sieben Jahre \u00e4ltere Hans-Werner Seitz von B\u00fcndnis 90\/Die\u2026","rel":"","context":"In &quot;Politik&quot;","img":{"alt_text":"Kirsten Fr\u00fcndt","src":"https:\/\/i0.wp.com\/marburg.news\/wp-content\/uploads\/2019\/09\/fruendt8-13.jpg?fit=900%2C1200&resize=350%2C200","width":350,"height":200},"classes":[]}],"_links":{"self":[{"href":"http:\/\/marburg.news\/index.php?rest_route=\/wp\/v2\/posts\/8610"}],"collection":[{"href":"http:\/\/marburg.news\/index.php?rest_route=\/wp\/v2\/posts"}],"about":[{"href":"http:\/\/marburg.news\/index.php?rest_route=\/wp\/v2\/types\/post"}],"author":[{"embeddable":true,"href":"http:\/\/marburg.news\/index.php?rest_route=\/wp\/v2\/users\/2"}],"replies":[{"embeddable":true,"href":"http:\/\/marburg.news\/index.php?rest_route=%2Fwp%2Fv2%2Fcomments&post=8610"}],"version-history":[{"count":0,"href":"http:\/\/marburg.news\/index.php?rest_route=\/wp\/v2\/posts\/8610\/revisions"}],"wp:attachment":[{"href":"http:\/\/marburg.news\/index.php?rest_route=%2Fwp%2Fv2%2Fmedia&parent=8610"}],"wp:term":[{"taxonomy":"category","embeddable":true,"href":"http:\/\/marburg.news\/index.php?rest_route=%2Fwp%2Fv2%2Fcategories&post=8610"},{"taxonomy":"post_tag","embeddable":true,"href":"http:\/\/marburg.news\/index.php?rest_route=%2Fwp%2Fv2%2Ftags&post=8610"}],"curies":[{"name":"wp","href":"https:\/\/api.w.org\/{rel}","templated":true}]}}