{"id":8557,"date":"2022-01-14T16:23:36","date_gmt":"2022-01-14T15:23:36","guid":{"rendered":"http:\/\/marburg.news\/?p=8557"},"modified":"2022-01-14T16:23:36","modified_gmt":"2022-01-14T15:23:36","slug":"bei-ketzerbach-20-jahre-altes-damenrad-gestohlen","status":"publish","type":"post","link":"http:\/\/marburg.news\/?p=8557","title":{"rendered":"Bei Ketzerbach: 20 Jahre altes Damenrad gestohlen"},"content":{"rendered":"<p>Ein lilafarbenes Damenrad stahlen Unbekannte zwischen Mittwoch (5. Januar) und Montag (10. Januar). Es war vor dem Anwesen Ketzerbach 11 abgestellt und mit einem Kettenschloss gesichert. <!--more--><br \/>\nBei der Beute handelt es sich um ein ungef\u00e4hr 20 Jahre altes Damenrad von Hercules. Das Rad hat eine 5-Gang-Kettenschaltung. Der ideelle Wert des Rads \u00fcbersteigt in diesem Fall den tats\u00e4chlichen Wert deutlich.<\/p>\n<p>* pm: Polizei Marburg<\/p>\n","protected":false},"excerpt":{"rendered":"<p>Ein lilafarbenes Damenrad stahlen Unbekannte zwischen Mittwoch (5. Januar) und Montag (10. Januar). Es war vor dem Anwesen Ketzerbach 11 abgestellt und mit einem Kettenschloss gesichert.<\/p>\n","protected":false},"author":2,"featured_media":0,"comment_status":"closed","ping_status":"open","sticky":false,"template":"","format":"standard","meta":{"advanced_seo_description":"","spay_email":"","jetpack_publicize_message":"","jetpack_is_tweetstorm":false,"jetpack_publicize_feature_enabled":true},"categories":[6],"tags":[29,259,16],"jetpack_featured_media_url":"","jetpack_publicize_connections":[],"jetpack_sharing_enabled":true,"jetpack_shortlink":"https:\/\/wp.me\/p8mhvd-2e1","jetpack-related-posts":[{"id":11813,"url":"http:\/\/marburg.news\/?p=11813","url_meta":{"origin":8557,"position":0},"title":"Neu f\u00fcr Dieb: Blaues Damenrad gestohlen","date":"2. Februar 2023","format":false,"excerpt":"Ein blaues Damenrad im Wert von 100 Euro kam am Freitag (27. Januar) in der Universit\u00e4tsstra\u00dfe abhanden. Zwischen 14.30 und 14.35 Uhr nahmen Diebe das Rad mit auff\u00e4lligem R\u00fcckspiegel links am Lenker an sich und machten sich aus dem Staub. * pm: Polizei Marburg","rel":"","context":"In &quot;Sonstiges&quot;","img":{"alt_text":"","src":"","width":0,"height":0},"classes":[]},{"id":5571,"url":"http:\/\/marburg.news\/?p=5571","url_meta":{"origin":8557,"position":1},"title":"Schnelles Verschwinden: Damenrad An der Schanze gestohlen","date":"20. August 2020","format":false,"excerpt":"Obwohl ein wei\u00df-schwarzes Damenrad mit einem Schloss an einen Fahrradst\u00e4nder angeschlossen war, gelang sein Diebstahl. Das Ghost Kato 7.9 hat einen Wert von 1.500 Euro. Von Rad und Schloss fehlt derzeit jede Spur. Die Besitzerin hatte das Fahrrad am Sonntag (16. August) um 22 Uhr vor dem Anwesen An der\u2026","rel":"","context":"In &quot;Sonstiges&quot;","img":{"alt_text":"","src":"","width":0,"height":0},"classes":[]},{"id":571,"url":"http:\/\/marburg.news\/?p=571","url_meta":{"origin":8557,"position":2},"title":"Diebe: Damenrad weg und Einbruch gescheitert","date":"6. Juni 2017","format":false,"excerpt":"Ein Damenrad der Marke Gudereit im Wert von 570 Euro stahlen Unbekannte zwischen Sonntag (4. Juni) nach 22 Uhr und Montag (5. Juni) vor 10 Uhr in der Liebigstra\u00dfe. Mit dem Rad verschwanden ein Fahrradkorb und ein Abus-Kettenschloss. Am Freitag (23. Juni) und am Donnerstag 13. Juli) bietet die Polizei\u2026","rel":"","context":"In &quot;Sonstiges&quot;","img":{"alt_text":"","src":"","width":0,"height":0},"classes":[]},{"id":9942,"url":"http:\/\/marburg.news\/?p=9942","url_meta":{"origin":8557,"position":3},"title":"Sturz angezeigt: Polizei sucht Radfahrerin","date":"20. Juni 2022","format":false,"excerpt":"Nach der Kollision zwischen einem Audi A3 und einem Fahrrad sucht die Polizei die gest\u00fcrzte Radlerin. Bei ihr handelt es sich um eine Frau mit leicht gebr\u00e4untem Teint. Die sportlich schlanke Radfahrerin spricht italienisch, ist 1,60- bis 1,65 Meter gro\u00df und gesch\u00e4tzt \u00e4lter als 30 Jahre. Sie hatte wellige -\u2026","rel":"","context":"In &quot;Sonstiges&quot;","img":{"alt_text":"","src":"","width":0,"height":0},"classes":[]},{"id":14085,"url":"http:\/\/marburg.news\/?p=14085","url_meta":{"origin":8557,"position":4},"title":"Fahrraddiebstahl: In Gutenbergstra\u00dfe Kabelschloss zerst\u00f6rt","date":"16. Oktober 2023","format":false,"excerpt":"Ein rotes Damenrad stahlen Unbekannte am Sonntag (15. Oktober) in der Gutenbergstra\u00dfe. Zwischen 13.30 und 15.10 Uhr zerst\u00f6rten sie das Kabelschloss mit dem das Bike angebunden war. Dann schnappten sie sich das Damenrad des Herstellers Kalkhoff und fl\u00fcchteten. Der Schaden wird mit 320 Euro beziffert. Hinweise erbittet die Polizeistation in\u2026","rel":"","context":"In &quot;Sonstiges&quot;","img":{"alt_text":"","src":"","width":0,"height":0},"classes":[]},{"id":966,"url":"http:\/\/marburg.news\/?p=966","url_meta":{"origin":8557,"position":5},"title":"Bahn im Bahnhofsviertel: Zwei dreiste Diebst\u00e4hle von Fahrr\u00e4dern","date":"11. August 2017","format":false,"excerpt":"Zu Fahrraddiebst\u00e4hlen kam es am Dienstag und Donnerstag in der Bahnhofstra\u00dfe und der Rosenstra\u00dfe. Nur zwei Minuten stand ein Rennrad am Dienstag (8. August) gegen 19.45 Uhr unverschlossen am Fahrradst\u00e4nder vor dem Lebensmittelmarkt an der Rosenstra\u00dfe. Der Besitzer konnte sich an ein P\u00e4rchen erinnern, das ihn beim Abstellen beobachtet hatte.\u2026","rel":"","context":"In &quot;Sonstiges&quot;","img":{"alt_text":"","src":"","width":0,"height":0},"classes":[]}],"_links":{"self":[{"href":"http:\/\/marburg.news\/index.php?rest_route=\/wp\/v2\/posts\/8557"}],"collection":[{"href":"http:\/\/marburg.news\/index.php?rest_route=\/wp\/v2\/posts"}],"about":[{"href":"http:\/\/marburg.news\/index.php?rest_route=\/wp\/v2\/types\/post"}],"author":[{"embeddable":true,"href":"http:\/\/marburg.news\/index.php?rest_route=\/wp\/v2\/users\/2"}],"replies":[{"embeddable":true,"href":"http:\/\/marburg.news\/index.php?rest_route=%2Fwp%2Fv2%2Fcomments&post=8557"}],"version-history":[{"count":0,"href":"http:\/\/marburg.news\/index.php?rest_route=\/wp\/v2\/posts\/8557\/revisions"}],"wp:attachment":[{"href":"http:\/\/marburg.news\/index.php?rest_route=%2Fwp%2Fv2%2Fmedia&parent=8557"}],"wp:term":[{"taxonomy":"category","embeddable":true,"href":"http:\/\/marburg.news\/index.php?rest_route=%2Fwp%2Fv2%2Fcategories&post=8557"},{"taxonomy":"post_tag","embeddable":true,"href":"http:\/\/marburg.news\/index.php?rest_route=%2Fwp%2Fv2%2Ftags&post=8557"}],"curies":[{"name":"wp","href":"https:\/\/api.w.org\/{rel}","templated":true}]}}