{"id":8390,"date":"2021-12-16T14:23:19","date_gmt":"2021-12-16T13:23:19","guid":{"rendered":"http:\/\/marburg.news\/?p=8390"},"modified":"2021-12-16T14:23:19","modified_gmt":"2021-12-16T13:23:19","slug":"bessere-begruendung-grundlos-feuerloescher-in-schule-geleert","status":"publish","type":"post","link":"http:\/\/marburg.news\/?p=8390","title":{"rendered":"Bessere Begr\u00fcndung: Grundlos Feuerl\u00f6scher in Schule geleert"},"content":{"rendered":"<p>Ohne Grund leerten Unbekannte zwischen Dienstag (14. Dezember) nach 15 Uhr und Mittwoch (15. Dezember) vor 8 Uhr Feuerl\u00f6scher in zwei Klassenzimmern der kaufm\u00e4nnischen Schulen an der Leopold-Lucas-Stra\u00dfe. Die Polizei hat entsprechende Ermittlungen eingeleitet. <!--more--><br \/>\n&#8222;Wer so etwas macht, der sollte sich dar\u00fcber im Klaren sein, dass er den vielleicht in einer Notsituation erforderlichen Einsatz dieser Nothilfemittel verhindert&#8220;, warnte Polizeisprecher Martin Ahlich. &#8222;Mal abgesehen davon, dass dies f\u00fcr die Menschen in der Notsituation b\u00f6se enden kann, ist das ein Missbrauch beziehungsweise eine Beeintr\u00e4chtigung von Nothilfemitteln und damit eine Straftat nach Paragraph 145 Strafgesetzbuch und au\u00dferdem durch die Verschmutzung und erforderlichen Reinigungsarbeiten auch noch eine Sachbesch\u00e4digung.&#8220;<\/p>\n<p>* pm: Polizei Marburg<\/p>\n","protected":false},"excerpt":{"rendered":"<p>Ohne Grund leerten Unbekannte zwischen Dienstag (14. Dezember) nach 15 Uhr und Mittwoch (15. Dezember) vor 8 Uhr Feuerl\u00f6scher in zwei Klassenzimmern der kaufm\u00e4nnischen Schulen an der Leopold-Lucas-Stra\u00dfe. Die Polizei hat entsprechende Ermittlungen eingeleitet.<\/p>\n","protected":false},"author":2,"featured_media":0,"comment_status":"closed","ping_status":"open","sticky":false,"template":"","format":"standard","meta":{"advanced_seo_description":"","spay_email":"","jetpack_publicize_message":"","jetpack_is_tweetstorm":false,"jetpack_publicize_feature_enabled":true},"categories":[6],"tags":[2394,16,24],"jetpack_featured_media_url":"","jetpack_publicize_connections":[],"jetpack_sharing_enabled":true,"jetpack_shortlink":"https:\/\/wp.me\/p8mhvd-2bk","jetpack-related-posts":[{"id":13026,"url":"http:\/\/marburg.news\/?p=13026","url_meta":{"origin":8390,"position":0},"title":"Erneute Sachbesch\u00e4digung: Feuerl\u00f6scher auf Stra\u00dfe und Mauer gespr\u00fcht","date":"27. Juni 2023","format":false,"excerpt":"Ein Hausmeister meldete am Dienstag (27. Juni) um 5.45 Uhr dass jemand am Hirschberg einen Feuerl\u00f6scher auf der Stra\u00dfe geleert hatte. Die Polizei ermittelt wegen Missbrauchs von Unfallverh\u00fctungs- und Nothilfemitteln sowie Sachbesch\u00e4digung. Au\u00dfer auf die Stra\u00dfe spr\u00fchte derjenige mit dem hellblauen L\u00f6schpulver noch vier gro\u00dfe Buchstaben auf die Sandsteinwand der\u2026","rel":"","context":"In &quot;Sonstiges&quot;","img":{"alt_text":"","src":"","width":0,"height":0},"classes":[]},{"id":13925,"url":"http:\/\/marburg.news\/?p=13925","url_meta":{"origin":8390,"position":1},"title":"Geschlagenes Ger\u00e4t: Scheibe mit Feuerl\u00f6scher zerst\u00f6rt","date":"2. Oktober 2023","format":false,"excerpt":"Mit einem Feuerl\u00f6scher schlugen zwei M\u00e4nner am Samstag (30. September) die Scheibe eines VW ein. Die Tat geschah in der Tiefgarage des Schlossbergcenters an der Untergasse Aus dem grauen Golf nahmen die Unbekannten anschlie\u00dfend Kleidung und eine Sonnenbrille im Gesamtwert von etwa 450 Euro. Damit fl\u00fcchteten sie gegen 15.05 Uhr.\u2026","rel":"","context":"In &quot;Sonstiges&quot;","img":{"alt_text":"","src":"","width":0,"height":0},"classes":[]},{"id":6107,"url":"http:\/\/marburg.news\/?p=6107","url_meta":{"origin":8390,"position":2},"title":"Murks in Marburg: Feuer entz\u00fcndet nach Wutanfall","date":"2. Dezember 2020","format":false,"excerpt":"Nach eigenen Angaben f\u00fchrte der Einzug seiner EC-Karte an einem Automaten bei einem 44 Jahre alten Wohnsitzlosen zu einer w\u00fctenden Reaktion. Er riss mehrere Plakate von den W\u00e4nden, legte sie auf den Automaten und z\u00fcndete sie an. Das Feuer f\u00fchrte an dem Geldautomaten zu einem Schaden in vermutlich f\u00fcnfstelliger H\u00f6he.\u2026","rel":"","context":"In &quot;Sonstiges&quot;","img":{"alt_text":"","src":"","width":0,"height":0},"classes":[]},{"id":10102,"url":"http:\/\/marburg.news\/?p=10102","url_meta":{"origin":8390,"position":3},"title":"Umsicht lernen: Feuerwehrmann griff fr\u00fchzeitig ein","date":"11. Juli 2022","format":false,"excerpt":"Bei einem privaten Besuch des Stadtfests \"3TM\" entdeckte ein Berufsfeuerwehrmann in der Nacht zum Samstag (9. Juli) gegen 0.30 Uhr, im Treppenhaus eines Geb\u00e4udes an der Reitgasse einen Brand. Durch Sofortma\u00dfnahmen sorgte er daf\u00fcr, dass nicht noch Schlimmeres passierte. Der Feuerwehrmann lief in die nahe Gastst\u00e4tte und l\u00f6schte das Feuer\u2026","rel":"","context":"In &quot;Sonstiges&quot;","img":{"alt_text":"","src":"","width":0,"height":0},"classes":[]},{"id":5494,"url":"http:\/\/marburg.news\/?p=5494","url_meta":{"origin":8390,"position":4},"title":"Unerlaubt erf\u00fcllt: Angeblicher Sachverst\u00e4ndiger verursachte Zweifel","date":"3. August 2020","format":false,"excerpt":"Selbst rief ein sp\u00e4ter vor\u00fcbergehend festgenommener Tatverd\u00e4chtiger am Freitag (31. Juli) kurz vor 14 Uhr die Polizei an. Nach eigenen Angaben hatte er mit einem Kunden einen Streit und erhielt im Verlauf einen Schlag. Der in Rheinland-Pfalz lebende 33 Jahre alte Mann beteuerte bis zuletzt, als selbst\u00e4ndiger Brandschutzbeauftragter seine Arbeit,\u2026","rel":"","context":"In &quot;Sonstiges&quot;","img":{"alt_text":"","src":"","width":0,"height":0},"classes":[]},{"id":4856,"url":"http:\/\/marburg.news\/?p=4856","url_meta":{"origin":8390,"position":5},"title":"Fenster gekippt: Inhalt von Feuerl\u00f6scher in wohnung gespr\u00fcht","date":"19. M\u00e4rz 2020","format":false,"excerpt":"Ein gekipptes Fenster nutzte ein Unbekannter am Sonntag (15. M\u00e4rz). Durch die \u00d6ffnung spr\u00fchte er zwischen 15 und 19.30 Uhr den Inhalt eines Feuerl\u00f6schers in die Erdgeschosswohnung. Abgesehen von dem - dadurch notwendigen - erheblichen Reinigungsaufwand klagte der zur Tatzeit anwesende Mieter \u00fcber Atembeschwerden und suchte einen Arzt auf. Die\u2026","rel":"","context":"In &quot;Sonstiges&quot;","img":{"alt_text":"","src":"","width":0,"height":0},"classes":[]}],"_links":{"self":[{"href":"http:\/\/marburg.news\/index.php?rest_route=\/wp\/v2\/posts\/8390"}],"collection":[{"href":"http:\/\/marburg.news\/index.php?rest_route=\/wp\/v2\/posts"}],"about":[{"href":"http:\/\/marburg.news\/index.php?rest_route=\/wp\/v2\/types\/post"}],"author":[{"embeddable":true,"href":"http:\/\/marburg.news\/index.php?rest_route=\/wp\/v2\/users\/2"}],"replies":[{"embeddable":true,"href":"http:\/\/marburg.news\/index.php?rest_route=%2Fwp%2Fv2%2Fcomments&post=8390"}],"version-history":[{"count":0,"href":"http:\/\/marburg.news\/index.php?rest_route=\/wp\/v2\/posts\/8390\/revisions"}],"wp:attachment":[{"href":"http:\/\/marburg.news\/index.php?rest_route=%2Fwp%2Fv2%2Fmedia&parent=8390"}],"wp:term":[{"taxonomy":"category","embeddable":true,"href":"http:\/\/marburg.news\/index.php?rest_route=%2Fwp%2Fv2%2Fcategories&post=8390"},{"taxonomy":"post_tag","embeddable":true,"href":"http:\/\/marburg.news\/index.php?rest_route=%2Fwp%2Fv2%2Ftags&post=8390"}],"curies":[{"name":"wp","href":"https:\/\/api.w.org\/{rel}","templated":true}]}}