{"id":8110,"date":"2021-11-10T15:34:13","date_gmt":"2021-11-10T14:34:13","guid":{"rendered":"http:\/\/marburg.news\/?p=8110"},"modified":"2021-11-10T15:34:13","modified_gmt":"2021-11-10T14:34:13","slug":"zahlen-statt-prahlen-haus-der-ortenberggemeinde-wird-barrierefrei","status":"publish","type":"post","link":"http:\/\/marburg.news\/?p=8110","title":{"rendered":"Zahlen statt prahlen: Haus der Ortenberggemeinde wird barrierefrei"},"content":{"rendered":"<p>Die Stadt investiert 136.500 Euro f\u00fcr Barrierefreiheit. Daf\u00fcr gibt es einen Aufzug, eine Au\u00dfentreppe und einen neues WC f\u00fcr das Gemeinschaftshaus am Ortenberg. <!--more--><br \/>\nDas Gemeinschaftshaus der Ortenberggemeinde wird f\u00fcr zahlreiche Vereinsaktivit\u00e4ten genutzt. Die im Erdgeschoss genutzten R\u00e4ume stehen au\u00dferdem zur Anmietung &#8211; etwa f\u00fcr private Feiern &#8211; zur Verf\u00fcgung. Bislang war das 1926 errichtete Geb\u00e4ude allerdings nicht barrierefrei zug\u00e4nglich.<br \/>\nUm das zu \u00e4ndern, hat die Stadt Marburg rund 136.500 Euro investiert. &#8222;Die Ortenberggemeinde versteht ihr Haus als Begegnungsort f\u00fcr die B\u00fcrgerschaft; und genau das kann es nun wieder sein&#8220;, sagte Oberb\u00fcrgermeister Dr. Thomas Spies.<br \/>\n&#8222;Eine eigene Gemeinschaft &#8211; ein Team &#8211; innerhalb einer Stadt ist immer ein Gewinn f\u00fcr die B\u00fcrgerinnen und B\u00fcrger&#8220;, erkl\u00e4rte er. &#8222;Und umso sch\u00f6ner ist es, wenn diese Gemeinschaft einen Ort hat, der als Treffpunkt f\u00fcr Zusammenk\u00fcnfte zur Verf\u00fcgung steht. Wir freuen uns mit der Ortenberggemeinde, dass dieser Ort nun noch einmal mehr zum Zusammensein einl\u00e4dt.&#8220;<br \/>\nDie Ortenberggemeinde ist eine von Marburgs Stadtteilgemeinden, die das Gemeinschaftshaus am Ortenberg f\u00fcr viele ihrer zahlreichen Vereinsaktivit\u00e4ten nutzt. Der Gemeinde stehen die R\u00e4ume des vierst\u00f6ckigen Geb\u00e4udes im Erdgeschoss zur Verf\u00fcgung.<br \/>\nIn den dar\u00fcber liegenden Etagen befinden sich Mietwohnungen. Neben einer K\u00fcche und einem Thekenraum mit anschlie\u00dfendem Saal steht der Ortenberggemeinde noch ein weiterer Raum mit kleiner Pantry-K\u00fcche zur Verf\u00fcgung.<br \/>\nBislang waren die R\u00e4ume der Ortenberggemeinde nur \u00fcber eine zw\u00f6lfstufige Treppe an der Nordseite an der Ecke der Rudolf-Bultmann-Stra\u00dfe und der Georg-Voigt-Stra\u00dfe zu erreichen. Die Stadt hat rund 136.500 Euro investiert, um das Erdgeschoss barrierefrei zu erschlie\u00dfen. Im M\u00e4rz begannen am \u00f6stlichen Teil des Geb\u00e4udes die Arbeiten f\u00fcr einen Plattformlift mit direktem Zugang in den Aufenthaltsraum der Gemeinde.<br \/>\nDie Ver\u00e4nderungen am Gemeinschaftshaus sahen sich neben Stadtr\u00e4tin Kirsten Dinnebier noch weitere geladene G\u00e4ste w\u00e4hrend der Einweihungsfeier an. &#8222;Das Gemeinschaftshaus steht nun wirklich allen offen, die es besuchen und nutzen m\u00f6chten, auch mobilit\u00e4tseingeschr\u00e4nkten Personen wie Rollstuhlfahrer*innen oder Eltern mit Kinderwagen&#8220;&#8220;, erkl\u00e4rte Dinnebier.<br \/>\nNicht nur au\u00dfen, sondern auch innen gibt es einige Ver\u00e4nderungen. So wurden die R\u00e4ume vollst\u00e4ndig renoviert, erhielten beispielsweise einen hellen Anstrich und neue Vorh\u00e4nge. &#8222;Besonders erfreulich ist es, dass an alle gedacht wurde &#8211; so wurde etwa der Jugendraum mit neuer M\u00f6blierung ausgestattet&#8220;, bemerkte Dinnebier.<br \/>\nDer Jugendraum der Ortenberggemeinde sowie das Erdgeschoss k\u00f6nnen von der unteren Parkplatzebene beziehungsweise Untergeschossebene aus \u00fcber den Plattformlift erreicht werden. Von der K\u00fcche im Erdgeschoss f\u00fchrt nun au\u00dferdem eine Au\u00dfentreppe ins Freie &#8211; als zweiter Flucht- und Rettungsweg.<br \/>\nDazu wurde eine Fensterbr\u00fcstung abgebrochen und eine verglaste Fluchtt\u00fcr mit Oberlicht in die \u00d6ffnung eingesetzt &#8211; das hat zus\u00e4tzlich auch f\u00fcr mehr Licht gesorgt.<br \/>\nDar\u00fcber hinaus gibt es nun auch ein barrierefreies WC. Dort wurde au\u00dferdem eine klappbare Wickelkommode angebracht.<br \/>\nDie vorbereitenden Ma\u00dfnahmen, wie Herrichten, Rohbau und Abbruch haben circa 24.500 Euro gekostet. Der Aufzug kostete etwa 58.000 Euro, bauseitige Nebenarbeiten rund 5000 Euro, die barrierefreie Toilette circa 10.000 Euro, der zweite Flucht- und Rettungsweg etwa 15.000 Euro, Elektroarbeiten sowie Baunebenkosten jeweils rund 12.000 Euro.<br \/>\nDie Stadtr\u00e4tin hob w\u00fcrdigend hervor, wieviel Engagement auch die Mitglieder der Ortenberggemeinde investiert haben. Das waren mehr als 650 Arbeitsstunden in Eigenleistung.<br \/>\n&#8222;Die Entr\u00fcmpelung der Kellerr\u00e4ume muss aber noch fortgef\u00fchrt werden&#8220;, erg\u00e4nzte der Vorstandsvorsitzende Pit Metz und gab einen kleinen Einblick in weitere Pl\u00e4ne: &#8222;Ab kommenden Dienstag werden wir dort w\u00f6chentlich einen ,offenen Ortenbergtreff&#8216; mit ,Kneipe&#8216; einrichten.&#8220; Weitere Angebote sollen folgen.<br \/>\nStadtverordnetenvorsteherin Dr. Elke Neuwohner \u00fcberbrachte au\u00dferdem Gr\u00fc\u00dfe der Stadtverordnetenversammlung (StVV). Die Ortenberggemeinde hatte unter anderem auch Magistratsmitglieder, Vertreter*innen anderer Stadtteilgemeinden und Mitarbeitende des st\u00e4dtischen Fachdienstes Hochbau zur Einweihung des Geb\u00e4udes eingeladen. Nach den offiziellen Reden gab es hausgemachte Pizzen f\u00fcr die G\u00e4ste.<\/p>\n<p>* pm: Stadt Marburg<\/p>\n","protected":false},"excerpt":{"rendered":"<p>Die Stadt investiert 136.500 Euro f\u00fcr Barrierefreiheit. Daf\u00fcr gibt es einen Aufzug, eine Au\u00dfentreppe und einen neues WC f\u00fcr das Gemeinschaftshaus am Ortenberg.<\/p>\n","protected":false},"author":2,"featured_media":0,"comment_status":"closed","ping_status":"open","sticky":false,"template":"","format":"standard","meta":{"advanced_seo_description":"","spay_email":"","jetpack_publicize_message":"","jetpack_is_tweetstorm":false,"jetpack_publicize_feature_enabled":true},"categories":[3,2,4],"tags":[381,1050,2116],"jetpack_featured_media_url":"","jetpack_publicize_connections":[],"jetpack_sharing_enabled":true,"jetpack_shortlink":"https:\/\/wp.me\/p8mhvd-26O","jetpack-related-posts":[{"id":17491,"url":"http:\/\/marburg.news\/?p=17491","url_meta":{"origin":8110,"position":0},"title":"Aufzug ausgefallen: Wahllokal im Haus der Jugend nicht barrierefrei","date":"12. Februar 2025","format":false,"excerpt":"Der Aufzug im Wahllokal \"Haus der Jugend\" ist defekt. Das hat die Stadt Marburg am Mittwoch (12. Februar) mitgeteilt. Das Wahllokal im \"Haus der Jugend\" in der Frankfurter Stra\u00dfe 21 wird zur Bundestagswahl am Sonntag (23. Februar) nicht \"barrierefrei\" sein. Der Aufzug ist defekt und kann bis zum Wahl-Termin nicht\u2026","rel":"","context":"In &quot;Politik&quot;","img":{"alt_text":"","src":"","width":0,"height":0},"classes":[]},{"id":17896,"url":"http:\/\/marburg.news\/?p=17896","url_meta":{"origin":8110,"position":1},"title":"Stressfreie Schule: Richtfest f\u00fcr Neubau in Cappel","date":"25. April 2025","format":false,"excerpt":"Die Erich K\u00e4stner-Schule freut sich \u00fcber einen Neubau. Daf\u00fcr investiert die Stadt Marburg 20 Millionen Euro. Die Erich K\u00e4stner-Schule in Cappel bekommt einen Ersatzneubau mit Klassenr\u00e4umen, einer Cafeteria und R\u00e4umen f\u00fcr Kinderbetreuung. Das ist Teil des \"Bildungsbauprogramms\" BiBaP II. Die Stadt investiert daf\u00fcr insgesamt rund 20 Millionen Euro. Es ist\u2026","rel":"","context":"In &quot;Bildung&quot;","img":{"alt_text":"","src":"","width":0,"height":0},"classes":[]},{"id":975,"url":"http:\/\/marburg.news\/?p=975","url_meta":{"origin":8110,"position":2},"title":"Organisatorisch entgegenkommend: Aufzug zum Ortenbergsteg wird erneuert","date":"15. August 2017","format":false,"excerpt":"Die Universit\u00e4tsstadt Marburg ersetzt wesentliche Teile des Aufzugs am Ortenbergsteg. Die Arbeiten beginnen am Montag (28. August) und dauern etwa eine Woche. Die b\u00fcrgerfreundliche und behindertengerechte Erreichbarkeit des Hauptbahnhofs und des Ortenbergs hat f\u00fcr die Stadt Marburg hohe Priorit\u00e4t. Diesem Ziel dient auch der Personenaufzug zwischen dem Bahnhofsvorplatz und dem\u2026","rel":"","context":"In &quot;Soziales&quot;","img":{"alt_text":"","src":"","width":0,"height":0},"classes":[]},{"id":16580,"url":"http:\/\/marburg.news\/?p=16580","url_meta":{"origin":8110,"position":3},"title":"Gemeinsam am Start: 3.000 Schritte mit dem Oberb\u00fcrgermeister am Ortenberg","date":"11. Oktober 2024","format":false,"excerpt":"Mit der Bev\u00f6lkerung ins Gespr\u00e4ch kommen m\u00f6chte Dr. Thomas Spies bei der Reihe \"3.000 Schritte mit dem Oberb\u00fcrgermeister\". Bei gemeinsamen Spazierg\u00e4ngen will er die Belange der Menschen vor Ort sehen und besprechen. Genau das ist das Ziel der gemeinsamen Stadtteilspazierg\u00e4nge mit dem Oberb\u00fcrgermeister. Nun geht es an den Ortenberg. Auf\u2026","rel":"","context":"In &quot;Politik&quot;","img":{"alt_text":"","src":"","width":0,"height":0},"classes":[]},{"id":19880,"url":"http:\/\/marburg.news\/?p=19880","url_meta":{"origin":8110,"position":4},"title":"Sprechstunde Spies: Oberb\u00fcrgermeister im Gemeindehaus am Ortenberg","date":"15. April 2026","format":false,"excerpt":"Eine Offene B\u00fcrgersprechstunde am Ortenberg mit Oberb\u00fcrgermeister Dr. Thomas Spies hat die Stadt Marburg am Mittwoch (15. April) angek\u00fcndigt. Stattfinden soll sie am Dienstag (28. April). Oberb\u00fcrgermeister Dr. Thomas Spies l\u00e4dt zu einer offenen Sprechstunde am Ortenberg ein. Alle interessierten Bewohnerinnen und Bewohner des Stadtteils haben am Dienstag (28. April)\u2026","rel":"","context":"In &quot;Politik&quot;","img":{"alt_text":"","src":"","width":0,"height":0},"classes":[]},{"id":8941,"url":"http:\/\/marburg.news\/?p=8941","url_meta":{"origin":8110,"position":5},"title":"Mobilit\u00e4t f\u00fcr alle: Barrierefreie Bushaltestellen an der Konrad-Adenauer-Br\u00fccke","date":"15. M\u00e4rz 2022","format":false,"excerpt":"Die Bushaltestellen an der Konrad-Adenauer-Br\u00fccke werden barrierefrei umgebaut. Das verursacht Verkehrseinschr\u00e4nkungen und eine Sperrung. Zu barrierefreier Mobilit\u00e4t f\u00fcr alle Menschen geh\u00f6rt insbesondere, dass auch die Bushaltestellen barrierefrei sind. Jedes Jahr setzt die Stadt Marburg den Umbau mehrere Bushaltestellen um. Noch im M\u00e4rz starten daf\u00fcr Bauarbeiten an den beiden Haltestellen der\u2026","rel":"","context":"In &quot;Soziales&quot;","img":{"alt_text":"","src":"","width":0,"height":0},"classes":[]}],"_links":{"self":[{"href":"http:\/\/marburg.news\/index.php?rest_route=\/wp\/v2\/posts\/8110"}],"collection":[{"href":"http:\/\/marburg.news\/index.php?rest_route=\/wp\/v2\/posts"}],"about":[{"href":"http:\/\/marburg.news\/index.php?rest_route=\/wp\/v2\/types\/post"}],"author":[{"embeddable":true,"href":"http:\/\/marburg.news\/index.php?rest_route=\/wp\/v2\/users\/2"}],"replies":[{"embeddable":true,"href":"http:\/\/marburg.news\/index.php?rest_route=%2Fwp%2Fv2%2Fcomments&post=8110"}],"version-history":[{"count":0,"href":"http:\/\/marburg.news\/index.php?rest_route=\/wp\/v2\/posts\/8110\/revisions"}],"wp:attachment":[{"href":"http:\/\/marburg.news\/index.php?rest_route=%2Fwp%2Fv2%2Fmedia&parent=8110"}],"wp:term":[{"taxonomy":"category","embeddable":true,"href":"http:\/\/marburg.news\/index.php?rest_route=%2Fwp%2Fv2%2Fcategories&post=8110"},{"taxonomy":"post_tag","embeddable":true,"href":"http:\/\/marburg.news\/index.php?rest_route=%2Fwp%2Fv2%2Ftags&post=8110"}],"curies":[{"name":"wp","href":"https:\/\/api.w.org\/{rel}","templated":true}]}}