{"id":7781,"date":"2021-09-20T18:00:11","date_gmt":"2021-09-20T16:00:11","guid":{"rendered":"http:\/\/marburg.news\/?p=7781"},"modified":"2021-09-20T18:00:11","modified_gmt":"2021-09-20T16:00:11","slug":"bemalungen-parkende-autos-verziert-und-beschaedigt","status":"publish","type":"post","link":"http:\/\/marburg.news\/?p=7781","title":{"rendered":"Bemalungen: Parkende Autos &#8222;verziert&#8220; und besch\u00e4digt"},"content":{"rendered":"<p>Eine unerw\u00fcnschte Verzierung beklagt der Besitzer eines schwarzen Golf Plus. Unbekannte spr\u00fchten einen silbernen Glitzerlack auf das Auto. <!--more--><br \/>\nDie Polizei sch\u00e4tzt den Schaden auf mindestens 3.000 Euro. Die Spr\u00fchaktion erfolgte am Montag (13. September) zwischen 13 und 18 Uhr in der Stra\u00dfe &#8222;Am Vogelber&#8220;.<br \/>\nIhre Zerst\u00f6rungswut lie\u00dfen Unbekannte in der Frankfurter Stra\u00dfe an einem Opel aus. Der braune Meriva parkte zwischen Freitag (17. September) nach 16 Uhr und Samstag (18. September) vor 10 Uhr in H\u00f6he der Hausnummer 55 am Fahrbahnrand. Die T\u00e4ter lie\u00dfen gro\u00dffl\u00e4chig Kratzer auf der Motorhaube sowie auf der linken und rechten Fahrzeugseite zur\u00fcck.<\/p>\n<p>* pm: Polizei Marburg<\/p>\n","protected":false},"excerpt":{"rendered":"<p>Eine unerw\u00fcnschte Verzierung beklagt der Besitzer eines schwarzen Golf Plus. Unbekannte spr\u00fchten einen silbernen Glitzerlack auf das Auto.<\/p>\n","protected":false},"author":2,"featured_media":0,"comment_status":"closed","ping_status":"open","sticky":false,"template":"","format":"standard","meta":{"advanced_seo_description":"","spay_email":"","jetpack_publicize_message":"","jetpack_is_tweetstorm":false,"jetpack_publicize_feature_enabled":true},"categories":[6],"tags":[151,16,24],"jetpack_featured_media_url":"","jetpack_publicize_connections":[],"jetpack_sharing_enabled":true,"jetpack_shortlink":"https:\/\/wp.me\/p8mhvd-21v","jetpack-related-posts":[{"id":18659,"url":"http:\/\/marburg.news\/?p=18659","url_meta":{"origin":7781,"position":0},"title":"Zur Selbstbedienung: Erneut Scheiben von Autos eingeschlagen","date":"5. September 2025","format":false,"excerpt":"Eine Scheibe eines grauen Seat Leon schlugen Unbekannte im Zeitraum von Mittwoch (3. September) ab 16 Uhr bis Donnerstag (4. September) bis 6.10 Uhr auf dem gro\u00dfen Parkplatz neben dem Sportplatz am Trojedamm ein. Unter anderem lie\u00dfen sie einen Fahrzeugschein mitgehen. In der Zeit zwischen Mittwoch (3. September) nach 23.30\u2026","rel":"","context":"In &quot;Sonstiges&quot;","img":{"alt_text":"","src":"","width":0,"height":0},"classes":[]},{"id":17299,"url":"http:\/\/marburg.news\/?p=17299","url_meta":{"origin":7781,"position":1},"title":"F\u00fcr Freigabe: Diebst\u00e4hle aus unverschlossenen Autos","date":"10. Januar 2025","format":false,"excerpt":"Eine Geldb\u00f6rse und Sonnenbrillen haben Unbekannte aus unverschlossenen Autos gestohlen. Die Diebst\u00e4hle erfolgten in Lahntal-Sterzhausen und Marburg-Elnhausen. in Sterzhausen lie\u00dfen Diebe am Donnerstag (9. Januar) gegen 3.30 Uhr aus einem vermutlich unverschlossenen schwarzen Mercedes GLE eine Geldb\u00f6rse und eine T\u00fcte Gummib\u00e4rchen mitgehen. Das Fahrzeug parkte zu diesem Zeitpunkt in der\u2026","rel":"","context":"In &quot;Sonstiges&quot;","img":{"alt_text":"","src":"","width":0,"height":0},"classes":[]},{"id":12717,"url":"http:\/\/marburg.news\/?p=12717","url_meta":{"origin":7781,"position":2},"title":"Abgebrochen: Mercedesstern, Kennzeichen und Schl\u00fcssel gestohlen","date":"1. Juni 2023","format":false,"excerpt":"Zwei Autos einer Car-Sharing-Firma brachen Unbekannte in der Siemensstra\u00dfe auf. Derzeit geht die Polizei davon aus, dass sie in der Nacht vom Dienstag (30. Mai) auf Mittwoch (31. Mai) jeweils eine Scheibe der Corsas einschlugen. Inneren suchten sie nach Beute. Aus den Handschuhf\u00e4chern lie\u00dfen sie Fahrzeugschl\u00fcssel, Tankkarten und Papiere mitgehen.\u2026","rel":"","context":"In &quot;Sonstiges&quot;","img":{"alt_text":"","src":"","width":0,"height":0},"classes":[]},{"id":5783,"url":"http:\/\/marburg.news\/?p=5783","url_meta":{"origin":7781,"position":3},"title":"Anst\u00f6\u00dfiges angestellt: Autos vors\u00e4tzlich und bei Unfall besch\u00e4digt","date":"1. Oktober 2020","format":false,"excerpt":"Mehrere Autos haben Unbekannte zwischen Mittwoch (30. September) nach 19.15 Uhr und Donnerstag (1. Oktober) vor 8 Uhr in Schr\u00f6ck zerkratzten. Im Hetzelweg hatten es die Randalierer auf einen Audi, einen BMW und VW abgesehen. In der Stra\u00dfe \"Markth\u00f6he\" besch\u00e4digten sie einen Peugeot. Der Gesamtschaden an den Fahrzeugen wird auf\u2026","rel":"","context":"In &quot;Sonstiges&quot;","img":{"alt_text":"","src":"","width":0,"height":0},"classes":[]},{"id":7846,"url":"http:\/\/marburg.news\/?p=7846","url_meta":{"origin":7781,"position":4},"title":"Tat aus Zerst\u00f6rungswut: Sch\u00e4den an Scheibe von Haust\u00fcr","date":"29. September 2021","format":false,"excerpt":"Ihre Zerst\u00f6rungswut lie\u00dfen Unbekannte an der Verglasung einer Haust\u00fcr an der Frankfurter Stra\u00dfe aus. Am Dienstag (28. September) zwischen 21 und 22 Uhr vergriffen sie sich an der Scheibe. Die Reparatur wird etwa 200 Euro kosten. Die Polizei hofft auf Hinweise m\u00f6glicher Zeugen. * pm: Polizei Marburg","rel":"","context":"In &quot;Sonstiges&quot;","img":{"alt_text":"","src":"","width":0,"height":0},"classes":[]},{"id":18671,"url":"http:\/\/marburg.news\/?p=18671","url_meta":{"origin":7781,"position":5},"title":"Am Dienstag: F\u00fcnf Autoaufbr\u00fcche im Stadtgebiet gemeldet","date":"9. September 2025","format":false,"excerpt":"F\u00fcnf Autoaufbr\u00fcche im Stadtgebiet meldete die Polizei am Dienstag (9. September). Zwischen Sonntag (7. September) nach 21 Uhr und Montag (8. September) bis 7.15 Uhr schlugen Unbekannte Scheiben an zwei Autos ein. Im Damaschkeweg in H\u00f6he der Hausnummer 7 zerst\u00f6rten sie eine Scheibe eines blauen Ford Focus und durchsuchten anschlie\u00dfen\u2026","rel":"","context":"In &quot;Sonstiges&quot;","img":{"alt_text":"","src":"","width":0,"height":0},"classes":[]}],"_links":{"self":[{"href":"http:\/\/marburg.news\/index.php?rest_route=\/wp\/v2\/posts\/7781"}],"collection":[{"href":"http:\/\/marburg.news\/index.php?rest_route=\/wp\/v2\/posts"}],"about":[{"href":"http:\/\/marburg.news\/index.php?rest_route=\/wp\/v2\/types\/post"}],"author":[{"embeddable":true,"href":"http:\/\/marburg.news\/index.php?rest_route=\/wp\/v2\/users\/2"}],"replies":[{"embeddable":true,"href":"http:\/\/marburg.news\/index.php?rest_route=%2Fwp%2Fv2%2Fcomments&post=7781"}],"version-history":[{"count":0,"href":"http:\/\/marburg.news\/index.php?rest_route=\/wp\/v2\/posts\/7781\/revisions"}],"wp:attachment":[{"href":"http:\/\/marburg.news\/index.php?rest_route=%2Fwp%2Fv2%2Fmedia&parent=7781"}],"wp:term":[{"taxonomy":"category","embeddable":true,"href":"http:\/\/marburg.news\/index.php?rest_route=%2Fwp%2Fv2%2Fcategories&post=7781"},{"taxonomy":"post_tag","embeddable":true,"href":"http:\/\/marburg.news\/index.php?rest_route=%2Fwp%2Fv2%2Ftags&post=7781"}],"curies":[{"name":"wp","href":"https:\/\/api.w.org\/{rel}","templated":true}]}}