{"id":7658,"date":"2021-08-25T16:35:49","date_gmt":"2021-08-25T14:35:49","guid":{"rendered":"http:\/\/marburg.news\/?p=7658"},"modified":"2021-08-25T16:35:49","modified_gmt":"2021-08-25T14:35:49","slug":"scheibe-und-schaden-schuss-auf-haus-in-wehrda","status":"publish","type":"post","link":"http:\/\/marburg.news\/?p=7658","title":{"rendered":"Scheibe und Schaden: Schuss auf Haus in Wehrda"},"content":{"rendered":"<p>Am Donnerstag, 19. August) bemerkten die Mieter einer Wohnung des Hauses Ernst-Lemmer-Stra\u00dfe 14 einen Schaden in der \u00e4u\u00dferen Scheibe des doppelt verglasten Fensters der Balkont\u00fcr. Der Schadenseintritt kann zur\u00fcckliegen bis zum Samstag (31. Juli). <!--more--><br \/>\nM\u00f6glicherweise resultiert der Schaden aus dem Einschlag einer Metallkugel. Abgefeuert worden k\u00f6nnte sie aus einer Zwille oder auch einer Softairwaffe aus dem gegen\u00fcberliegenden Haus Nummer 101 sein.<\/p>\n<p>* pm: Polizei Marburg<\/p>\n","protected":false},"excerpt":{"rendered":"<p>Am Donnerstag, 19. August) bemerkten die Mieter einer Wohnung des Hauses Ernst-Lemmer-Stra\u00dfe 14 einen Schaden in der \u00e4u\u00dferen Scheibe des doppelt verglasten Fensters der Balkont\u00fcr. Der Schadenseintritt kann zur\u00fcckliegen bis zum Samstag (31. Juli).<\/p>\n","protected":false},"author":2,"featured_media":0,"comment_status":"closed","ping_status":"open","sticky":false,"template":"","format":"standard","meta":{"advanced_seo_description":"","spay_email":"","jetpack_publicize_message":"","jetpack_is_tweetstorm":false,"jetpack_publicize_feature_enabled":true},"categories":[6],"tags":[16,584,1759],"jetpack_featured_media_url":"","jetpack_publicize_connections":[],"jetpack_sharing_enabled":true,"jetpack_shortlink":"https:\/\/wp.me\/p8mhvd-1Zw","jetpack-related-posts":[{"id":6578,"url":"http:\/\/marburg.news\/?p=6578","url_meta":{"origin":7658,"position":0},"title":"Klirrend schnell: Scheibe von Auto und Haus zerst\u00f6rt","date":"19. Februar 2021","format":false,"excerpt":"Nachdem der T\u00e4ter die Scheibe der Beifahrert\u00fcr eingeschlagen hatte, stahl er eine Warnweste, den Fahrzeugschein, Verbandskasten und Tabakwaren. Der Diebstahl aus dem wei\u00dfen Iveco Kleintransporter erfolgte in der Nacht zum Freitag (19. Februar) zwischen 19 und 3 Uhr. Der Mietwagen parkte in dieser Zeit vor dem Anwesen \"Am Richtsberg\" 58.\u2026","rel":"","context":"In &quot;Sonstiges&quot;","img":{"alt_text":"","src":"","width":0,"height":0},"classes":[]},{"id":18114,"url":"http:\/\/marburg.news\/?p=18114","url_meta":{"origin":7658,"position":1},"title":"Aneignung: Serie von Diebst\u00e4hlen aus Autos","date":"2. Juni 2025","format":false,"excerpt":"Auf unbekannte Weise haben Unbekannte zwei Airbags ausgel\u00f6st. Vermutlich geschah das bei dem Versuch, m\u00f6gliche Wertsachen aus einem braunen VW Jetta zu stehlen. Dabei entstand am Samstag (31. Mai) zwischen 12 und 13 Uhr ein Schaden von etwa 5.000 Euro an dem VW, der zu der Zeit in der Frauenbergstra\u00dfe\u2026","rel":"","context":"In &quot;Sonstiges&quot;","img":{"alt_text":"","src":"","width":0,"height":0},"classes":[]},{"id":7846,"url":"http:\/\/marburg.news\/?p=7846","url_meta":{"origin":7658,"position":2},"title":"Tat aus Zerst\u00f6rungswut: Sch\u00e4den an Scheibe von Haust\u00fcr","date":"29. September 2021","format":false,"excerpt":"Ihre Zerst\u00f6rungswut lie\u00dfen Unbekannte an der Verglasung einer Haust\u00fcr an der Frankfurter Stra\u00dfe aus. Am Dienstag (28. September) zwischen 21 und 22 Uhr vergriffen sie sich an der Scheibe. Die Reparatur wird etwa 200 Euro kosten. Die Polizei hofft auf Hinweise m\u00f6glicher Zeugen. * pm: Polizei Marburg","rel":"","context":"In &quot;Sonstiges&quot;","img":{"alt_text":"","src":"","width":0,"height":0},"classes":[]},{"id":12598,"url":"http:\/\/marburg.news\/?p=12598","url_meta":{"origin":7658,"position":3},"title":"Einschlagende Eindringlinge: Autos besch\u00e4digt und teils ausger\u00e4umt","date":"15. Mai 2023","format":false,"excerpt":"Bei einem schwarzen BMW schlugen Unbekannte die Scheibe ein. Damit verursachten sie einen Schadem von etwa 500 Euro. Bislang steht nicht fest, ob aus dem - in der Verl\u00e4ngerung des Kaffwegs geparkten - Auto etwas fehlt. Die Polizei sucht Zeugen: Wem ist zwischen Freitag (12. Mai) nach 9 Uhr und\u2026","rel":"","context":"In &quot;Sonstiges&quot;","img":{"alt_text":"","src":"","width":0,"height":0},"classes":[]},{"id":12400,"url":"http:\/\/marburg.news\/?p=12400","url_meta":{"origin":7658,"position":4},"title":"Aufbruch von Auto: Scheibe eingeschlagen in Ockershausen","date":"19. April 2023","format":false,"excerpt":"Durch Einschlagen der hinteren rechten Seitenscheibe entstand dem Besitzer eines schwarzen Autos ein Schaden von mehreren Hundert Euro. Nach den Spuren fehlt aus dem Auto nichts. Deshalb geht die Polizei derzeit von einer Sachbesch\u00e4digung aus. Die Tat geschah am Dienstag (18. April) zwischen 7.15 und 14.15 Uhr. Der Suzuki Alto\u2026","rel":"","context":"In &quot;Sonstiges&quot;","img":{"alt_text":"","src":"","width":0,"height":0},"classes":[]},{"id":6557,"url":"http:\/\/marburg.news\/?p=6557","url_meta":{"origin":7658,"position":5},"title":"Ganoven gesucht: Diebe und Einbrecher in Aktion","date":"16. Februar 2021","format":false,"excerpt":"Die Schuhspur an der Scheibe des Verkaufstresens eines Gastronomiebetriebs im Lahn-Center am Pilgrimstein war deutlich erkennbar. Der Tritt besch\u00e4digte die Scheibe und verursachte einen Schaden von mehreren Hundert Euro. Ob es sich dabei um einen Einbruchsversuch oder eine Sachbesch\u00e4digung handelt, ist nicht bekannt. Die Tat geschah zwischen Sonntag (14. Februar)\u2026","rel":"","context":"In &quot;Sonstiges&quot;","img":{"alt_text":"","src":"","width":0,"height":0},"classes":[]}],"_links":{"self":[{"href":"http:\/\/marburg.news\/index.php?rest_route=\/wp\/v2\/posts\/7658"}],"collection":[{"href":"http:\/\/marburg.news\/index.php?rest_route=\/wp\/v2\/posts"}],"about":[{"href":"http:\/\/marburg.news\/index.php?rest_route=\/wp\/v2\/types\/post"}],"author":[{"embeddable":true,"href":"http:\/\/marburg.news\/index.php?rest_route=\/wp\/v2\/users\/2"}],"replies":[{"embeddable":true,"href":"http:\/\/marburg.news\/index.php?rest_route=%2Fwp%2Fv2%2Fcomments&post=7658"}],"version-history":[{"count":0,"href":"http:\/\/marburg.news\/index.php?rest_route=\/wp\/v2\/posts\/7658\/revisions"}],"wp:attachment":[{"href":"http:\/\/marburg.news\/index.php?rest_route=%2Fwp%2Fv2%2Fmedia&parent=7658"}],"wp:term":[{"taxonomy":"category","embeddable":true,"href":"http:\/\/marburg.news\/index.php?rest_route=%2Fwp%2Fv2%2Fcategories&post=7658"},{"taxonomy":"post_tag","embeddable":true,"href":"http:\/\/marburg.news\/index.php?rest_route=%2Fwp%2Fv2%2Ftags&post=7658"}],"curies":[{"name":"wp","href":"https:\/\/api.w.org\/{rel}","templated":true}]}}