{"id":7599,"date":"2021-08-17T12:24:03","date_gmt":"2021-08-17T10:24:03","guid":{"rendered":"http:\/\/marburg.news\/?p=7599"},"modified":"2021-08-17T12:24:03","modified_gmt":"2021-08-17T10:24:03","slug":"verfluchte-flucht-polizist-rettete-ganoven-aus-der-lahn","status":"publish","type":"post","link":"http:\/\/marburg.news\/?p=7599","title":{"rendered":"Verfluchte Flucht: Polizist rettete Ganoven aus der Lahn"},"content":{"rendered":"<p>Einen Nichtschwimmer holte ein Polizeibeamter in der Nacht zum Dienstag (17. August) aus der Lahn. Vermutlich rettete er ihm damit das Leben. <!--more--><br \/>\nDer Mann geh\u00f6rte zu einer Dreiergruppe, die sich unberechtigt in einem Hotel aufhielt und vor der Polizei fl\u00fcchtete. Den Beamten gelang es, einen zweiten Mann zu stellen. Die Fahndung nach dem Dritten blieb ohne Erfolg.<br \/>\nOb die M\u00e4nner in dem Hotel in der Innenstadt einen Schaden anrichteten, bedarf weiterer Pr\u00fcfungen. Sie m\u00fcssen sich zumindest f\u00fcr den Hausfriedensbruch verantworten.<br \/>\nGegen 2.45 Uhr meldeten Mitarbeiter drei Randalierer im Haus. Die Polizei verfolgte die M\u00e4nner, die beim Anblick der Streife sofort vom Pilgrimstein in Richtung Weidenhausen fl\u00fcchteten.<br \/>\nRelativ schnell endet die Flucht f\u00fcr einen 24-j\u00e4hrigen Mann mit der Festnahme. Sein Alkotest zeigte sp\u00e4ter 1,21 Promille an. Er verbrachte die Nacht zur Ausn\u00fcchterung in der Zelle.<br \/>\nDer zweite Fl\u00fcchtige versuchte, durch die Lahn zu entkommen, obwohl er nicht schwimmen kann. Das r\u00e4umte er sp\u00e4ter ein. M\u00f6glicherweise dachte der stabile &#8211; augenscheinlich \u00fcbergewichtige &#8211; Mann, die Lahn lie\u00dfe sich an der Stelle durchschreiten.<br \/>\nTats\u00e4chlich war sie jedoch zu tief daf\u00fcr. Er verfing sich schlie\u00dflich in einem Ge\u00e4st und drohte, unterzugehen. Der verfolgende Polizeibeamte eilte dem Mann schwimmend zur Hilfe und zog in widerstandslos ins seichte Wasser.<br \/>\nKaum hatt er wieder Boden unter den F\u00fc\u00dfen klammerte und zog der Mann. Zur Beruhigung der Situation und zur endg\u00fcltigen Bergung aus dem Fluss wurde deshalb einfache k\u00f6rperliche Gewalt n\u00f6tig.<br \/>\nDer Gerettete stand ebenfalls unter Alkoholeinfluss. Die Abk\u00fchlung im Wasser machte eine Ausn\u00fcchterung entbehrlich. Die Polizei entlie\u00df ihn nach Abschluss der \u00fcblichen Ma\u00dfnahmen.<br \/>\nDie Fahndung nach dem dritten Beteiligten blieb erfolglos. Bei ihm handelt es sich um einen etwa 1,70 Meter gro\u00dfen jungen Mann mit dunklen Haaren, hellem T-Shirt und dunkler Jogginghose.<\/p>\n<p>* pm: Polizei Marburg<\/p>\n","protected":false},"excerpt":{"rendered":"<p>Einen Nichtschwimmer holte ein Polizeibeamter in der Nacht zum Dienstag (17. August) aus der Lahn. Vermutlich rettete er ihm damit das Leben.<\/p>\n","protected":false},"author":2,"featured_media":0,"comment_status":"closed","ping_status":"open","sticky":false,"template":"","format":"standard","meta":{"advanced_seo_description":"","spay_email":"","jetpack_publicize_message":"","jetpack_is_tweetstorm":false,"jetpack_publicize_feature_enabled":true},"categories":[6],"tags":[393,3470,16],"jetpack_featured_media_url":"","jetpack_publicize_connections":[],"jetpack_sharing_enabled":true,"jetpack_shortlink":"https:\/\/wp.me\/p8mhvd-1Yz","jetpack-related-posts":[{"id":8360,"url":"http:\/\/marburg.news\/?p=8360","url_meta":{"origin":7599,"position":0},"title":"Neues Gesch\u00e4ft: Polizei stellte 3,7 Kilo Marihuana und 12.500 Euro Bargeld sicher","date":"11. Dezember 2021","format":false,"excerpt":"3 Festnahmen meldete die Polizei am Freitag (10. Dezember). Zudem hat sie 3,7 Kilo Marihuana und 12.500 Euro Bargeld sichergestellt. Ermittlungen der Fahnder des Rauschgiftkommissariats der Kriminalpolizei Marburg f\u00fchrten am Dienstag (7. Dezember) zu insgesamt drei Festnahmen und der Sicherstellung von 12.500 Euro Bargeld sowie insgesamt 3,7 Kilogramm Marihuana. Das\u2026","rel":"","context":"In &quot;Sonstiges&quot;","img":{"alt_text":"","src":"","width":0,"height":0},"classes":[]},{"id":10290,"url":"http:\/\/marburg.news\/?p=10290","url_meta":{"origin":7599,"position":1},"title":"Renitenzreaktion: Hilfloser Mann wehrte sich heftig","date":"3. August 2022","format":false,"excerpt":"Wegen einer vermutlich hilflosen Person war die Polizei am Mittwoch (3. August) im Einsatz. Sie hatte einen Notruf erhalten, dass sich jemand wom\u00f6glich in der Lahn befinde und um Hilfe rufe. Als die Polizei kurz nach 5 Uhr an der Weidenh\u00e4user Br\u00fccke eintraf, war der nasse Mann bereits aus dem\u2026","rel":"","context":"In &quot;Sonstiges&quot;","img":{"alt_text":"","src":"","width":0,"height":0},"classes":[]},{"id":15015,"url":"http:\/\/marburg.news\/?p=15015","url_meta":{"origin":7599,"position":2},"title":"Gitter f\u00fcr Gr\u00fcn: Mann warf Metall in die Lahn","date":"20. Februar 2024","format":false,"excerpt":"Die Polizei ermittelt derzeit in einem Fall wegen Gef\u00e4hrlichen Eingriffs in den Stra\u00dfenverkehr und gemeinsch\u00e4dlicher Sachbesch\u00e4digung. Am Montag (5. Februar) gegen 0.10 Uhr rief ein Zeuge die Ordnungsh\u00fcter auf den Plan. Er hatte beobachtet, wie ein Mann auf dem Gehweg \"Am Gr\u00fcn\" zwischen dem Ortsgericht und der Lahn mehrere gusseiserne\u2026","rel":"","context":"In &quot;Sonstiges&quot;","img":{"alt_text":"","src":"","width":0,"height":0},"classes":[]},{"id":11737,"url":"http:\/\/marburg.news\/?p=11737","url_meta":{"origin":7599,"position":3},"title":"Viel zu nass: Mann leblos aus der Lahn gezogen","date":"23. Januar 2023","format":false,"excerpt":"Leblos aus der Lahn gezogen haben Zeugen und die Polizei am Samstag (21. Januar) gegen 12.15 Uhr einen 42 Jahre alten Mann. Nach zun\u00e4chst erfolgreicher Reanimation befindet er sich derzeit noch in kritischem Zustand im Krankenhaus. Auf dem Radweg neben der Lahn lag das Fahrrad des in Marburg wohnhaften Mannes.\u2026","rel":"","context":"In &quot;Sonstiges&quot;","img":{"alt_text":"","src":"","width":0,"height":0},"classes":[]},{"id":13547,"url":"http:\/\/marburg.news\/?p=13547","url_meta":{"origin":7599,"position":4},"title":"Angriff f\u00fcr Fu\u00dfg\u00e4nger: Mann von Unbekannten an Lahn angegangen","date":"8. August 2023","format":false,"excerpt":"Eine Auseinandersetzung ereignete sich am Dienstag (8. August) gegen 02.40 Uhr an der Lahn. Ein 24-j\u00e4hriger wurde von drei Jugendlichen angegriffen und verfolgt. Das 24 Jahre alte Opfer kam von der Stra\u00dfe \u201cAuf der Weide\u201d und lief auf dem Fu\u00dfweg parallel zur Lahn. Nahe dem Spielplatz befanden sich bei einer\u2026","rel":"","context":"In &quot;Sonstiges&quot;","img":{"alt_text":"","src":"","width":0,"height":0},"classes":[]},{"id":4203,"url":"http:\/\/marburg.news\/?p=4203","url_meta":{"origin":7599,"position":5},"title":"Unter der Gastst\u00e4tte: Mutma\u00dflicher Brandstifter muss in die Psychiatrie","date":"16. September 2019","format":false,"excerpt":"Nach einer Brandstiftung wurde ein 27-j\u00e4hriger Mann in die Psychiatrie eingewiesen. Bei L\u00f6schversuchen erlitten zwei M\u00e4nner eine Rauchgasvergiftung. Der Mann aus dem Hinterland ist verd\u00e4chtig, im Keller eines Geb\u00e4udes mehrere Dachlatten und Holzscheite angez\u00fcndet und dabei in Kauf genommen zu haben, dass das Feuer auf das Geb\u00e4ude \u00fcbergreift. Zeugen erm\u00f6glichten\u2026","rel":"","context":"In &quot;Sonstiges&quot;","img":{"alt_text":"","src":"","width":0,"height":0},"classes":[]}],"_links":{"self":[{"href":"http:\/\/marburg.news\/index.php?rest_route=\/wp\/v2\/posts\/7599"}],"collection":[{"href":"http:\/\/marburg.news\/index.php?rest_route=\/wp\/v2\/posts"}],"about":[{"href":"http:\/\/marburg.news\/index.php?rest_route=\/wp\/v2\/types\/post"}],"author":[{"embeddable":true,"href":"http:\/\/marburg.news\/index.php?rest_route=\/wp\/v2\/users\/2"}],"replies":[{"embeddable":true,"href":"http:\/\/marburg.news\/index.php?rest_route=%2Fwp%2Fv2%2Fcomments&post=7599"}],"version-history":[{"count":0,"href":"http:\/\/marburg.news\/index.php?rest_route=\/wp\/v2\/posts\/7599\/revisions"}],"wp:attachment":[{"href":"http:\/\/marburg.news\/index.php?rest_route=%2Fwp%2Fv2%2Fmedia&parent=7599"}],"wp:term":[{"taxonomy":"category","embeddable":true,"href":"http:\/\/marburg.news\/index.php?rest_route=%2Fwp%2Fv2%2Fcategories&post=7599"},{"taxonomy":"post_tag","embeddable":true,"href":"http:\/\/marburg.news\/index.php?rest_route=%2Fwp%2Fv2%2Ftags&post=7599"}],"curies":[{"name":"wp","href":"https:\/\/api.w.org\/{rel}","templated":true}]}}