{"id":7560,"date":"2021-08-12T14:03:05","date_gmt":"2021-08-12T12:03:05","guid":{"rendered":"http:\/\/marburg.news\/?p=7560"},"modified":"2021-08-12T14:03:05","modified_gmt":"2021-08-12T12:03:05","slug":"zur-abendzeit-autofahrerin-uebersah-motorroller","status":"publish","type":"post","link":"http:\/\/marburg.news\/?p=7560","title":{"rendered":"Zur Abendzeit: Autofahrerin \u00fcbersah Motorroller"},"content":{"rendered":"<p>Einen Rollerfahrer hat eine 19-j\u00e4hrige Autofahrerin am Mittwoch (11. August ) am Pilgrimstein \u00fcbersehen. Der 35-j\u00e4hrige Mann kam zur Behandlung in ein Krankenhaus. <!--more--><br \/>\nBeim Anfahren von einem Parkplatz am Pilgrimstein \u00fcbersah die Staufenbergerin gegen 21.30 Uhr den von hinten kommenden Roller. Ihr Corsa kollidierte mit dem Piaggio, wodurch der aus Lahntal stammende Fahrer st\u00fcrzte und sich leicht verletzte. Zudem entstand ein Schaden von etwa 2.000 Euro.<\/p>\n<p>* pm: Polizei Marburg<\/p>\n","protected":false},"excerpt":{"rendered":"<p>Einen Rollerfahrer hat eine 19-j\u00e4hrige Autofahrerin am Mittwoch (11. August ) am Pilgrimstein \u00fcbersehen. Der 35-j\u00e4hrige Mann kam zur Behandlung in ein Krankenhaus.<\/p>\n","protected":false},"author":2,"featured_media":0,"comment_status":"closed","ping_status":"open","sticky":false,"template":"","format":"standard","meta":{"advanced_seo_description":"","spay_email":"","jetpack_publicize_message":"","jetpack_is_tweetstorm":false,"jetpack_publicize_feature_enabled":true},"categories":[6],"tags":[613,16,44],"jetpack_featured_media_url":"","jetpack_publicize_connections":[],"jetpack_sharing_enabled":true,"jetpack_shortlink":"https:\/\/wp.me\/p8mhvd-1XW","jetpack-related-posts":[{"id":14652,"url":"http:\/\/marburg.news\/?p=14652","url_meta":{"origin":7560,"position":0},"title":"Laufen oder fahren: Autofahrerin \u00fcbersah Fu\u00dfg\u00e4ngerin","date":"21. Dezember 2023","format":false,"excerpt":"Beim Abbiegen von der Zeppelinstra\u00dfe auf die Konrad-Adenauer-Br\u00fccke \u00fcbersah ein Autofahrer am Mittwoch (20. Dezember) eine Fu\u00dfg\u00e4ngerin. Es kam zu einem Zusammensto\u00df. Die 18-j\u00e4hrige Fu\u00dfg\u00e4ngerin \u00fcberquerte gegen 19.55 Uhr die Zeppelinstra\u00dfe an der gr\u00fcnzeigenden Fu\u00dfg\u00e4ngerampel, um in Richtung S\u00fcdbahnhof zu gehen. Zur selben Zeit beabsichtigte ein 57-j\u00e4hriger VW-Fahrer, an der\u2026","rel":"","context":"In &quot;Sonstiges&quot;","img":{"alt_text":"","src":"","width":0,"height":0},"classes":[]},{"id":18201,"url":"http:\/\/marburg.news\/?p=18201","url_meta":{"origin":7560,"position":1},"title":"Autofahrerin ausgewichen: Radfahrerin und Rollerfahrer gefl\u00fcchtet","date":"16. Juni 2025","format":false,"excerpt":"Die Fahrerin eines Peugeotwollte am Samstag (14. Juni) gegen 11.40 Uhr vom Wilhelmsplatz nach rechts in die Stra\u00dfe \"Barf\u00fc\u00dfertor\" einbiegen. Von dort kam ihr eine Radfahrerin entgegen, die offenbar zu weit links fuhr um ihren Weg in Richtung Schwanallee abzuk\u00fcrzen. Die Peugeot-Fahrerin wich nach rechts aus und kollidierte dort mit\u2026","rel":"","context":"In &quot;Sonstiges&quot;","img":{"alt_text":"","src":"","width":0,"height":0},"classes":[]},{"id":14731,"url":"http:\/\/marburg.news\/?p=14731","url_meta":{"origin":7560,"position":2},"title":"Aus dem Auto: Verletzt bei Auffahrunfall auf der Sonnenblickallee\u00a0","date":"10. Januar 2024","format":false,"excerpt":"Ein Auffahrunfall auf der Sonnenblickallee hat am Dienstag (9. Januar) eine Leichtverletzte gefordert. Eine 32-j\u00e4hrige Frau musste in der zentralen Notaufnahme behandelt werden. Gegen 11 Uhr wollte der 45-j\u00e4hrige Fahrer eines Kleinlasters von der Sonnenblickallee aus auf die Gro\u00dfseelheimer Stra\u00dfe einbiegen. Dabei \u00fcbersah er einen - vor ihm fahrenden -\u2026","rel":"","context":"In &quot;Sonstiges&quot;","img":{"alt_text":"","src":"","width":0,"height":0},"classes":[]},{"id":14073,"url":"http:\/\/marburg.news\/?p=14073","url_meta":{"origin":7560,"position":3},"title":"Wie R\u00f6hrenblick: Autofahrer \u00fcbersah vorfahrtberechtigten VW","date":"13. Oktober 2023","format":false,"excerpt":"Zwei Leichtverletzte hat ein Unfall am Donnerstag (12. Oktober) gefordert. Gegen 6.50 Uhr fuhr ein 49-j\u00e4hriger Mann mit seinem Renault auf der K34 von Bauerbach in Richtung Landesstra\u00dfe 3088. An der Kreuzung der K34 mit der L3088 und der K35 beabsichtigte er, sie in Richtung Schr\u00f6ck zu passieren. Dabei \u00fcbersah\u2026","rel":"","context":"In &quot;Sonstiges&quot;","img":{"alt_text":"","src":"","width":0,"height":0},"classes":[]},{"id":3601,"url":"http:\/\/marburg.news\/?p=3601","url_meta":{"origin":7560,"position":4},"title":"Drei Unf\u00e4lle: Tretroller, Motorroller, Autos und Verteilerkasten","date":"13. Mai 2019","format":false,"excerpt":"Zur Kollision zwischen einem wei\u00dfen BMW und einem Kind kam es am Freitag (10. Mai). Der Unfall passierte an der Ausfahrt der Jet-Tankstelle an der Gisselberger Stra\u00dfe. Die junge Autofahrerin sprach das sechs bis acht Jahre alte M\u00e4dchen auf Verletzungen an. Wegen der Aufregung verga\u00df sie aber, das Kind nach\u2026","rel":"","context":"In &quot;Sonstiges&quot;","img":{"alt_text":"","src":"","width":0,"height":0},"classes":[]},{"id":17747,"url":"http:\/\/marburg.news\/?p=17747","url_meta":{"origin":7560,"position":5},"title":"Umgeplant: Unfall bei Auffahrt auf B3 bei Wehrda","date":"28. M\u00e4rz 2025","format":false,"excerpt":"Ein Lastwagen befuhr am Mittwoch (26. M\u00e4rz) die B62 von Lahntal aus in Richtung B3\/B62 nach Kassel beziehungsweise Stadtallendorf. Kurz vor dem Abzweig entschied sich der unbekannte Fahrer noch spontan, doch auf die B3 aufzufahren. Daf\u00fcr \u00fcberquerte er wohl zwei durchgezogene Linien. Zudem \u00fcbersah er einen VW und einen dahinter\u2026","rel":"","context":"In &quot;Sonstiges&quot;","img":{"alt_text":"","src":"","width":0,"height":0},"classes":[]}],"_links":{"self":[{"href":"http:\/\/marburg.news\/index.php?rest_route=\/wp\/v2\/posts\/7560"}],"collection":[{"href":"http:\/\/marburg.news\/index.php?rest_route=\/wp\/v2\/posts"}],"about":[{"href":"http:\/\/marburg.news\/index.php?rest_route=\/wp\/v2\/types\/post"}],"author":[{"embeddable":true,"href":"http:\/\/marburg.news\/index.php?rest_route=\/wp\/v2\/users\/2"}],"replies":[{"embeddable":true,"href":"http:\/\/marburg.news\/index.php?rest_route=%2Fwp%2Fv2%2Fcomments&post=7560"}],"version-history":[{"count":0,"href":"http:\/\/marburg.news\/index.php?rest_route=\/wp\/v2\/posts\/7560\/revisions"}],"wp:attachment":[{"href":"http:\/\/marburg.news\/index.php?rest_route=%2Fwp%2Fv2%2Fmedia&parent=7560"}],"wp:term":[{"taxonomy":"category","embeddable":true,"href":"http:\/\/marburg.news\/index.php?rest_route=%2Fwp%2Fv2%2Fcategories&post=7560"},{"taxonomy":"post_tag","embeddable":true,"href":"http:\/\/marburg.news\/index.php?rest_route=%2Fwp%2Fv2%2Ftags&post=7560"}],"curies":[{"name":"wp","href":"https:\/\/api.w.org\/{rel}","templated":true}]}}