{"id":7486,"date":"2021-08-01T12:22:27","date_gmt":"2021-08-01T10:22:27","guid":{"rendered":"http:\/\/marburg.news\/?p=7486"},"modified":"2021-08-01T12:22:27","modified_gmt":"2021-08-01T10:22:27","slug":"bildungsbericht-kreis-schafft-wichtige-entscheidungsgrundlage","status":"publish","type":"post","link":"http:\/\/marburg.news\/?p=7486","title":{"rendered":"Bildungsbericht: Kreis schafft wichtige Entscheidungsgrundlage"},"content":{"rendered":"<p>Der Kreis zeichnet die Bildungslandschaft nach. Ein Bildungsbericht schafft Entscheidungsgrundlagen f\u00fcr die kommenden Jahre. <!--more--><br \/>\nLandr\u00e4tin Kirsten Fr\u00fcndt und der Erste Kreisbeigeordnete Marian Zachow haben den ersten Bildungsbericht f\u00fcr den Landkreis Marburg-Biedenkopf unterzeichnet. Auf 135 Seiten hat der Landkreis mit seinem &#8222;Fachbereich Haus der Bildung&#8220; die Bildungslandschaft auf kommunaler Ebene f\u00fcr den gesamten Landkreis in den Blick genommen und damit erstmals eine belastbare Datengrundlage geschaffen. Zachow stellte den Bericht in seiner Funktion als Schuldezernent des Kreises vor.<br \/>\nDas Thema Bildung wird h\u00e4ufig nur auf Landesebene thematisiert. Anders ist das im Landkreis Marburg-Biedenkopf: Gef\u00f6rdert vom Bundesministerium f\u00fcr Bildung und Forschung (BMBF) und aus Mitteln des Europ\u00e4ischen Sozialfonds (ESF) hat der Landkreis die Bildungslandschaft auf kommunaler Ebene in den Blick genommen.<br \/>\n&#8222;Entstanden ist dabei eine nahezu vollst\u00e4ndige \u00dcbersicht der Bildungsangebote in der Region von der fr\u00fchkindlichen Erziehung und den weiterf\u00fchrenden Schulen, \u00fcber die M\u00f6glichkeiten der Berufsausbildung und eines Studiums bis hin zu beruflichen Weiterbildungen und au\u00dferschulischer Bildungsarbeit f\u00fcr Jung und Alt&#8220;, freute sich Landr\u00e4tin Fr\u00fcndt. &#8222;Damit haben wir erstmals eine belastbare Datengrundlage geschaffen, auf deren Grundlage wir die Bildungslandschaft weiterentwickeln k\u00f6nnen&#8220;, erkl\u00e4rte Zachow.<br \/>\nAus den Daten geht beispielsweise klar hervor, dass sich die meisten jungen Erwachsenen im Landkreis f\u00fcr eine betriebliche Ausbildung entscheiden. Ihr Anteil stieg in den vergangenen Jahren an. Demgegen\u00fcber sank die Anzahl derer, welche im Landkreis die allgemeine Hochschulreife, das Abitur, erwerben. Auch die Anzahl der Studierenden an den Hochschuleinrichtungen in der Region hat sich etwas verringert.<br \/>\nBei der Weiterentwicklung von Bildungsangeboten helfen sollen die Handlungsempfehlungen aus gleich sieben Arbeitsgemeinschaften, die die Entstehung des Berichts aus unterschiedlichen Blickwinkeln begleitet haben.<br \/>\n&#8222;Neben statistisch erhobenen Daten finden sich also auch die Erfahrungen von Bildungsakteuren und B\u00fcrgerinnen und B\u00fcrgern wieder&#8220;, waren sich Fachbereichsleiterin Tanja Pfeifer und Bildungsmanagerin Silke Kaiser vom &#8222;Fachbereich Haus der Bildung&#8220; einig.<br \/>\n&#8222;Neben dem &#8222;was ist der Stand&#8220; beantwortet der Bericht also auch die Frage &#8222;wie kann es weitergehen.&#8220;<br \/>\nDie Arbeitsgruppe zum Thema &#8222;\u00dcbergang von der Grundschule zu weiterf\u00fchrenden Schulen&#8220; regt beispielsweise an, Eltern besser \u00fcber die Unterst\u00fctzungsm\u00f6glichkeiten durch die Lehrkr\u00e4fte zu informieren. Sie st\u00fcnden den Eltern schlie\u00dflich auch beratend zur Seite, wenn es darum geht Entscheidungen f\u00fcr die Schullaufbahn ihrer Kinder zu treffen. Wie genau gelte es zu kommunizieren.<br \/>\nDie Arbeitsgemeinschaft zum Thema Bildungsgerechtigkeit empfiehlt unter anderem die Schulsozialarbeit bereits an Grundschulen auszubauen, die F\u00f6rderung interkultureller Kompetenzen und einen Ausbau des Beratungsangebots &#8222;Null bis Sechs&#8220;. Es richtet sich an Kinder bis zum sechsten Lebensjahr, f\u00fcr Eltern und p\u00e4dagogische Fachkr\u00e4fte.<br \/>\n&#8222;Das Feedback aus den Arbeitsgruppen wird uns dabei helfen die Vielschichtigkeit der Angebote noch besser miteinander zu verzahnen und genauer auf die Zielgruppen abzustimmen.&#8220;, erl\u00e4uterte Zachow. &#8222;Gerade weil wir Bildung ganzheitlich und nicht getrennt nach Altersgruppen oder Anbietern begreifen. Das werden wir Schritt f\u00fcr Schritt angehen. Wir sind jedenfalls auf einem guten Weg; und ich bin mir sicher, dass uns der Bericht hierbei eine gute Orientierung bieten wird.&#8220;<\/p>\n<p>* pm: Landkreis Marburg-Biedenkopf<\/p>\n","protected":false},"excerpt":{"rendered":"<p>Der Kreis zeichnet die Bildungslandschaft nach. Ein Bildungsbericht schafft Entscheidungsgrundlagen f\u00fcr die kommenden Jahre.<\/p>\n","protected":false},"author":2,"featured_media":0,"comment_status":"closed","ping_status":"open","sticky":false,"template":"","format":"standard","meta":{"advanced_seo_description":"","spay_email":"","jetpack_publicize_message":"","jetpack_is_tweetstorm":false,"jetpack_publicize_feature_enabled":true},"categories":[5,2,4],"tags":[3444,3445,89],"jetpack_featured_media_url":"","jetpack_publicize_connections":[],"jetpack_sharing_enabled":true,"jetpack_shortlink":"https:\/\/wp.me\/p8mhvd-1WK","jetpack-related-posts":[{"id":15836,"url":"http:\/\/marburg.news\/?p=15836","url_meta":{"origin":7486,"position":0},"title":"Kreis kooperiert: Damit Bildungsarbeit gut vernetzt ist","date":"19. Juni 2024","format":false,"excerpt":"Eine Kooperationsvereinbarung haben der Landkreis und die Regionale Entwicklungsagentur Hessen unterzeichnet. Erreichen soll sie, dass Bildungsarbeit gut vernetzt ist. Der Landkreis Marburg-Biedenkopf entwickelt seine Strategien in der Bildungsarbeit und -beratung kontinuierlich weiter. Um etablierte Strukturen weiter zu festigen und darauf aufzubauen, hat der Kreis mit der Regionalen Entwicklungsagentur Hessen (REAB\u2026","rel":"","context":"In &quot;Bildung&quot;","img":{"alt_text":"","src":"","width":0,"height":0},"classes":[]},{"id":6267,"url":"http:\/\/marburg.news\/?p=6267","url_meta":{"origin":7486,"position":1},"title":"Alle unter einem Dach: Kreis bringt Brosch\u00fcre zu &#8222;Bildung integriert&#8220; heraus","date":"29. Dezember 2020","format":false,"excerpt":"Als eine von sieben hessischen Projektkommunen zeigt der Landkreis Marburg-Biedenkopf in der Publikation \"Die erste F\u00f6rderphase des Projektes Bildung integriert\" in Hessen\" auf, dass die Gestaltung passgenauer Bildungsangebote von den unterschiedlichen Ausgangslagen vor Ort abh\u00e4ngig ist. Die Brosch\u00fcre stellt den Projektansatz des Kreises geb\u00fcndelt dar und zeigt bisherige Ergebnisse in\u2026","rel":"","context":"In &quot;Bildung&quot;","img":{"alt_text":"","src":"","width":0,"height":0},"classes":[]},{"id":14833,"url":"http:\/\/marburg.news\/?p=14833","url_meta":{"origin":7486,"position":2},"title":"H\u00f6chst beengt: Erhebung zu psychischem Wohlergehen von Kindern","date":"30. Januar 2024","format":false,"excerpt":"Der Kreis schlie\u00dft eine Vereinbarung mit dem Kreisfeuerwehrverband und der Philipps-Universit\u00e4t. Er m\u00f6chte das psychische Wohlbefinden von Jugendlichen und Kindern st\u00e4rken. Welche Kompetenzen nutzen Kinder und Jugendliche zur Krisenbew\u00e4ltigung? Was ist n\u00f6tig, um das psychische Wohlbefinden von Kindern und Jugendlichen zu st\u00e4rken? Diesen Fragen gehen der Landkreis Marburg-Biedenkopf, der Kreisfeuerwehrverband\u2026","rel":"","context":"In &quot;Bildung&quot;","img":{"alt_text":"","src":"","width":0,"height":0},"classes":[]},{"id":11726,"url":"http:\/\/marburg.news\/?p=11726","url_meta":{"origin":7486,"position":3},"title":"Robotik gelernt: Stadt und Kreis unterschreiben Vereinbarung","date":"20. Januar 2023","format":false,"excerpt":"Das \"Robotikum\" wird fester Teil im Schulunterricht. Eine Vereinbarung dazu haben Stadt, Kreis, Schulamt und Schulen unterzeichnet. Wie funktioniert ein Roboter? Wie kann man ihn programmieren? Und wie arbeitet k\u00fcnstliche Intelligenz (KI)? Das k\u00f6nnen Sch\u00fclerinnen und Sch\u00fcler in der Universit\u00e4tsstadt Marburg und im Landkreis Marburg-Biedenkopf bereits im \"Robotikum\" lernen. Stadt,\u2026","rel":"","context":"In &quot;Bildung&quot;","img":{"alt_text":"","src":"","width":0,"height":0},"classes":[]},{"id":7004,"url":"http:\/\/marburg.news\/?p=7004","url_meta":{"origin":7486,"position":4},"title":"Seniorenbildung digital: Online-Reihe zu verschiedenen Krankheitsbildern","date":"7. Mai 2021","format":false,"excerpt":"Mit einer neuen Online-Reihe \u00fcber verschiedene Krankheitsbilder erweitert der Kreis das digitale Angebot f\u00fcr \u00e4ltere Menschen. Mehr Informationen zu den Veranstaltungen finden sich auch im Seniorenblatt \"Schlaue Graue\". Mit dem Start einer neuen Online-Vortragsreihe zum Thema Gesundheit erweitert der Landkreis Marburg-Biedenkopf mit seiner Seniorenbildung das digitale Angebot f\u00fcr \u00e4ltere Menschen\u2026","rel":"","context":"In &quot;Bildung&quot;","img":{"alt_text":"","src":"","width":0,"height":0},"classes":[]},{"id":16907,"url":"http:\/\/marburg.news\/?p=16907","url_meta":{"origin":7486,"position":5},"title":"Neu im Landkreis: Peter Neidel tritt Nachfolge von Marian Zachow an","date":"15. November 2024","format":false,"excerpt":"Zum Ersten Kreisbeigeordneten hat der Kreistag den Juristen Peter Neidel gew\u00e4hlt. Am 1. Dezember tritt er die Nachfolge von Marian Zachow an. Der Kreistag des Landkreises Marburg-Biedenkopf hat am Freitag (15. November) in Marburg Peter Neidel zum neuen Ersten Kreisbeigeordneten gew\u00e4hlt. Der 55-j\u00e4hrige Jurist tritt am Sonntag (1. Dezember) die\u2026","rel":"","context":"In &quot;Sonstiges&quot;","img":{"alt_text":"","src":"","width":0,"height":0},"classes":[]}],"_links":{"self":[{"href":"http:\/\/marburg.news\/index.php?rest_route=\/wp\/v2\/posts\/7486"}],"collection":[{"href":"http:\/\/marburg.news\/index.php?rest_route=\/wp\/v2\/posts"}],"about":[{"href":"http:\/\/marburg.news\/index.php?rest_route=\/wp\/v2\/types\/post"}],"author":[{"embeddable":true,"href":"http:\/\/marburg.news\/index.php?rest_route=\/wp\/v2\/users\/2"}],"replies":[{"embeddable":true,"href":"http:\/\/marburg.news\/index.php?rest_route=%2Fwp%2Fv2%2Fcomments&post=7486"}],"version-history":[{"count":0,"href":"http:\/\/marburg.news\/index.php?rest_route=\/wp\/v2\/posts\/7486\/revisions"}],"wp:attachment":[{"href":"http:\/\/marburg.news\/index.php?rest_route=%2Fwp%2Fv2%2Fmedia&parent=7486"}],"wp:term":[{"taxonomy":"category","embeddable":true,"href":"http:\/\/marburg.news\/index.php?rest_route=%2Fwp%2Fv2%2Fcategories&post=7486"},{"taxonomy":"post_tag","embeddable":true,"href":"http:\/\/marburg.news\/index.php?rest_route=%2Fwp%2Fv2%2Ftags&post=7486"}],"curies":[{"name":"wp","href":"https:\/\/api.w.org\/{rel}","templated":true}]}}