{"id":7327,"date":"2021-07-02T17:52:22","date_gmt":"2021-07-02T15:52:22","guid":{"rendered":"http:\/\/marburg.news\/?p=7327"},"modified":"2021-07-02T17:52:22","modified_gmt":"2021-07-02T15:52:22","slug":"fuer-die-fairness-gruene-beklagen-groko-durchmarsch","status":"publish","type":"post","link":"http:\/\/marburg.news\/?p=7327","title":{"rendered":"F\u00fcr die Fairness: Gr\u00fcne beklagen GroKo-Durchmarsch"},"content":{"rendered":"<p>Die &#8222;GroKo im Kreistag spielt unfair&#8220;. Das beklagt die Kreistagsfrakktionen der Gr\u00fcnen. <!--more--><br \/>\nDie SPD und die CDU ignorieren die gr\u00f6\u00dfte Oppositionspartei bei der Wahl zum HFA-Vorsitz und bei der Reihenfolge des stellvertretenden Kreistagsvorsitzes&#8220;, erkl\u00e4rte Gr\u00fcnen-Fraktionssprecher Gregor Hofmeyer am Freitag (2. Juli). Die GR\u00dcNEN im Kreistag Marburg-Biedenkopf kritisieren das Verhalten von SPD und CDU bei zwei wichtigen Personalentscheidungen. Am Montag (28. Juni) hatten im Haupt- und Finanzausschuss (HFA) die Vertreter:innen der beiden Koalitionsfraktionen Werner Hesse (SPD) zum Vorsitzenden und Werner Wa\u00dfmuth (CDU) zum stellvertretenden Vor-sitzenden gew\u00e4hlt.<br \/>\nDas widerspricht nach Auffassung der gr\u00fcnen Fraktion dem zwar ungeschriebenen &#8211; aber guten &#8211; Brauch, der gr\u00f6\u00dften Oppositionsfraktion im Kreistag die Leitung des wichtigen Ausschusses zu \u00fcbertragen. Weiterhin m\u00fcssen die GR\u00dcNEN zur Kenntnis nehmen, dass ihre Kandidatin Nadine Bernshausen die letzte der drei Stellvertretungen des Kreistagsvorsitzenden inne haben wird. Ein Antrag der Fraktion, Bernshausen bei der Festlegung der Reihenfolge auf Platz eins zu ber\u00fccksichtigen, wurde bei der Kreistagssitzung am Freitag (2. Juli) mit den Stimmen von SPD und CDU abgelehnt.<br \/>\nBeide Vorg\u00e4nge konterkarieren, was Konsens im Kreistag zu sein schien. &#8222;Bei der konstituierenden Sitzung gab es noch flammende Appelle f\u00fcr ein besseres Miteinander und einen fairen Umgang&#8220;, saget Gr\u00fcnen-Sprecherin Stephanie Theiss. &#8222;Es ist bedauerlich, dass SPD und CDU bereits nach wenigen Wochen sich an ihre eigenen Ank\u00fcndigungen nicht mehr gebunden f\u00fchlen.&#8220;<br \/>\nIhr Sprecherkollege Michael Meinel erg\u00e4nzte ern\u00fcchtert: &#8222;Die GroKo hat ihre Leute durchgedr\u00fcckt.&#8220; Sie halte &#8222;offenbar nichts von der Gepflogenheit, den HFA an die Opposition zu geben.&#8220; Das sei &#8222;ein Verfahren, das in der Stadt Marburg, an-deren Landkreisen, im Land und im Bund Usus ist&#8220;.<br \/>\nMeinel war bei der Wahl zum Vorsitzenden des HFA angetreten, unterlag aber bereits im ersten Wahlgang. Die Fraktion w\u00fcnscht sich nun ein Umdenken auf Seiten der Koalition.<br \/>\nEine Gelegenheit, den offensichtlichen Trend umzukehren, haben SPD und CDU gleich nach der Sommer-pause. Bei der Besetzung der weiteren Ausschussvorsitze werde sich zeigen, inwieweit die Opposition ber\u00fccksichtigt wird &#8211; oder ob Fairness f\u00fcr die GroKo doch nur ein Wort ist<\/p>\n<p>* pm: Die Gr\u00fcnen im Kreistag Marburg-Biedenkopf<\/p>\n","protected":false},"excerpt":{"rendered":"<p>Die &#8222;GroKo im Kreistag spielt unfair&#8220;. Das beklagt die Kreistagsfrakktionen der Gr\u00fcnen.<\/p>\n","protected":false},"author":2,"featured_media":0,"comment_status":"closed","ping_status":"open","sticky":false,"template":"","format":"standard","meta":{"advanced_seo_description":"","spay_email":"","jetpack_publicize_message":"","jetpack_is_tweetstorm":false,"jetpack_publicize_feature_enabled":true},"categories":[2],"tags":[271,165,739],"jetpack_featured_media_url":"","jetpack_publicize_connections":[],"jetpack_sharing_enabled":true,"jetpack_shortlink":"https:\/\/wp.me\/p8mhvd-1Ub","jetpack-related-posts":[{"id":1124,"url":"http:\/\/marburg.news\/?p=1124","url_meta":{"origin":7327,"position":0},"title":"Wissen wollen: Gr\u00fcne kritisieren Knockout durch Kreis-Koalition","date":"21. September 2017","format":false,"excerpt":"Die Gro\u00dfe Koalition im Kreis beschneidet Minderheits-fraktionen in ihren Rechten. Das hat die Kreistagsfraktion der Gr\u00fcnen am Donnerstag (21. September) kritisiert. In der letzten Kreistagssitzung wurde mit der Mehrheit der gro\u00dfen Koalition aus SPD und CDU ein Antrag von der Tagesordnung genommen. Bis Transparenz \u00fcber die Eigentumsverh\u00e4ltnisse des Marbuch-Verlags zur\u2026","rel":"","context":"In &quot;Politik&quot;","img":{"alt_text":"","src":"","width":0,"height":0},"classes":[]},{"id":18509,"url":"http:\/\/marburg.news\/?p=18509","url_meta":{"origin":7327,"position":1},"title":"Gefordert: Infrastrukturprogramm soll vor Allem Kommunen st\u00e4rken","date":"7. August 2025","format":false,"excerpt":"Das Infrastrukturprogramm des Bundes soll Gemeinden und Kreise st\u00e4rken. Das haben Die Gr\u00fcnen im Kreistag gefordert. W\u00e4hrend Hessens Wirtschaftsminister Kaweh Mansoori fordert, dass 77 Prozent der Bundesmittel aus dem Infrastrukturprogramm den Kommunen zugutekommen soll, will die Koalition aus SPD und CDU im Kreistag Marburg-Biedenkopf mit etwa 70 Prozent deutlich weniger\u2026","rel":"","context":"In &quot;Politik&quot;","img":{"alt_text":"","src":"","width":0,"height":0},"classes":[]},{"id":11505,"url":"http:\/\/marburg.news\/?p=11505","url_meta":{"origin":7327,"position":2},"title":"Basta-Politik: Gr\u00fcne kritisieren Kreishaushalt","date":"22. Dezember 2022","format":false,"excerpt":"\"Der Kreishaushalt ist solide, aber ausbauf\u00e4hig\", meinen Die Gr\u00fcnen. Die gr\u00f6\u00dfte Oppositionsfraktion kritisiert die \"Basta-Politik\" der Groko. \"Die Richtung stimmt, aber der Teufel steckt im Detail\", erkl\u00e4rten Ddie Gr\u00fcnen im Kreistag Marburg-Biedenkopf. Dem Haushaltsplan 2023 des Landkreises haben sie nicht zugestimmt. Bei der Abstimmung \u00fcber das Zahlenwerk am Freitag (16.\u2026","rel":"","context":"In &quot;Politik&quot;","img":{"alt_text":"","src":"","width":0,"height":0},"classes":[]},{"id":6739,"url":"http:\/\/marburg.news\/?p=6739","url_meta":{"origin":7327,"position":3},"title":"Ankreuzen und abstimmen: SPD st\u00e4rkste Partei im Kreis","date":"19. M\u00e4rz 2021","format":false,"excerpt":"Im Landkreis Marburg-Biedenkopf ist die SPD weiterhin st\u00e4rkste Partei. Danach folgen CDU und Gr\u00fcne. Nach dem vorl\u00e4ufigen Endergebnis der Kreistagswahl 2021 erh\u00e4lbdie SPD 30,55 Prozent, die CDU 26,28 Prozent, B\u00fcndnis 90\/Die Gr\u00fcnen 16,02 Prozent und die AfD 6,82 Prozent. Die Linke erreicht 6,56 Prozent, die FDP 4,50 Prozent, die Freien\u2026","rel":"","context":"In &quot;Politik&quot;","img":{"alt_text":"","src":"","width":0,"height":0},"classes":[]},{"id":11265,"url":"http:\/\/marburg.news\/?p=11265","url_meta":{"origin":7327,"position":4},"title":"An einem Tag: Wirtschaftsf\u00f6rderung im Kreis wird nachhaltig","date":"21. November 2022","format":false,"excerpt":"Der Kreis ist auf dem Weg zu einer nachhaltigen Wirtschaftsf\u00f6rderung. Die Gr\u00fcnen haben Klimaschutz- und Gemeinwohlziele in den F\u00f6rderrichtlinien der neuen Gesellschaft verankert. Die Gr\u00fcnen im Kreistag Marburg-Biedenkopf freuen sich, dass nun auch bei der Gr\u00fcndung der kreiseigenen Wirtschaftsf\u00f6rderungsgesellschaft durch den Kreistag am Freitag (18. November) die Verankerung der Nachhaltigkeits-,\u2026","rel":"","context":"In &quot;Politik&quot;","img":{"alt_text":"","src":"","width":0,"height":0},"classes":[]},{"id":7819,"url":"http:\/\/marburg.news\/?p=7819","url_meta":{"origin":7327,"position":5},"title":"Gezeigt und genossen: Die unbeugsamen Frauen in der Politik","date":"24. September 2021","format":false,"excerpt":"\"Die Unbeugsamen\" hei\u00dft ein Film \u00fcber Pionierinnen in der deutschen Frauenpolitik. Der Kreis und das Capitol-Kino bieten den Film und eine Gespr\u00e4chsrunde zu Sexismus in der Politik. Das Kommunale Frauen- und Gleichstellungsb\u00fcro des Landkreises Marburg-Biedenkopf und das Capitol-Kino Marburg machen am Dienstag (28. September) ab 18 Uhr Sexismus in der\u2026","rel":"","context":"In &quot;Politik&quot;","img":{"alt_text":"","src":"","width":0,"height":0},"classes":[]}],"_links":{"self":[{"href":"http:\/\/marburg.news\/index.php?rest_route=\/wp\/v2\/posts\/7327"}],"collection":[{"href":"http:\/\/marburg.news\/index.php?rest_route=\/wp\/v2\/posts"}],"about":[{"href":"http:\/\/marburg.news\/index.php?rest_route=\/wp\/v2\/types\/post"}],"author":[{"embeddable":true,"href":"http:\/\/marburg.news\/index.php?rest_route=\/wp\/v2\/users\/2"}],"replies":[{"embeddable":true,"href":"http:\/\/marburg.news\/index.php?rest_route=%2Fwp%2Fv2%2Fcomments&post=7327"}],"version-history":[{"count":0,"href":"http:\/\/marburg.news\/index.php?rest_route=\/wp\/v2\/posts\/7327\/revisions"}],"wp:attachment":[{"href":"http:\/\/marburg.news\/index.php?rest_route=%2Fwp%2Fv2%2Fmedia&parent=7327"}],"wp:term":[{"taxonomy":"category","embeddable":true,"href":"http:\/\/marburg.news\/index.php?rest_route=%2Fwp%2Fv2%2Fcategories&post=7327"},{"taxonomy":"post_tag","embeddable":true,"href":"http:\/\/marburg.news\/index.php?rest_route=%2Fwp%2Fv2%2Ftags&post=7327"}],"curies":[{"name":"wp","href":"https:\/\/api.w.org\/{rel}","templated":true}]}}