{"id":6684,"date":"2021-03-11T13:46:27","date_gmt":"2021-03-11T12:46:27","guid":{"rendered":"http:\/\/marburg.news\/?p=6684"},"modified":"2021-03-11T13:46:27","modified_gmt":"2021-03-11T12:46:27","slug":"verursacher-ausgebuext-erneut-zwei-faelle-von-unfallflucht","status":"publish","type":"post","link":"http:\/\/marburg.news\/?p=6684","title":{"rendered":"Verursacher ausgeb\u00fcxt: Erneut zwei F\u00e4lle von Unfallflucht"},"content":{"rendered":"<p>Dellen und Kratzer in der Motorhaube und am K\u00fchlergrill eines grauen Audi SQ5 haben einen Schaden von indestens 3.000 Euro verursacht. Der Q5 parkte zur Unfallzeit am Mittwoch (10. M\u00e4rz) zwischen 14.30 und 16.30 Uhr, in der Uferstra\u00dfe gegen\u00fcber der Martin-Luther-Schule (MLS). <!--more--><br \/>\nNach den Spuren entstand der Schaden vermutlich durch einen Radfahrer, der den &#8211; an der Front des Audi vorbeif\u00fchrenden &#8211; gemeinsamen Fu\u00df- und Radweg benutzte und aus unbekannten Gr\u00fcnden mit dem Auto kollidierte. Der Besitzer fand weder am Auto eine Nachricht, noch hatte der Verursacher den Schaden bei der Polizei gemeldet. Da am Unfallort zur fraglichen Zeit meist ein reger Fu\u00df- und Fahrzeugverkehr &#8211; auch von Fahrr\u00e4dern &#8211; herrsch, erhoffen sich die Unfallfluchtermittler Hinweise durch Zeugenaussagen.<br \/>\nNach der Bewertung aller Umst\u00e4nde ist als Ort eines weiteren Unfalls die Savignystra\u00dfe an der Ladestation f\u00fcr Elektroautos anzunehmen. Unfallzeit w\u00e4re damit die Nacht zum Sonntag (7. M\u00e4rz) zwischen Mitternacht und 22.31 Uhr. Der entstandene Schaden von mindestens 2.000 Euro befindet sich auf der Beifahrerseite.<br \/>\nHinweise auf das verursachende Fahrzeug ergaben sich bei der Spurensuche nicht. Vermutlich fuhr der Unfallverursacher von der Biegenstra\u00dfe aus durch die Savigny- zur Uferstra\u00dfe und streifte dabei den vor dem Anwesen Savignystra\u00dfe 2 auf dem zweiten Parkplatz der Ladestation geparkten grauen Renault Zoe. Der Besitzer hatte sein Elektrofahrzeug von der Ladestation in die Stra\u00dfe &#8222;Neustadt in Marburg gefahren und dort in Fahrtrichtung am rechten Fahrbahnrand abgestellt.<br \/>\nDen Schaden stellte er am Mittwoch (10. M\u00e4rz) um 7.30 Uhr fest. Da der Schaden sich auf der zum Gehweg gewandten Seite befindet, ist das Unfallgeschehen eher in der Savignystra\u00dfe als in der Neustadt anzunehmen.<\/p>\n<p>* pm: Polizei Marburg<\/p>\n","protected":false},"excerpt":{"rendered":"<p>Dellen und Kratzer in der Motorhaube und am K\u00fchlergrill eines grauen Audi SQ5 haben einen Schaden von indestens 3.000 Euro verursacht. Der Q5 parkte zur Unfallzeit am Mittwoch (10. M\u00e4rz) zwischen 14.30 und 16.30 Uhr, in der Uferstra\u00dfe gegen\u00fcber der <a class=\"more-link\" href=\"http:\/\/marburg.news\/?p=6684\">weiterlesen  <span class=\"screen-reader-text\">  Verursacher ausgeb\u00fcxt: Erneut zwei F\u00e4lle von Unfallflucht<\/span><span class=\"meta-nav\">&rarr;<\/span><\/a><\/p>\n","protected":false},"author":2,"featured_media":0,"comment_status":"closed","ping_status":"open","sticky":false,"template":"","format":"standard","meta":{"advanced_seo_description":"","spay_email":"","jetpack_publicize_message":"","jetpack_is_tweetstorm":false,"jetpack_publicize_feature_enabled":true},"categories":[6],"tags":[259,16,34],"jetpack_featured_media_url":"","jetpack_publicize_connections":[],"jetpack_sharing_enabled":true,"jetpack_shortlink":"https:\/\/wp.me\/p8mhvd-1JO","jetpack-related-posts":[{"id":2549,"url":"http:\/\/marburg.news\/?p=2549","url_meta":{"origin":6684,"position":0},"title":"Unfallflucht in Marburg: Drei weitere F\u00e4lle wurden am Donnerstag angezeigt","date":"17. August 2018","format":false,"excerpt":"Drei F\u00e4lle von Unfallflucht wurden der Polizei am Donnerstag (16. August) angezeigt. Als der Bewohner eines Hauses an der H\u00f6hlsgasse nach seinem Urlaub zur\u00fcckkehrte, bemerkte er einen Schaden an der Dachrinne seines Carports. Nach den Spuren d\u00fcrfte ein entsprechend hohes Fahrzeug gegen die Dachrinne gesto\u00dfen sein. Die Grundst\u00fcckseinfahrt d\u00fcrfte der\u2026","rel":"","context":"In &quot;Sonstiges&quot;","img":{"alt_text":"","src":"","width":0,"height":0},"classes":[]},{"id":4880,"url":"http:\/\/marburg.news\/?p=4880","url_meta":{"origin":6684,"position":1},"title":"Viermal Unfallflucht: Rollstuhl, Fu\u00dfg\u00e4nger, Autos und Schild","date":"24. M\u00e4rz 2020","format":false,"excerpt":"Die Polizei Marburg ermittelt in einer etwas au\u00dfergew\u00f6hnlichen Unfallflucht. Geschehen ist das Ganze bereits am Donnerstag (20. Februar) gegen 11 Uhr in der Frauenbergstra\u00dfe. Von diesem Fall erfuhr die Polizei allerdings erst jetzt. Ein Rollstuhlfahrer und ein Fu\u00dfg\u00e4nger bewegten sich von der Zeppelinstra\u00dfe aus auf dem Gehweg der Frauenbergstra\u00dfe in\u2026","rel":"","context":"In &quot;Sonstiges&quot;","img":{"alt_text":"","src":"","width":0,"height":0},"classes":[]},{"id":312,"url":"http:\/\/marburg.news\/?p=312","url_meta":{"origin":6684,"position":2},"title":"Auf und davon: Erneut mehrere F\u00e4lle von Unfallflucht","date":"21. M\u00e4rz 2017","format":false,"excerpt":"Derzeit fahndet die Polizei nach einem frisch unfallbesch\u00e4digten roten Auto. An ihm k\u00f6nnte silberne Fremdfarbe sein. Au\u00dferdem fehlt eine Zierleiste. Der Fahndung zugrunde liegen Ermittlungen nach einer Unfallflucht, die sich zwischen Samstag (18. M\u00e4rz) nach 11 Uhr und Sonntag (19. M\u00e4rz) vor 9 Uhr auf dem Parkplatz an der Temmlerstra\u00dfe\u2026","rel":"","context":"In &quot;Sonstiges&quot;","img":{"alt_text":"","src":"","width":0,"height":0},"classes":[]},{"id":2416,"url":"http:\/\/marburg.news\/?p=2416","url_meta":{"origin":6684,"position":3},"title":"Audi angezeigt: Unfallflucht bei Baustelle in der Universit\u00e4tsstra\u00dfe","date":"12. Juli 2018","format":false,"excerpt":"Nach einem Unfall am Mittwoch (11. Juli) sucht die Polizei neinen roten Audi A3. Angestellte einer Firma f\u00fchrten gegen 10.30 Uhr an einer Baustellenampel in der Universit\u00e4tsstra\u00dfe Arbeiten durch. Ein Auto, das vom Rudolphsplatz in Richtung Gutenbergstra\u00dfe fuhr, touchierte beim Vorbeifahren den abgestellten Kleinlaster der Firma hinten links und verursachte\u2026","rel":"","context":"In &quot;Sonstiges&quot;","img":{"alt_text":"","src":"","width":0,"height":0},"classes":[]},{"id":17360,"url":"http:\/\/marburg.news\/?p=17360","url_meta":{"origin":6684,"position":4},"title":"Unfallflucht: Zwei parkende Autos im Vorbeifahren touchiert","date":"22. Januar 2025","format":false,"excerpt":"Vermutlich beim Vorbeifahren touchierte ein Auto einen wei\u00dfen Mercedes Sprinter. Der Transporter parkte am Montag (13. Januar) am linken Fahrbahnrand der Rudolf-Bultmann-Stra\u00dfe. Anstatt sich um den Schaden von etwa 500 Euro zu k\u00fcmmern, entfernte sich der Verursacher zwischen 7 und 12.20 Uhr unerlaubt. Aufgrund der Schadensh\u00f6he wird vermutet, dass die\u2026","rel":"","context":"In &quot;Sonstiges&quot;","img":{"alt_text":"","src":"","width":0,"height":0},"classes":[]},{"id":15859,"url":"http:\/\/marburg.news\/?p=15859","url_meta":{"origin":6684,"position":5},"title":"Dreist abhauen: Weitere sechs F\u00e4lle von Unfallflucht","date":"24. Juni 2024","format":false,"excerpt":"Eine Unfallflucht auf dem Vitos-Gel\u00e4nde muss zwischen Mittwoch (14. Februar) und Sonntag (23. Juni)erfolgt sein. In diesem Zeitraum stand ein blauer Hyundai i30 auf dem G\u00e4ste-Parkplatz der Klinik an der Cappeler Stra\u00dfe. Vermutlich beim Ein- oder Ausparken prallte ein Auto gegen den vorderen Kotfl\u00fcgel auf der Fahrerseite des Wagens. An\u2026","rel":"","context":"In &quot;Sonstiges&quot;","img":{"alt_text":"","src":"","width":0,"height":0},"classes":[]}],"_links":{"self":[{"href":"http:\/\/marburg.news\/index.php?rest_route=\/wp\/v2\/posts\/6684"}],"collection":[{"href":"http:\/\/marburg.news\/index.php?rest_route=\/wp\/v2\/posts"}],"about":[{"href":"http:\/\/marburg.news\/index.php?rest_route=\/wp\/v2\/types\/post"}],"author":[{"embeddable":true,"href":"http:\/\/marburg.news\/index.php?rest_route=\/wp\/v2\/users\/2"}],"replies":[{"embeddable":true,"href":"http:\/\/marburg.news\/index.php?rest_route=%2Fwp%2Fv2%2Fcomments&post=6684"}],"version-history":[{"count":0,"href":"http:\/\/marburg.news\/index.php?rest_route=\/wp\/v2\/posts\/6684\/revisions"}],"wp:attachment":[{"href":"http:\/\/marburg.news\/index.php?rest_route=%2Fwp%2Fv2%2Fmedia&parent=6684"}],"wp:term":[{"taxonomy":"category","embeddable":true,"href":"http:\/\/marburg.news\/index.php?rest_route=%2Fwp%2Fv2%2Fcategories&post=6684"},{"taxonomy":"post_tag","embeddable":true,"href":"http:\/\/marburg.news\/index.php?rest_route=%2Fwp%2Fv2%2Ftags&post=6684"}],"curies":[{"name":"wp","href":"https:\/\/api.w.org\/{rel}","templated":true}]}}