{"id":6679,"date":"2021-03-10T18:18:06","date_gmt":"2021-03-10T17:18:06","guid":{"rendered":"http:\/\/marburg.news\/?p=6679"},"modified":"2021-03-10T18:18:06","modified_gmt":"2021-03-10T17:18:06","slug":"trinker-frei-haus-unangenehme-annaeherung-kaum-abgewehrt","status":"publish","type":"post","link":"http:\/\/marburg.news\/?p=6679","title":{"rendered":"Trinker frei Haus: Unangenehme Ann\u00e4herung kaum abgewehrt"},"content":{"rendered":"<p>Ein augenscheinlich betrunkener Mann n\u00e4herte sich am Montag (8. M\u00e4rz) enthemmt einem Spazierg\u00e4ngerin. Dabei unterschritt er deutlich den Corona bedingten Mindestabstand. <!--more--><br \/>\nAu\u00dferdem trug er keine Mund-Nasen-Bedeckung. Versuche des Paares, den notwendigen Sicherheitsabtsand wiederherzustellen, scheiterten am Verhalten des Mannes. Der Vorfall ereignete sich gegen 17.50 Uhr auf dem Hermann-Cohen-Weg etwa in H\u00f6he der Volksbank<br \/>\nDer Unbekannte bedrohte und beleidigte das Paar verbal. Schlie\u00dflich iging er in Richtung Erlenring und Erlenringcenter weg. Der \u00fcbergewichtige Mann war zwischen 40 und 50 Jahre alt und etwa 1,75 Meter gro\u00df.<br \/>\nVermutlich war er mittel- oder osteurop\u00e4ischer Herkunft. Er hatte sch\u00fctteres &#8211; graues bis wei\u00dfes &#8211; Haar.<br \/>\nZur dunkelblauen Jeans trug er eine schwarze Jacke und schwarze Sportschuhe. Zudem hatte er einen schwarzen Stoffbeutel dabei. Seine Drohungen und Beleidigungen waren fremdenfeindlicher art.<\/p>\n<p>* pm: Polizei Marburg<\/p>\n","protected":false},"excerpt":{"rendered":"<p>Ein augenscheinlich betrunkener Mann n\u00e4herte sich am Montag (8. M\u00e4rz) enthemmt einem Spazierg\u00e4ngerin. Dabei unterschritt er deutlich den Corona bedingten Mindestabstand.<\/p>\n","protected":false},"author":2,"featured_media":0,"comment_status":"closed","ping_status":"open","sticky":false,"template":"","format":"standard","meta":{"advanced_seo_description":"","spay_email":"","jetpack_publicize_message":"","jetpack_is_tweetstorm":false,"jetpack_publicize_feature_enabled":true},"categories":[6],"tags":[293,2310,16],"jetpack_featured_media_url":"","jetpack_publicize_connections":[],"jetpack_sharing_enabled":true,"jetpack_shortlink":"https:\/\/wp.me\/p8mhvd-1JJ","jetpack-related-posts":[{"id":4791,"url":"http:\/\/marburg.news\/?p=4791","url_meta":{"origin":6679,"position":0},"title":"Engagiertes Eingreifen: Zeuge schlug Angreifer in die Flucht","date":"5. M\u00e4rz 2020","format":false,"excerpt":"Ein mutiger Zeuge verhinderte am Dienstag (3. M\u00e4rz) gegen 17.15 Uhr die Fortsetzung einer Auseinandersetzung. Weil er sich vor das Opfer stellte und dessen Kontrahenten ansprach, suchte dieser Mann das Weite. Der Zeuge vergewisserte sich beim Opfer, ob es ihm gut gehe. Dann setzte er seinen Weg zur Bushaltestelle fort.\u2026","rel":"","context":"In &quot;Sonstiges&quot;","img":{"alt_text":"","src":"","width":0,"height":0},"classes":[]},{"id":12930,"url":"http:\/\/marburg.news\/?p=12930","url_meta":{"origin":6679,"position":1},"title":"Fremde und Frage: Raub beim Parkhaus Pilgrimstein","date":"19. Juni 2023","format":false,"excerpt":"Drei unbekannte M\u00e4nner sprachen am Sonntag (18. Juni) bei der Einfahrt zum Parkhaus Pilgrimstein einen 30-j\u00e4hrigen Mann an. Die Fremden fragten ihn nach Zigaretten. Unmittelbar danach schlugen sie ihn offenbar gegen den Oberk\u00f6rper und ins Gesicht. Zudem verpassten sie ihm noch Tritte, als er bereits auf dem Boden lag. Dann\u2026","rel":"","context":"In &quot;Sonstiges&quot;","img":{"alt_text":"","src":"","width":0,"height":0},"classes":[]},{"id":14942,"url":"http:\/\/marburg.news\/?p=14942","url_meta":{"origin":6679,"position":2},"title":"Schlag trifft Gesicht: Auseinandersetzung bei Imbiss am Rudolphsplatz","date":"15. Februar 2024","format":false,"excerpt":"Nach einer Auseinandersetzung am Pilgrimstein sucht die Polizei Zeugen. Am Mittwoch (14. Februar) gegen 19.30 Uhr geriet ein 24-j\u00e4hriger Mann in einem Imbiss aus bislang unbekannten Gr\u00fcnden in Streit. Letztendlich verlagerte sich die Auseinandersetzung nach drau\u00dfen. In deren Verlauf schlugen die M\u00e4nner offenbar mehrfach den - im Marburg lebenden -\u2026","rel":"","context":"In &quot;Sonstiges&quot;","img":{"alt_text":"","src":"","width":0,"height":0},"classes":[]},{"id":13840,"url":"http:\/\/marburg.news\/?p=13840","url_meta":{"origin":6679,"position":3},"title":"Ganz laut geschrien: Mann misshandelte Jungen","date":"15. September 2023","format":false,"excerpt":"Nach einem \u00dcbergriff an der Bushaltestelle \"Frankfurter Stra\u00dfe\/Theater\" sucht die Polizei die Beteiligten. Insbesondere sucht sie zwei Kinder. Eine Zeugin war am Sonntag gegen 19.45 Uhr in der N\u00e4he der Bushaltestelle und wurde durch das Geschrei eines Mannes auf eine Situation aufmerksam. Der Mann soll den Hinterkopf eines Jungen gepackt\u2026","rel":"","context":"In &quot;Sonstiges&quot;","img":{"alt_text":"","src":"","width":0,"height":0},"classes":[]},{"id":14309,"url":"http:\/\/marburg.news\/?p=14309","url_meta":{"origin":6679,"position":4},"title":"F\u00fcr Zeugenhinweise : Mann am Richtsberg zu Boden geschlagen","date":"8. November 2023","format":false,"excerpt":"Nachdem ein 20-j\u00e4hriger Mann in der Nacht zum Samstag (4. November) Opfer von Schl\u00e4gern wurde, bittet die Polizei um Hinweise. Der im Landkreis Marburg-Biedenkopf wohnhafte Mann war gegen 4 Uhr zu Fu\u00df \"Am Richtsberg\" unterwegs. Er war beim Marktplatz aus einem Taxi ausgestiegen, als ihn ein Unbekannter aus einiger Entfernung\u2026","rel":"","context":"In &quot;Sonstiges&quot;","img":{"alt_text":"","src":"","width":0,"height":0},"classes":[]},{"id":8058,"url":"http:\/\/marburg.news\/?p=8058","url_meta":{"origin":6679,"position":5},"title":"Drei in Klinikum: Mann griff Sicherheitsposten an","date":"4. November 2021","format":false,"excerpt":"Die Polizei ermittelt nach einer Auseinandersetzung vor dem Eingang Ost des Klinikums. Bei dem Geschehen am Mittwoch (13. Oktober) kurz vor 18 Uhr erlitt ein 40 Jahre alter Mann des Sicherheitsdienstes leichte Verletzungen. Er hatte einem Paar mit einem zwei bis drei Jahre alten Kind die g\u00fcltigen Regularien beim Betreten\u2026","rel":"","context":"In &quot;Sonstiges&quot;","img":{"alt_text":"","src":"","width":0,"height":0},"classes":[]}],"_links":{"self":[{"href":"http:\/\/marburg.news\/index.php?rest_route=\/wp\/v2\/posts\/6679"}],"collection":[{"href":"http:\/\/marburg.news\/index.php?rest_route=\/wp\/v2\/posts"}],"about":[{"href":"http:\/\/marburg.news\/index.php?rest_route=\/wp\/v2\/types\/post"}],"author":[{"embeddable":true,"href":"http:\/\/marburg.news\/index.php?rest_route=\/wp\/v2\/users\/2"}],"replies":[{"embeddable":true,"href":"http:\/\/marburg.news\/index.php?rest_route=%2Fwp%2Fv2%2Fcomments&post=6679"}],"version-history":[{"count":0,"href":"http:\/\/marburg.news\/index.php?rest_route=\/wp\/v2\/posts\/6679\/revisions"}],"wp:attachment":[{"href":"http:\/\/marburg.news\/index.php?rest_route=%2Fwp%2Fv2%2Fmedia&parent=6679"}],"wp:term":[{"taxonomy":"category","embeddable":true,"href":"http:\/\/marburg.news\/index.php?rest_route=%2Fwp%2Fv2%2Fcategories&post=6679"},{"taxonomy":"post_tag","embeddable":true,"href":"http:\/\/marburg.news\/index.php?rest_route=%2Fwp%2Fv2%2Ftags&post=6679"}],"curies":[{"name":"wp","href":"https:\/\/api.w.org\/{rel}","templated":true}]}}