{"id":6677,"date":"2021-03-10T14:44:27","date_gmt":"2021-03-10T13:44:27","guid":{"rendered":"http:\/\/marburg.news\/?p=6677"},"modified":"2021-03-10T14:44:27","modified_gmt":"2021-03-10T13:44:27","slug":"umfaller-frei-haus-fahrrad-von-auto-umbefahren","status":"publish","type":"post","link":"http:\/\/marburg.news\/?p=6677","title":{"rendered":"Umfaller frei Haus: Fahrrad von Auto umbefahren"},"content":{"rendered":"<p>Ein Auto kollidierte in der Biegenstra\u00dfe bei einem noch unbekannten Fahrman\u00f6ver mit einem abgestellten Fahrrad. Der Autofahrer k\u00fcmmerte sich nicht um den entstandenen Schaden. <!--more--><br \/>\nDie Polizei ermittelt wegen Unfallflucht und bittet um sachdienliche Hinweise. Der Fahrradbesitzer hatte sein schwarzes Trekkingrad am Montag (8. M\u00e4rz) um 14.55 Uhr an einem Baum auf einem Gr\u00fcnstreifen vor dem Anwesen Biegenstra\u00dfe 34 abgestellt. Als er um 16.50 Uhr zur\u00fcckkehrte, lag das Rad seitlich auf dem Bogen.<br \/>\nDas Hinterrad und der fest am Gep\u00e4cktr\u00e4ger verbaute Fahrradkorb waren besch\u00e4digt. Frische Erde auf der Stra\u00dfe und die Spur eines Autoreifens im Gr\u00fcn bei dem Baum offenbarten, dass das Rad offensichtlich bei einem Fahrman\u00f6ver angefahren wurde und dadurch umfiel. Derzeit liegen keine Anhaltspunkte zum Fahrzeug und dessen Fahrer vor.<\/p>\n<p>* pm: Polizei Marburg<\/p>\n","protected":false},"excerpt":{"rendered":"<p>Ein Auto kollidierte in der Biegenstra\u00dfe bei einem noch unbekannten Fahrman\u00f6ver mit einem abgestellten Fahrrad. Der Autofahrer k\u00fcmmerte sich nicht um den entstandenen Schaden.<\/p>\n","protected":false},"author":2,"featured_media":0,"comment_status":"closed","ping_status":"open","sticky":false,"template":"","format":"standard","meta":{"advanced_seo_description":"","spay_email":"","jetpack_publicize_message":"","jetpack_is_tweetstorm":false,"jetpack_publicize_feature_enabled":true},"categories":[6],"tags":[259,16,34],"jetpack_featured_media_url":"","jetpack_publicize_connections":[],"jetpack_sharing_enabled":true,"jetpack_shortlink":"https:\/\/wp.me\/p8mhvd-1JH","jetpack-related-posts":[{"id":9887,"url":"http:\/\/marburg.news\/?p=9887","url_meta":{"origin":6677,"position":0},"title":"An Autot\u00fcren: Besch\u00e4digung durch Verkehrsunf\u00e4lle","date":"14. Juni 2022","format":false,"excerpt":"Den Spuren nach kollidierte ein unbekanntes Fahrzeug beim Ein- oder Ausparken mit einem geparkten silbernen Ford Fiesta. An T\u00fcr und Kotfl\u00fcgel hinten links verursachte es einen Sachschaden. Der Unfall passierte zwischen Donnerstag (9. Juni) nach 14 Uhr und Montag (13. Juni) vor 20 Uhr. Der Fiesta parkte ordnungsgem\u00e4\u00df auf einem\u2026","rel":"","context":"In &quot;Sonstiges&quot;","img":{"alt_text":"","src":"","width":0,"height":0},"classes":[]},{"id":11372,"url":"http:\/\/marburg.news\/?p=11372","url_meta":{"origin":6677,"position":1},"title":"Auf vier Neue: Wieder und immer wieder Unfallflucht","date":"5. Dezember 2022","format":false,"excerpt":"Bislang gibt es keinerlei Anhaltspunkte zu einer Unfallflucht in der Sudetenstra\u00dfe. Sie erfolgte bereits zwischen Montag (21. November) und Sonntag (27. November). Hinten rechts am Kotfl\u00fcgel eines - auf einem gekennzeichneten Parkplatz vor dem Anwesen Sudetenstra\u00dfe 23 abgestellten - grauen Citroen C4 Picasso entstand ein Schaden von mehreren Hundert Euro.\u2026","rel":"","context":"In &quot;Sonstiges&quot;","img":{"alt_text":"","src":"","width":0,"height":0},"classes":[]},{"id":1224,"url":"http:\/\/marburg.news\/?p=1224","url_meta":{"origin":6677,"position":2},"title":"Ratlos Rad los: Polizei sucht Eigent\u00fcmerin von teurem Treckingrad","date":"17. Oktober 2017","format":false,"excerpt":"Wegen anstehender Reinigungsarbeiten \u00fcbergab ein Fremder einem Bewohner der Lebenshilfe ein Fahrrad. Angeblich hatte es \"wochenlang auf dem Gr\u00fcnstreifen zwischen den Parkpl\u00e4tzen an der Biegenstra\u00dfe 33\" gestanden. Dem Angesprochenen kam das Ganze merkw\u00fcrdig vor. Deshalb informierte er die Polizei. Die Beamten stellten das Rad vorsorglich sicher. Es handelt sich um\u2026","rel":"","context":"In &quot;Sonstiges&quot;","img":{"alt_text":"","src":"","width":0,"height":0},"classes":[]},{"id":4157,"url":"http:\/\/marburg.news\/?p=4157","url_meta":{"origin":6677,"position":3},"title":"Im und am Kreisel: Auto touchierte Fahrrad","date":"4. September 2019","format":false,"excerpt":"Erst jetzt erhielt die Polizei Kenntnis von einem Unfall am Donnerstag (15. August) im Kreisel C\u00f6lber Stra\u00dfe und Wehrdaer Stra\u00dfe. Die betroffene Radlerin kam mit dem Schrecken davon. Die 65-j\u00e4hrige Frau war um 13.45 Uhr mit ihrem Herkules-Rad im Kreisel unterwegs und wollte in Richtung Einkaufszentrum Wehrda weiterfahren. Ein aus\u2026","rel":"","context":"In &quot;Sonstiges&quot;","img":{"alt_text":"","src":"","width":0,"height":0},"classes":[]},{"id":5132,"url":"http:\/\/marburg.news\/?p=5132","url_meta":{"origin":6677,"position":4},"title":"Suche nach Fahrern: Zusammenst\u00f6\u00dfe von Autos mit Fahrr\u00e4dern","date":"19. Mai 2020","format":false,"excerpt":"Eine 25-j\u00e4hrige Frau fuhr am Montag (18. Mai) gegen 14.30 Uhr mit einem Fahrrad die Biegenstra\u00dfe in Richtung Volkshochschule. Offenbar ohne auf den Verkehr zu achten fuhr ein unbekannter Verkehrsteilnehmer vom Taxistreifen auf die Biegenstra\u00dfe ein. Dabei stie\u00df er mit der Radlerin zusammen. Die Frau verletzte sich leicht. Deswegen wurde\u2026","rel":"","context":"In &quot;Sonstiges&quot;","img":{"alt_text":"","src":"","width":0,"height":0},"classes":[]},{"id":4996,"url":"http:\/\/marburg.news\/?p=4996","url_meta":{"origin":6677,"position":5},"title":"Mit Rad gest\u00fcrzt: Geringer Seitenabstand f\u00fchrte zu Unfall","date":"21. April 2020","format":false,"excerpt":"Bei einem Ausweichman\u00f6ver st\u00fcrzte ein Radfahrer am Mittwoch (15. April) in der Robert-Koch-Stra\u00dfe. Die Polizei sucht Zeugen des Unfallgeschehens. Gegen 16.25 Uhr fuhr der 32 Jahre alte Mann mit seinem Fahrrad auf der Robert-Koch-Stra\u00dfe zur Rosenstra\u00dfe. Als ihn ein Auto mit nur wenig Seitenabstand \u00fcberholte, wich er nach rechts aus.\u2026","rel":"","context":"In &quot;Sonstiges&quot;","img":{"alt_text":"","src":"","width":0,"height":0},"classes":[]}],"_links":{"self":[{"href":"http:\/\/marburg.news\/index.php?rest_route=\/wp\/v2\/posts\/6677"}],"collection":[{"href":"http:\/\/marburg.news\/index.php?rest_route=\/wp\/v2\/posts"}],"about":[{"href":"http:\/\/marburg.news\/index.php?rest_route=\/wp\/v2\/types\/post"}],"author":[{"embeddable":true,"href":"http:\/\/marburg.news\/index.php?rest_route=\/wp\/v2\/users\/2"}],"replies":[{"embeddable":true,"href":"http:\/\/marburg.news\/index.php?rest_route=%2Fwp%2Fv2%2Fcomments&post=6677"}],"version-history":[{"count":0,"href":"http:\/\/marburg.news\/index.php?rest_route=\/wp\/v2\/posts\/6677\/revisions"}],"wp:attachment":[{"href":"http:\/\/marburg.news\/index.php?rest_route=%2Fwp%2Fv2%2Fmedia&parent=6677"}],"wp:term":[{"taxonomy":"category","embeddable":true,"href":"http:\/\/marburg.news\/index.php?rest_route=%2Fwp%2Fv2%2Fcategories&post=6677"},{"taxonomy":"post_tag","embeddable":true,"href":"http:\/\/marburg.news\/index.php?rest_route=%2Fwp%2Fv2%2Ftags&post=6677"}],"curies":[{"name":"wp","href":"https:\/\/api.w.org\/{rel}","templated":true}]}}