{"id":6673,"date":"2021-03-09T18:02:17","date_gmt":"2021-03-09T17:02:17","guid":{"rendered":"http:\/\/marburg.news\/?p=6673"},"modified":"2021-03-09T18:02:17","modified_gmt":"2021-03-09T17:02:17","slug":"entflammt-gewesen-sockel-von-denkmal-beschaedigt","status":"publish","type":"post","link":"http:\/\/marburg.news\/?p=6673","title":{"rendered":"Entflammt gewesen: Sockel von Denkmal besch\u00e4digt"},"content":{"rendered":"<p>Am Sockel des Denkmals &#8222;Die Kauernde&#8220; hat jemand ein Feuer entz\u00fcndet. Die Brandstiftung f\u00fchrte zu einem Schaden von mehreren Hundert Euro. <!--more--><br \/>\nDas Denkmal steht im Garten des Kunstgeb\u00e4udes der Philipps Universit\u00e4t an der Biegenstra\u00dfe. Bemerkt wurde der Schaden am Sonntag (7. M\u00e4rz). Die Polizei hat jetzt die Ermittlungen aufgenommen und bittet um sachdienliche Hinweise.<\/p>\n<p>* pm: Polizei Marburg<\/p>\n","protected":false},"excerpt":{"rendered":"<p>Am Sockel des Denkmals &#8222;Die Kauernde&#8220; hat jemand ein Feuer entz\u00fcndet. Die Brandstiftung f\u00fchrte zu einem Schaden von mehreren Hundert Euro.<\/p>\n","protected":false},"author":2,"featured_media":0,"comment_status":"closed","ping_status":"open","sticky":false,"template":"","format":"standard","meta":{"advanced_seo_description":"","spay_email":"","jetpack_publicize_message":"","jetpack_is_tweetstorm":false,"jetpack_publicize_feature_enabled":true},"categories":[6],"tags":[74,1040,16],"jetpack_featured_media_url":"","jetpack_publicize_connections":[],"jetpack_sharing_enabled":true,"jetpack_shortlink":"https:\/\/wp.me\/p8mhvd-1JD","jetpack-related-posts":[{"id":5776,"url":"http:\/\/marburg.news\/?p=5776","url_meta":{"origin":6673,"position":0},"title":"Mit Expertise: Keine Hinweise auf vors\u00e4tzliche Brandstiftung","date":"30. September 2020","format":false,"excerpt":"keine Hinweise auf eine vors\u00e4tzliche Brandstiftung hat die Polizei in Dagobertshausen gefunden. Ein Feuer hatte einen erheblichen Schaden an einem Wohnhaus \"Im Dorfe\" verursacht. Das vorl\u00e4ufige Untersuchungsergebnis der Brandursachenermittler der Kriminalpolizei Marburg und des Hessischen Landeskriminalamts (LKA) hat die Polizei am mittwoch (30. September) bekanntgegeben. Der Brand in der Nacht\u2026","rel":"","context":"In &quot;Sonstiges&quot;","img":{"alt_text":"","src":"","width":0,"height":0},"classes":[]},{"id":1371,"url":"http:\/\/marburg.news\/?p=1371","url_meta":{"origin":6673,"position":1},"title":"Flucht nach Brandstiftung: Lagerhalle auf Vitos-Gel\u00e4nde brannte ab","date":"27. November 2017","format":false,"excerpt":"Einem Feuer fiel eine Lagerhalle auf dem Gel\u00e4nde der Vitos-Klinik zum Opfer. Nach den ersten Untersuchungen am Montag (27. November) gehen die Ermittler von Brandstiftung aus. Die Brandmeldung ging am Sonntag (26. November) gegen 5.10 Uhr ein. Als Polizei und Feuerwehr eintrafen, brannte die Halle lichterloh. In der frei zug\u00e4nglichen\u2026","rel":"","context":"In &quot;Sonstiges&quot;","img":{"alt_text":"","src":"","width":0,"height":0},"classes":[]},{"id":4878,"url":"http:\/\/marburg.news\/?p=4878","url_meta":{"origin":6673,"position":2},"title":"Von Furcht getrieben: Brandstiftung an Sporthalle der der Elisabethschule","date":"23. M\u00e4rz 2020","format":false,"excerpt":"Wegen einer Brandstiftung am Dienstag (17. M\u00e4rz) ermittelt die Polizei. Tatort war die Elisabethschule an der Leopold-Lucas-Stra\u00dfe. Die Tatzeit liegt zwischen 1.35 und 1.55 Uhr. Der rein materielle Schaden ist eher gering, der ideelle Schaden daf\u00fcr umso gr\u00f6\u00dfer. Betroffen von der Sachbesch\u00e4digung durch Feuerlegung waren vier Abiplakate und wegen der\u2026","rel":"","context":"In &quot;Sonstiges&quot;","img":{"alt_text":"","src":"","width":0,"height":0},"classes":[]},{"id":10063,"url":"http:\/\/marburg.news\/?p=10063","url_meta":{"origin":6673,"position":3},"title":"Unfallschaden: Unbekannter fuhr gegen Schranke vor Mensa","date":"5. Juli 2022","format":false,"excerpt":"Beim Verlassen des Mensa-Parkplatzes am Erlenring touchierte ein Auto am Sonntag (3. Juli) den Sockel der Ausfahrtsschranke. Damit verursachte es einen Schaden von etwa 3.500 Euro. Anstatt sich darum zu k\u00fcmmern, fl\u00fcchtete der Fahrer gegen 2 Uhr. Die Polizei sucht nun Unfallzeugen. * pm: Polizei Marburg","rel":"","context":"In &quot;Sonstiges&quot;","img":{"alt_text":"","src":"","width":0,"height":0},"classes":[]},{"id":12744,"url":"http:\/\/marburg.news\/?p=12744","url_meta":{"origin":6673,"position":4},"title":"Am Rohbau: Brandstiftung auf Baustelle beim Landratsamt","date":"5. Juni 2023","format":false,"excerpt":"Einen Brand l\u00f6schte die Feuerwehr am Sonntag (4. Juni) gegen 19 Uhr auf der Baustelle beim Landratsamt. Nach ersten Ermittlungen verschafften sich Unbekannte unbefugt Zutritt zur komplett umz\u00e4unten Baustelle. Auf dem Flachdach des Rohbaus z\u00fcndeten sie D\u00e4mmmaterial, Dachpappe und Bohlen an und verbrannten im Treppenhaus einen Stapel Papier. Die Br\u00e4nde\u2026","rel":"","context":"In &quot;Sonstiges&quot;","img":{"alt_text":"","src":"","width":0,"height":0},"classes":[]},{"id":7663,"url":"http:\/\/marburg.news\/?p=7663","url_meta":{"origin":6673,"position":5},"title":"Einmal um die Ursache: Mutma\u00dfliche Brandstiftung im Ginseldorfer Weg","date":"26. August 2021","format":false,"excerpt":"In einem Wohnhaus im Waldtal brannte es am Mittwoch (25. August). Das fr\u00fchzeitige Eingreifen der Feuerwehr verhinderte Schlimmeres. Gegen 20.45 Uhr entstand das Feuer im Keller des Mehrfamilienhauses Ginseldorfer Weg 30. Personen wurden nicht verletzt. Nach den ersten Untersuchungen gehen die Brandursachenermittler von vors\u00e4tzlicher schwerer Brandstiftung aus. Das Feuer legte\u2026","rel":"","context":"In &quot;Sonstiges&quot;","img":{"alt_text":"","src":"","width":0,"height":0},"classes":[]}],"_links":{"self":[{"href":"http:\/\/marburg.news\/index.php?rest_route=\/wp\/v2\/posts\/6673"}],"collection":[{"href":"http:\/\/marburg.news\/index.php?rest_route=\/wp\/v2\/posts"}],"about":[{"href":"http:\/\/marburg.news\/index.php?rest_route=\/wp\/v2\/types\/post"}],"author":[{"embeddable":true,"href":"http:\/\/marburg.news\/index.php?rest_route=\/wp\/v2\/users\/2"}],"replies":[{"embeddable":true,"href":"http:\/\/marburg.news\/index.php?rest_route=%2Fwp%2Fv2%2Fcomments&post=6673"}],"version-history":[{"count":0,"href":"http:\/\/marburg.news\/index.php?rest_route=\/wp\/v2\/posts\/6673\/revisions"}],"wp:attachment":[{"href":"http:\/\/marburg.news\/index.php?rest_route=%2Fwp%2Fv2%2Fmedia&parent=6673"}],"wp:term":[{"taxonomy":"category","embeddable":true,"href":"http:\/\/marburg.news\/index.php?rest_route=%2Fwp%2Fv2%2Fcategories&post=6673"},{"taxonomy":"post_tag","embeddable":true,"href":"http:\/\/marburg.news\/index.php?rest_route=%2Fwp%2Fv2%2Ftags&post=6673"}],"curies":[{"name":"wp","href":"https:\/\/api.w.org\/{rel}","templated":true}]}}