{"id":6624,"date":"2021-03-01T13:00:03","date_gmt":"2021-03-01T12:00:03","guid":{"rendered":"http:\/\/marburg.news\/?p=6624"},"modified":"2021-03-01T13:00:03","modified_gmt":"2021-03-01T12:00:03","slug":"zu-zweit-zugegriffen-mutige-marburger-polizeibeamte-geehrt","status":"publish","type":"post","link":"http:\/\/marburg.news\/?p=6624","title":{"rendered":"Zu zweit zugegriffen: Mutige Marburger Polizeibeamte geehrt"},"content":{"rendered":"<p>Die Polizeioberkommissare Dominik Buchner und Kai Guntermann bekamen am Donnerstag (25. Februar) die Hessische Rettungsmedaille. Polizeivizepr\u00e4sident Peter Kreuter \u00fcberreichte die Auszeichnung im Namen des hessischen Ministerpr\u00e4sidenten Volker Bouffier. <!--more--><br \/>\n&#8222;Durch Ihren herausragenden Einsatz und Ihre blitzschnelle Entscheidung haben Sie ein Menschenleben gerettet&#8220;, erkl\u00e4rte Kreuter bei der Aush\u00e4ndigung der Hessischen Rettungsmedaille. &#8222;Daf\u00fcr m\u00f6chte ich mich bedanken. Sie haben mit Ihrem mutigen Handeln viel Verantwortung bewiesen.&#8220;<br \/>\nEigentlich h\u00e4tte die Auszeichnung bereits w\u00e4hrend des Hessentags 2020 in Bad Vilbel erfolgen sollen. Durch die coronabedingte Absage dieser Veranstaltung konnte die Auszeichnung nicht in dem gewohnten Rahmen stattfinden und wurde nun im kleinen Rahmen nachgeholt. Zu den ersten Gratulanten geh\u00f6rte auch der Leiter der Polizeistation Marburg.<br \/>\nDie beiden Beamten der Polizeidirektion Marburg hatten am 12. November 2019 gegen 0.30 Uhr w\u00e4hrend ihrer Streife die Meldung erhalten, dass eine m\u00e4nnliche Person auf einem Bahngleis am S\u00fcdbahnhof liege. Als Guntermann und Buchner an den Gleisen entlangliefen, entdeckten sie den Mann auf dem Gleis liegend und sahen einen Zug, der mit hoher Geschwindigkeit in wenigen Sekunden durch den S\u00fcdbahnhof hindurchfahren w\u00fcrde. Im &#8222;Spurt&#8220; rannten die beiden Familienv\u00e4ter zu dem Mann und packten ihn am Kragen.<br \/>\nGerade als der Mann &#8211; mit den F\u00fc\u00dfen zuletzt &#8211; von den Gleisen gezogen wurde, rauschte der Zug vorbei. Der Mann und auch die beiden Beamten blieben unverletzt. Anschlie\u00dfend wurde er dann in eine Psychiatrie eingeliefert.<br \/>\nGuntermann ist 48 Jahre alt und lebt im Landkreis Marburg-Biedenkopf. Buchner ist 30 und wohnt im Landkreis Waldeck-Frankenberg.<\/p>\n<p>* pm: Polizei Marburg<\/p>\n","protected":false},"excerpt":{"rendered":"<p>Die Polizeioberkommissare Dominik Buchner und Kai Guntermann bekamen am Donnerstag (25. Februar) die Hessische Rettungsmedaille. Polizeivizepr\u00e4sident Peter Kreuter \u00fcberreichte die Auszeichnung im Namen des hessischen Ministerpr\u00e4sidenten Volker Bouffier.<\/p>\n","protected":false},"author":2,"featured_media":0,"comment_status":"closed","ping_status":"open","sticky":false,"template":"","format":"standard","meta":{"advanced_seo_description":"","spay_email":"","jetpack_publicize_message":"","jetpack_is_tweetstorm":false,"jetpack_publicize_feature_enabled":true},"categories":[2,4],"tags":[3103,16,2651],"jetpack_featured_media_url":"","jetpack_publicize_connections":[],"jetpack_sharing_enabled":true,"jetpack_shortlink":"https:\/\/wp.me\/p8mhvd-1IQ","jetpack-related-posts":[{"id":3829,"url":"http:\/\/marburg.news\/?p=3829","url_meta":{"origin":6624,"position":0},"title":"Koffer und Schule: Erich-K\u00e4stner-Schule wurde &#8222;bewegungsf\u00f6rdernde Schule&#8220;","date":"7. Juni 2019","format":false,"excerpt":"Die Auszeichnung \"bewegungsf\u00f6rdernde Schule\" hat die Erich-K\u00e4stner-Schule erhalten. Das ist ein wichtiger Schritt zum Gesamtzertifikat des Hessischen Kultusministeriums. Unter gro\u00dfer Beteiligung haben die Schulgemeinde und der Stadtteil Cappel gemeinsam mit der hessischen Staatsministerin Angela Dorn, Gesche Herrler-Heycke und Karsten Vestweber vom Staatlichen Schulamt sowie Cappels Ortsvorsteher Peter Hesse das Teilzertifikat\u2026","rel":"","context":"In &quot;Bildung&quot;","img":{"alt_text":"","src":"","width":0,"height":0},"classes":[]},{"id":13097,"url":"http:\/\/marburg.news\/?p=13097","url_meta":{"origin":6624,"position":1},"title":"Geehrt: Christean Wagner erhielt Kreisl\u00f6wen","date":"30. Juni 2023","format":false,"excerpt":"Eine besondere Auszeichnung hat der ehemalige Landrat Dr. Christean Wagner erhalten. Den \"Kreisl\u00f6wen\" bekam er f\u00fcr sein jahrzehntelanges Engagement f\u00fcr Marburg-Biedenkopf. Der Landkreis Marburg-Biedenkopf hat den ehemaligen Landrat Dr. Christean Wagner mit dem \"Kreisl\u00f6wen\" ausgezeichnet. Damit w\u00fcrdigt der Kreis seine jahrzehntelangen Verdienste f\u00fcr den Kreis sowie Wagners politisches Engagement auch\u2026","rel":"","context":"In &quot;Politik&quot;","img":{"alt_text":"","src":"","width":0,"height":0},"classes":[]},{"id":17883,"url":"http:\/\/marburg.news\/?p=17883","url_meta":{"origin":6624,"position":2},"title":"Im Rathaus: Stadt nimmt Vorschl\u00e4ge f\u00fcr Gleichberechtigungspreis entgegen","date":"23. April 2025","format":false,"excerpt":"Die Vergabe des Marburger Gleichberechtigungspreises hat die Stadt am Mittwoch (23. April) angek\u00fcndigt. Bewerbungen und Vorschl\u00e4ge nimmt die Stadt bis Donnerstag (15. Mai) entgegen. Die Universit\u00e4tsstadt Marburg vergibt 2025 wieder den \"Marburger Gleichberechtigungspreis\". Mit dem Preis wird Engagement f\u00fcr Chancengleichheit und Geschlechtergerechtigkeit geehrt. Bewerbungen und Vorschl\u00e4ge k\u00f6nnen bis zum 15.\u2026","rel":"","context":"In &quot;Politik&quot;","img":{"alt_text":"","src":"","width":0,"height":0},"classes":[]},{"id":17901,"url":"http:\/\/marburg.news\/?p=17901","url_meta":{"origin":6624,"position":3},"title":"Premiere auf Polnisch: Exit through the polish Shop","date":"28. April 2025","format":false,"excerpt":"Die Premiere von \"Exit through the polish Shop\" findet am Samstag (10. Mai) im Mini-TaSch statt. Das St\u00fcck wird in Polnisch und Englisch mit deutschen Untertiteln aufgef\u00fchrt. 2016 hat die britische Bev\u00f6lkerung entschieden, die Europ\u00e4ische Union (EU) zu verlassen. Als Reaktion entstand in London die Auszeichnung \"Borough of Culture\". Diese\u2026","rel":"","context":"In &quot;Kultur&quot;","img":{"alt_text":"","src":"","width":0,"height":0},"classes":[]},{"id":10974,"url":"http:\/\/marburg.news\/?p=10974","url_meta":{"origin":6624,"position":4},"title":"Batterieforscher: Leopoldina-Auszeichnung f\u00fcr Marburger Wissenschaftlerin","date":"20. Oktober 2022","format":false,"excerpt":"Der Forschungscampus Mittelhessen kann sich mit einer gro\u00dfen Auszeichnung f\u00fcr die Batterieforschung dekorieren. Der erstmals vergebene Greve-Preis der Nationalen Akademie der Wissenschaften Leopoldina geht in diesem Jahr an zwei Wissenschaftler aus Marburg und Gie\u00dfen. Die Physikerin der Philipps-Universit\u00e4t Marburg (UMR) Prof. Dr. Kerstin Volz und der Physikochemiker der Justus-Liebig-Universit\u00e4t Gie\u00dfen\u2026","rel":"","context":"In &quot;Bildung&quot;","img":{"alt_text":"","src":"","width":0,"height":0},"classes":[]},{"id":17246,"url":"http:\/\/marburg.news\/?p=17246","url_meta":{"origin":6624,"position":5},"title":"Kultur 2024: Marburg mit Theater und Museum","date":"31. Dezember 2024","format":false,"excerpt":"Marburg erfreut sich einer ausgepr\u00e4gten Kulturszene. Auch 2024 versorgte sie die Stadt mit einem vielf\u00e4ltigen Angebot unterschiedlichster Genres. Den Theaterpreis des Bundes hat Staatsministerin Claudia Roth am Mittwoch (2. Oktober) dem Hessischen Landestheater Marburg (HLTM) \u00fcberreicht. Verbunden ist die Auszeichnung in der Kategorie\"Stadttheater und Landesb\u00fchnen\" mit einem Preisgeld von 100.000\u2026","rel":"","context":"In &quot;Kultur&quot;","img":{"alt_text":"","src":"","width":0,"height":0},"classes":[]}],"_links":{"self":[{"href":"http:\/\/marburg.news\/index.php?rest_route=\/wp\/v2\/posts\/6624"}],"collection":[{"href":"http:\/\/marburg.news\/index.php?rest_route=\/wp\/v2\/posts"}],"about":[{"href":"http:\/\/marburg.news\/index.php?rest_route=\/wp\/v2\/types\/post"}],"author":[{"embeddable":true,"href":"http:\/\/marburg.news\/index.php?rest_route=\/wp\/v2\/users\/2"}],"replies":[{"embeddable":true,"href":"http:\/\/marburg.news\/index.php?rest_route=%2Fwp%2Fv2%2Fcomments&post=6624"}],"version-history":[{"count":0,"href":"http:\/\/marburg.news\/index.php?rest_route=\/wp\/v2\/posts\/6624\/revisions"}],"wp:attachment":[{"href":"http:\/\/marburg.news\/index.php?rest_route=%2Fwp%2Fv2%2Fmedia&parent=6624"}],"wp:term":[{"taxonomy":"category","embeddable":true,"href":"http:\/\/marburg.news\/index.php?rest_route=%2Fwp%2Fv2%2Fcategories&post=6624"},{"taxonomy":"post_tag","embeddable":true,"href":"http:\/\/marburg.news\/index.php?rest_route=%2Fwp%2Fv2%2Ftags&post=6624"}],"curies":[{"name":"wp","href":"https:\/\/api.w.org\/{rel}","templated":true}]}}