{"id":6283,"date":"2020-12-31T17:49:09","date_gmt":"2020-12-31T16:49:09","guid":{"rendered":"http:\/\/marburg.news\/?p=6283"},"modified":"2021-01-01T13:25:16","modified_gmt":"2021-01-01T12:25:16","slug":"jahr-2020-abstand-und-mundschutz-im-alltag","status":"publish","type":"post","link":"http:\/\/marburg.news\/?p=6283","title":{"rendered":"Jahr 2020: Abstand und Mundschutz im Alltag"},"content":{"rendered":"<p>2020 war ein au\u00dfergew\u00f6hnliches Jahr. Corona hat alle Bereiche des Alltags gepr\u00e4gt. <!--more--><br \/>\nAllein im Landkreis Marburg-Biedenkopf wurden <a href=\"http:\/\/marburg.news\/?p=6277\">bis Mittwoch (30. Dezember) 5.100 Infektionen<\/a> mit dem Coronavirus &#8222;SARS-CoV-2&#8220; nachgewiesen. Zwischen dem <a href=\"http:\/\/marburg.news\/?p=4900\">29. M\u00e4rz 2020<\/a> und dem <a href=\"http:\/\/marburg.news\/?p=6278\">31. Dezember 2020<\/a> hat der Landkreis Marburg-Biedenkopf insgesamt 116 Todesf\u00e4lle im Zusammenhang mit dem Coronavirus gemeldet. Jeder einzelne Todesfall und auch jede Infektion haben dramatische Auswirkungen.<br \/>\nDen Betroffenen und ihren Angeh\u00f6rigen gelten Beileid und Mitgef\u00fchl. Leider ist das in den \u00f6ffentlichen Verlautbarungen mit den aktuellen Zahlen zur Pandemie v\u00f6llig untergegangen. \u00dcberdeutlich wurden <a href=\"http:\/\/marburg.news\/?p=6280\">Anteilnahme und Solidarit\u00e4t<\/a> jedoch in zahlreichen Aktivit\u00e4ten wie der Corona-Hilfe Marburg und mehreren Hilfsprogrammen von Stadt und Kreis.<br \/>\nBegr\u00fcndeten <a href=\"http:\/\/marburg.news\/?p=6281\">Zukunfts\u00e4ngsten von Kulturschaffenden<\/a> sind die Universit\u00e4tsstadt Marburg und der Landkreis Marburg-Biedenkopf auf vielf\u00e4ltige Weise entgegengetreten. Auch den Schulen halfen sie bei der <a href=\"http:\/\/marburg.news\/?p=6279\">Ausstattung mit Ger\u00e4ten f\u00fcr das &#8222;Homeschooling&#8220;<\/a>. Mit einem gro\u00dfen Hilfspaket und zahlreichen weiteren Ma\u00dfnahmen hat vor allem die <a href=\"http:\/\/marburg.news\/?p=6282\">Stadt Marburg Weitblick und Kreativit\u00e4t bewiesen<\/a>.<br \/>\nDer erste Lockdown von M\u00e4rz bis Mai und die zweite Welle der Pandemie von Oktober bis ins Jahr 2021 hinein lehren Demut und Gelassenheit. Abstand und der Mund-Nase-Schutz sowie eine gr\u00fcndliche Hygiene nicht nur der H\u00e4nde werden wohl noch lange den Alltag der Menschen weltweit pr\u00e4gen. Dennoch gibt es inzwischen bereits das sprichw\u00f6rtliche &#8222;Licht am Ende des Tunnels&#8220;.<br \/>\nDie Impfkampagne mit dem Produkt der Firma &#8222;Biontech&#8220; aus Mainz hat <a href=\"http:\/\/marburg.news\/?p=6257\">am Sonntag (27. Dezember) auch in einem Altenpflegeheim in Wehrda<\/a> begonnen. Im Fr\u00fchjahr sollen auch die ersten Chargen ndieses Impfstoffs aus der Produktion in Michelbach auf den Markt kommen.<br \/>\nNach alledem darf Marburg optimistisch in die Zukunft blicken. Das <a href=\"http:\/\/marburg.news\/?p=6285\">Jahr 2021<\/a> sollte wirklich besser werden als das belastende Corona-Jahr 2020.<\/p>\n<p>* Franz-Josef Hanke<\/p>\n","protected":false},"excerpt":{"rendered":"<p>2020 war ein au\u00dfergew\u00f6hnliches Jahr. Corona hat alle Bereiche des Alltags gepr\u00e4gt.<\/p>\n","protected":false},"author":2,"featured_media":0,"comment_status":"closed","ping_status":"open","sticky":false,"template":"","format":"standard","meta":{"advanced_seo_description":"","spay_email":"","jetpack_publicize_message":"","jetpack_is_tweetstorm":false,"jetpack_publicize_feature_enabled":true},"categories":[6],"tags":[2310,8,2411],"jetpack_featured_media_url":"","jetpack_publicize_connections":[],"jetpack_sharing_enabled":true,"jetpack_shortlink":"https:\/\/wp.me\/p8mhvd-1Dl","jetpack-related-posts":[{"id":8443,"url":"http:\/\/marburg.news\/?p=8443","url_meta":{"origin":6283,"position":0},"title":"Mutation ist hier : Drei best\u00e4tigte Omikron-F\u00e4lle im Kreis","date":"26. Dezember 2021","format":false,"excerpt":"53 Corona-Neuinfektionen hat das Gesundheitsamt Marburg \u00fcber die Weihnachtstage registriert. Darunter sind drei best\u00e4tigte F\u00e4lle mit der Virus-Variante \"Omikron\". Das Gesundheitsamt des Landkreises Marburg-Biedenkopf hat innerhalb des Weihnachtswochenendes 53 neue Corona-F\u00e4lle registriert. Die Gesamtzahl der seit M\u00e4rz 2020 best\u00e4tigten Corona-Infektionen liegt damit bei 15.548. Elf Patientinnen und Patienten wurden am\u2026","rel":"","context":"In &quot;Politik&quot;","img":{"alt_text":"","src":"","width":0,"height":0},"classes":[]},{"id":5515,"url":"http:\/\/marburg.news\/?p=5515","url_meta":{"origin":6283,"position":1},"title":"Virolentes Virus: Corona-F\u00e4lle in f\u00fcnf Tagen verf\u00fcnffacht","date":"7. August 2020","format":false,"excerpt":"Um weitere zwei hat sich die Zahl der aktiven Corona-F\u00e4lle im Landkreis Marburg-Biedenkopf auf zehn erh\u00f6ht. Seit Anfang M\u00e4rz wurden insgesamt 236 Infektionen mit dem Coronavirus nachgewiesen. In der Gesamtzahl sind neben den zehn aktiven F\u00e4llen die 222 bereits wieder genesenen atienten und die vier Verstorbenen enthalten. In den f\u00fcnf\u2026","rel":"","context":"In &quot;Soziales&quot;","img":{"alt_text":"","src":"","width":0,"height":0},"classes":[]},{"id":6076,"url":"http:\/\/marburg.news\/?p=6076","url_meta":{"origin":6283,"position":2},"title":"24 T\u00fcrchen: Digitaler Adventskalender pr\u00e4sentiert Kultur im Kreis","date":"27. November 2020","format":false,"excerpt":"Zum ersten Mal bietet der Landkreis Marburg-Biedenkopf einen digitalen Kultur-Adventskalender an. Von Dienstag (1. Dezember) bis Donnerstag (24. Dezember) erhalten Interessierte auf dem Kultur-Portal des Kreises t\u00e4glich neue Einblicke in abwechslungsreiche Kunstrichtungen. Interessierte k\u00f6nnen dort vielf\u00e4ltige Kunstwerke in der Adventszeit entdecken. Regionale K\u00fcnstlerinnen und K\u00fcnstler hatten im Vorfeld die M\u00f6glichkeit,\u2026","rel":"","context":"In &quot;Kultur&quot;","img":{"alt_text":"","src":"","width":0,"height":0},"classes":[]},{"id":8455,"url":"http:\/\/marburg.news\/?p=8455","url_meta":{"origin":6283,"position":3},"title":"Sch\u00f6ne Entwicklung: Inzidenz im Kreis sinkt auf 71,6","date":"28. Dezember 2021","format":false,"excerpt":"61 Corona-Neuinfektionen hat das Gesundheitsamt am Dienstag (28. Dezember) gemeldet. Damit sinkt die Inzidenz auf 71,6. Das Gesundheitsamt des Landkreises Marburg-Biedenkopf hat innerhalb eines Tages 61 neue Corona-F\u00e4lle registriert. Die Gesamtzahl der seit M\u00e4rz 2020 best\u00e4tigten Corona-Infektionen liegt damit bei 15.643. Die Zahl der \"Genesenen\" hat sich um 87 auf\u2026","rel":"","context":"In &quot;Politik&quot;","img":{"alt_text":"","src":"","width":0,"height":0},"classes":[]},{"id":8417,"url":"http:\/\/marburg.news\/?p=8417","url_meta":{"origin":6283,"position":4},"title":"Schimpfen ist am schlimmsten: Sechs Corona-Neuinfektionen senken Inzidenz auf 135,8","date":"20. Dezember 2021","format":false,"excerpt":"Sechs Corona-Neuinfektionen hat der Landkreis am Montag (20. Dezember) gemeldet. Das Gesundheitsamt ist auch an Weihnachten im Einsatz. Das Gesundheitsamt des Landkreises Marburg-Biedenkopf hat innerhalb eines Tages sechs neue Corona-F\u00e4lle registriert. Die Gesamtzahl der seit M\u00e4rz 2020 best\u00e4tigten Corona-Infektionen liegt damit bei 15.337. Weiterhin werden 22 Patientinnen und Patienten station\u00e4r\u2026","rel":"","context":"In &quot;Politik&quot;","img":{"alt_text":"","src":"","width":0,"height":0},"classes":[]},{"id":11463,"url":"http:\/\/marburg.news\/?p=11463","url_meta":{"origin":6283,"position":5},"title":"Selbst gepennt: Corona-Wochenbericht bringt veraltete Zahlen","date":"14. Dezember 2022","format":false,"excerpt":"Den Berichtsmodus zur Corona-Pandemie hat der Landkreis am Mittwoch (14. Dezember) von t\u00e4glichen Meldungen hin zu einer Wochen\u00fcbersicht ge\u00e4ndert. Der erste Wochenbericht des Gesundheitsamts weist 508 Corona-Neuinfektionen aus. Das Gesundheitsamt des Landkreises Marburg-Biedenkopf hat in der Kalenderwoche 49 von Montag (5. Dezember) bis Sonntag (11. Dezember) insgesamt 508 Corona-Neuinfektionen registriert.\u2026","rel":"","context":"In &quot;Politik&quot;","img":{"alt_text":"","src":"","width":0,"height":0},"classes":[]}],"_links":{"self":[{"href":"http:\/\/marburg.news\/index.php?rest_route=\/wp\/v2\/posts\/6283"}],"collection":[{"href":"http:\/\/marburg.news\/index.php?rest_route=\/wp\/v2\/posts"}],"about":[{"href":"http:\/\/marburg.news\/index.php?rest_route=\/wp\/v2\/types\/post"}],"author":[{"embeddable":true,"href":"http:\/\/marburg.news\/index.php?rest_route=\/wp\/v2\/users\/2"}],"replies":[{"embeddable":true,"href":"http:\/\/marburg.news\/index.php?rest_route=%2Fwp%2Fv2%2Fcomments&post=6283"}],"version-history":[{"count":1,"href":"http:\/\/marburg.news\/index.php?rest_route=\/wp\/v2\/posts\/6283\/revisions"}],"predecessor-version":[{"id":6286,"href":"http:\/\/marburg.news\/index.php?rest_route=\/wp\/v2\/posts\/6283\/revisions\/6286"}],"wp:attachment":[{"href":"http:\/\/marburg.news\/index.php?rest_route=%2Fwp%2Fv2%2Fmedia&parent=6283"}],"wp:term":[{"taxonomy":"category","embeddable":true,"href":"http:\/\/marburg.news\/index.php?rest_route=%2Fwp%2Fv2%2Fcategories&post=6283"},{"taxonomy":"post_tag","embeddable":true,"href":"http:\/\/marburg.news\/index.php?rest_route=%2Fwp%2Fv2%2Ftags&post=6283"}],"curies":[{"name":"wp","href":"https:\/\/api.w.org\/{rel}","templated":true}]}}