{"id":6213,"date":"2020-12-17T17:39:02","date_gmt":"2020-12-17T16:39:02","guid":{"rendered":"http:\/\/marburg.news\/?p=6213"},"modified":"2020-12-17T17:39:02","modified_gmt":"2020-12-17T16:39:02","slug":"wieder-geld-land-zahlt-fuer-hygiene-an-schulen","status":"publish","type":"post","link":"http:\/\/marburg.news\/?p=6213","title":{"rendered":"Wieder Geld: Land zahlt f\u00fcr Hygiene an Schulen"},"content":{"rendered":"<p>75 Millionen Euro haben Schul- und Jugendhilfetr\u00e4ger landesweit f\u00fcr Hygienema\u00dfnahmen erhalten. Das Geld soll das direkte und indirekte Infektionsrisiko an Kitas und Schulen reduzieren. <!--more--><br \/>\nOberb\u00fcrgermeisterkandidatin Nadine Bernshausen von den Gr\u00fcnen freute sich \u00fcber diese Zuwendung: &#8222;Die vielen Gespr\u00e4che der letzten Monate mit Schuldirektor*innen, Lehrer*innen und Erzieher*innen zeigen mir, die Kitas und Schulen der Stadt Marburg wollen die Ma\u00dfnahmen zum Infektionsschutz so schnell wie m\u00f6glich umsetzen und brauchen das Geld daher sofort. Deshalb freue ich mich sehr, dass die hessische Landesregierung die Mittel ohne Antragsverfahren unb\u00fcrokratisch und schnell \u00fcberweist.&#8220;<br \/>\nF\u00fcr die Universit\u00e4tsstadt Marburg stehen 909.797 Euro zur Verf\u00fcgung. Die Stadt kann jetzt &#8211; je nach Bedarf &#8211; entscheiden, welche Ma\u00dfnahmen aus einer Positivliste angegangen werden sollen.<br \/>\n&#8222;Ich apeliere an die Stadt Marburg daher, die Anschaffung von Masken, Desinfektionsmittel, Plexiglasscheiben, CO2-Ampeln oder mobilen Luftreinigungsger\u00e4ten so schnell wie m\u00f6glich zu beginnen, damit die Kinder auch im neuen Jahr schnellstm\u00f6glich wieder die Schule besuchen k\u00f6nnen&#8220;, sagte Bernshausen. &#8222;Auch bauliche Ma\u00dfnahmen wie die Ert\u00fcchtigung von Fenstern und T\u00fcren, der Einbau von Zu- und Abluftsystemen oder die Erweiterung von Geb\u00e4udezug\u00e4ngen k\u00f6nnen mit dem Geld realisiert werden.&#8220;<br \/>\nBernshausen mahnte allerdings zu Geduld: &#8222;Wir werden noch einige Zeit mit dem Corona-Virus leben m\u00fcssen. Mit diesem Programm sorgt die Landesregierung daf\u00fcr, dass die Schulen und Kitas weitere Vorsichtsma\u00dfnahmen zum Infektionsschutz ergreifen k\u00f6nnen! Diese Chance muss die Stadt nutzen.&#8220;<\/p>\n<p>* pm: Die Gr\u00fcnen Marburg<\/p>\n","protected":false},"excerpt":{"rendered":"<p>75 Millionen Euro haben Schul- und Jugendhilfetr\u00e4ger landesweit f\u00fcr Hygienema\u00dfnahmen erhalten. Das Geld soll das direkte und indirekte Infektionsrisiko an Kitas und Schulen reduzieren.<\/p>\n","protected":false},"author":2,"featured_media":0,"comment_status":"closed","ping_status":"open","sticky":false,"template":"","format":"standard","meta":{"advanced_seo_description":"","spay_email":"","jetpack_publicize_message":"","jetpack_is_tweetstorm":false,"jetpack_publicize_feature_enabled":true},"categories":[5,2,4],"tags":[2310,583,365],"jetpack_featured_media_url":"","jetpack_publicize_connections":[],"jetpack_sharing_enabled":true,"jetpack_shortlink":"https:\/\/wp.me\/p8mhvd-1Cd","jetpack-related-posts":[{"id":5486,"url":"http:\/\/marburg.news\/?p=5486","url_meta":{"origin":6213,"position":0},"title":"Gut 7 Millionen: Arbbeiten an Kitas und schulen im Sommer","date":"1. August 2020","format":false,"excerpt":"Trotz Sommerpause wird in Marburgs Schulen und Kitas kr\u00e4ftig gebaut. Mehr als 7 Millionen Euro stehen daf\u00fcr zur Verf\u00fcgung. An vielen Marburger Schulen und Kinderg\u00e4rten herrscht auch in den Sommerferien keineswegs Stille. Flei\u00dfig wird neu-, um oder ausgebaut, saniert, und renoviert. Derzeit laufen Arbeiten an drei gro\u00dfen BiBaP-Projekten und zahlreichen\u2026","rel":"","context":"In &quot;Bildung&quot;","img":{"alt_text":"","src":"","width":0,"height":0},"classes":[]},{"id":6776,"url":"http:\/\/marburg.news\/?p=6776","url_meta":{"origin":6213,"position":1},"title":"Digitalpakt in Marburg: Stadt verspricht verbesserten Unterricht nach Ostern","date":"26. M\u00e4rz 2021","format":false,"excerpt":"Beamer, Kameras, Glasfaser und eine bessere WLAN-Abdeckung soll der Digitalpaktbringen. Ein verbesserter digitaler Unterricht startet nach den Osterferien. Die Stadt Marburg dreht in den n\u00e4chsten Wochen in Absprache mit den weiterf\u00fchrenden Schulen kurzfristig kleinere und gr\u00f6\u00dfere Stellschrauben, um die Voraussetzungen f\u00fcr den digitalen Unterricht an den weiterf\u00fchrenden Schulen in Marburg\u2026","rel":"","context":"In &quot;Bildung&quot;","img":{"alt_text":"","src":"","width":0,"height":0},"classes":[]},{"id":4071,"url":"http:\/\/marburg.news\/?p=4071","url_meta":{"origin":6213,"position":2},"title":"Bildung ausbauen: Sanierung von Schulen und Kitas im Sommer","date":"3. August 2019","format":false,"excerpt":"W\u00e4hrend der Sommerferien wird in vielen Schulen gearbeitet. Insgesamt 7,35 Millionen Euro investiert die Stadt mit ihrem BildungsBauProgramm (BiBaP) allein in diesem Jahr in Marburgs Schulen. Nicht nur f\u00fcr Schulpflichtige und Lehrpersonal ist das \"die gute Nachricht der Woche\". Mit der Erneuerung der Schulen werden Arbeitskr\u00e4fte sinnvoll besch\u00e4ftigt und Bildungseinrichtungen\u2026","rel":"","context":"In &quot;Bildung&quot;","img":{"alt_text":"","src":"","width":0,"height":0},"classes":[]},{"id":19713,"url":"http:\/\/marburg.news\/?p=19713","url_meta":{"origin":6213,"position":3},"title":"Strategie der Stadt: Priorit\u00e4tenliste als Programm f\u00fcr Stra\u00dfensanierungen","date":"16. M\u00e4rz 2026","format":false,"excerpt":"Die Stadt Marburg saniert Stra\u00dfen nach einer Priorit\u00e4tenliste. Das sollte eigentlich selbstverst\u00e4ndlich sein. Doch die Stadt hat ihre verkehrswichtigen Stra\u00dfen daf\u00fcr untersuchen lassen und in einem Kataster den Zustand zusammengetragen. Insgesamt sollen nun im Schnitt 15 Millionen Euro pro Jahr investiert werden, um rund 40 Kilometer Stra\u00dfen in zehn Jahren\u2026","rel":"","context":"In &quot;Politik&quot;","img":{"alt_text":"","src":"","width":0,"height":0},"classes":[]},{"id":6697,"url":"http:\/\/marburg.news\/?p=6697","url_meta":{"origin":6213,"position":4},"title":"Super-Testtag: Sch\u00fcler pr\u00fcfen auf Corona","date":"12. M\u00e4rz 2021","format":false,"excerpt":"Marburg erprobt Corona-Tests an Pilot-Schulen. Die Stadt testet den Ablauf am Richtsberg und an der Abendschule. Die Stadt Marburg hat einen Testlauf f\u00fcr den Einsatz von Schnelltests an Schulen unternommen. Fl\u00e4chendeckende Tests haben f\u00fcr die Stadt das Potential, den Schulbesuch sicherer zu gestalten und so die Teststrategie von Land und\u2026","rel":"","context":"In &quot;Bildung&quot;","img":{"alt_text":"","src":"","width":0,"height":0},"classes":[]},{"id":6756,"url":"http:\/\/marburg.news\/?p=6756","url_meta":{"origin":6213,"position":5},"title":"Ergebnis beachten: Zehn Marburger Schulen testen selbst","date":"23. M\u00e4rz 2021","format":false,"excerpt":"Die Stadt testet ab sofort an zehn Marburger Schulen auf Corona. Das hat sie am Dienstag (23. M\u00e4rz) mitgeteilt. Mit Corona-Schnelltests hat die Stadt Marburg an zwei Schulen Abl\u00e4ufe ge\u00fcbt und die Test-Strategie weiterentwickelt. Mit den gewonnenen Erfahrungen geht es in Absprache mit dem Landkreis nun weiter: Seit Dienstag (23.\u2026","rel":"","context":"In &quot;Bildung&quot;","img":{"alt_text":"","src":"","width":0,"height":0},"classes":[]}],"_links":{"self":[{"href":"http:\/\/marburg.news\/index.php?rest_route=\/wp\/v2\/posts\/6213"}],"collection":[{"href":"http:\/\/marburg.news\/index.php?rest_route=\/wp\/v2\/posts"}],"about":[{"href":"http:\/\/marburg.news\/index.php?rest_route=\/wp\/v2\/types\/post"}],"author":[{"embeddable":true,"href":"http:\/\/marburg.news\/index.php?rest_route=\/wp\/v2\/users\/2"}],"replies":[{"embeddable":true,"href":"http:\/\/marburg.news\/index.php?rest_route=%2Fwp%2Fv2%2Fcomments&post=6213"}],"version-history":[{"count":0,"href":"http:\/\/marburg.news\/index.php?rest_route=\/wp\/v2\/posts\/6213\/revisions"}],"wp:attachment":[{"href":"http:\/\/marburg.news\/index.php?rest_route=%2Fwp%2Fv2%2Fmedia&parent=6213"}],"wp:term":[{"taxonomy":"category","embeddable":true,"href":"http:\/\/marburg.news\/index.php?rest_route=%2Fwp%2Fv2%2Fcategories&post=6213"},{"taxonomy":"post_tag","embeddable":true,"href":"http:\/\/marburg.news\/index.php?rest_route=%2Fwp%2Fv2%2Ftags&post=6213"}],"curies":[{"name":"wp","href":"https:\/\/api.w.org\/{rel}","templated":true}]}}