{"id":6108,"date":"2020-12-02T18:15:27","date_gmt":"2020-12-02T17:15:27","guid":{"rendered":"http:\/\/marburg.news\/?p=6108"},"modified":"2020-12-02T18:15:27","modified_gmt":"2020-12-02T17:15:27","slug":"medizin-in-marburg-kreis-baut-impfzentrum-im-affoeller-auf","status":"publish","type":"post","link":"http:\/\/marburg.news\/?p=6108","title":{"rendered":"Medizin in Marburg: Kreis baut Impfzentrum im Aff\u00f6ller auf"},"content":{"rendered":"<p>Mit Hochdruck wird der Aufbau des Corona-Impfzentrums auf dem Messegel\u00e4nde vorangetrieben. Schweres Ger\u00e4t ist im Einsatz, um die mobile Messehalle aufzubauen. <!--more--><br \/>\nDas Ziel ist, dass die 3.200 Quadratmeter gro\u00dfe Halle sp\u00e4testens am Freitag (11. Dezember) einsatzbereit ist. Kreis und Messebaufirma sind zuversichtlich, dass dieser Termin auch eingehalten werden kann.<br \/>\nIn der 40 mal 80 Meter gro\u00dfen Messehalle wird es einen Wartebereich geben, einen Bereich, in dem sich die zu impfenden Personen informieren k\u00f6nnen, sowie eine Registratur mit insgesamt zehn Arbeitspl\u00e4tzen. Daran wird sich der Bereich anschlie\u00dfen, in dem die \u00e4rztliche Beratung stattfinden kann.<br \/>\nInsgesamt 16 Impfkabinen werden zur Verf\u00fcgung stehen, wo der Impfstoff dann verabreicht wird. In einem weiteren Wartebereich k\u00f6nnen sich die geimpften Personen dann noch kurz aufhalten, falls akute Impfreaktionen auftreten. R\u00e4umlichkeiten und Abl\u00e4ufe werden so organisiert, dass sich Personen, die noch nicht geimpft sind, und Personen, die schon eine Impfung erhalten haben, nicht begegnen.<br \/>\nDas Impfzentrum wird so organisiert, dass bis zu 1.000 Personen pro Tag geimpft werden k\u00f6nnen. Nach einer Vorgabe des Landes Hessen soll das Impfzentrum f\u00fcr einen Zeitraum von zun\u00e4chst 250 Tagen betrieben werden an sieben Tagen pro Woche jeweils in der Zeit von 7 bis 22 Uhr.<br \/>\nDas Land geht von einer Impfquote von mindestens 60 Prozent der Bev\u00f6lkerung aus. F\u00fcr den Landkreis Marburg-Biedenkopf bedeutet das, die Impfungen f\u00fcr mindestens 147.000 Personen zu organisieren, die zweimal innerhalb von drei Wochen geimpft werden m\u00fcssen. Welcher Personenkreis wann geimpft wird, legt das Land fest, das auch die Einladung der zu impfenden Personen organisiert.<br \/>\n&#8222;Das ist eine gro\u00dfe logistische Herausforderung&#8220;&#8220;, sagte Landr\u00e4tin Kirsten Fr\u00fcndt, die sich am Mittwoch (2. Dezember) vor Ort ein Bild von den Aufbauarbeiten machte. Die Akquise von medizinischem Fachpersonal laufe derzeit ebenfalls bereits auf Hochtouren. &#8222;Wir f\u00fchren au\u00dferdem Gespr\u00e4che mit Dienstleistern, die den Betrieb des Impfzentrums unter der Regie des Gesundheitsamtes \u00fcbernehmen k\u00f6nnen&#8220;, berichtete sie. Neben dem Impfzentrum wird es auch mobile Impfteams f\u00fcr Personen geben, die das Impfzentrum nicht aufsuchen k\u00f6nnen.<br \/>\n&#8222;Wir wissen derzeit noch nicht, wann das Impfzentrum in Betrieb gehen wird&#8220;, erkl\u00e4rten Landr\u00e4tin Fr\u00fcndt und der f\u00fcr den Katastrophenschutz zust\u00e4ndige Kreisbrandinspektor Lars Sch\u00e4fer. &#8222;Das h\u00e4ngt von der Verf\u00fcgbarkeit des Impfstoffes ab. Das Ziel ist aber, dass wir sp\u00e4testens am 11. Dezember einsatzbereit sind.&#8220;<br \/>\nDie Organisation und logistische Begleitung des Aufbaus liegt in den H\u00e4nden des Katastrophenschutzes. Geplant sei auch, dass es nach der Fertigstellung einen Probelauf geben soll, um die Abl\u00e4ufe zu \u00fcberpr\u00fcfen.<br \/>\nDer Standort des Impfzentrums auf dem Marburger Messegel\u00e4nde sei optimal. &#8222;Es liegt zentral im Kreis und ist gut erreichbar&#8220;, erl\u00e4uterte die Landr\u00e4tin. &#8222;Wir haben dort ausreichend Platz f\u00fcr Personen und Autoverkehr; und es steht ausreichend Parkraum zur Verf\u00fcgung.&#8220;<br \/>\nF\u00fcr einen Zeitraum von 250 Tagen eine Sporthalle oder ein Dorfgemeinschaftshaus zu blockieren, sei keine sinnvolle Alternative gewesen. &#8222;Wir haben uns dann in enger und konstruktiver Zusammenarbeit mit der Universit\u00e4tsstadt Marburg auf den Standort auf dem Messegel\u00e4nde verst\u00e4ndigt&#8220;, sagte Fr\u00fcndt. Mit der Messe Marburg Veranstaltungs-GmbH sei auch ein geeigneter Partner f\u00fcr den Aufbau gefunden worden.<br \/>\nDer Kreis sucht zur Unterst\u00fctzung im Impfzentrum medizinisches Fachpersonal wie \u00c4rztinnen und \u00c4rzte mit Impferfahrung, medizinische Fachangestellte, Gesundheits- und Krankenpflegekr\u00e4fte, pharmazeutisch-technische Fachangestellte sowie anderes medizinisches Personal mit mindestens dreij\u00e4hriger Ausbildung und gerne mit Impferfahrung. Der Einsatz erfordert ein hohes Ma\u00df an Flexibilit\u00e4t und Belastbarkeit. Das Fachpersonal soll im Zweischichtbetrieb eingesetzt werden.<br \/>\nWeitere Details &#8211; darunter organisatorische Fragen oder Fragen zur Bezahlung &#8211; werden derzeit gekl\u00e4rt. Interessierte k\u00f6nnen sich per E-Mail an Personal-Impfzentrum@marburg-biedenkopf.de wenden.<\/p>\n<p>* pm: Landkreis Marburg-Biedenkopf<\/p>\n","protected":false},"excerpt":{"rendered":"<p>Mit Hochdruck wird der Aufbau des Corona-Impfzentrums auf dem Messegel\u00e4nde vorangetrieben. Schweres Ger\u00e4t ist im Einsatz, um die mobile Messehalle aufzubauen.<\/p>\n","protected":false},"author":2,"featured_media":0,"comment_status":"closed","ping_status":"open","sticky":false,"template":"","format":"standard","meta":{"advanced_seo_description":"","spay_email":"","jetpack_publicize_message":"","jetpack_is_tweetstorm":false,"jetpack_publicize_feature_enabled":true},"categories":[2,4],"tags":[2310,2913,2511],"jetpack_featured_media_url":"","jetpack_publicize_connections":[],"jetpack_sharing_enabled":true,"jetpack_shortlink":"https:\/\/wp.me\/p8mhvd-1Aw","jetpack-related-posts":[{"id":6163,"url":"http:\/\/marburg.news\/?p=6163","url_meta":{"origin":6108,"position":0},"title":"Zu 147.000 Impfungen: Zentrum im Aff\u00f6ller steht schon bereit","date":"10. Dezember 2020","format":false,"excerpt":"Das Corona-Impfzentrum auf dem Messeplatz Aff\u00f6ller ist nahezu einsatzbereit. Weiterhin besteht allerdings Bedarf an Freiwilligen zum Betrieb der Einrichtung. Innerhalb von acht Tagen hat der Landkreis Marburg-Biedenkopf mit seinem Fachbereich Gefahrenabwehr gemeinsam mit der Universit\u00e4tsstadt Marburg, den Stadtwerken Marburg (SWM), dem Dienstleitungsbetrieb der Stadt Marburg (DBM) und der Messe Marburg\u2026","rel":"","context":"In &quot;Bildung&quot;","img":{"alt_text":"","src":"","width":0,"height":0},"classes":[]},{"id":6501,"url":"http:\/\/marburg.news\/?p=6501","url_meta":{"origin":6108,"position":1},"title":"Im Impfzentrum: Arbeit auf dem Messeplatz hat angefangen","date":"9. Februar 2021","format":false,"excerpt":"Das Impfzentrum auf dem Messegel\u00e4nde hat am Dienstag (9. Februar) ge\u00f6ffnet. Rund 100 Corona-Impfungen sind dort pro Tag geplant. Wenn mehr Impfstoff verf\u00fcgbar ist, k\u00f6nnen die Kapazit\u00e4ten jederzeit problemlos erweitert werden. Nach den Testl\u00e4ufen verlief auch der Impfauftakt ohne Probleme. Mit der Er\u00f6ffnung des Impfzentrums des Landkreises Marburg-Biedenkopf auf dem\u2026","rel":"","context":"In &quot;Politik&quot;","img":{"alt_text":"","src":"","width":0,"height":0},"classes":[]},{"id":6054,"url":"http:\/\/marburg.news\/?p=6054","url_meta":{"origin":6108,"position":2},"title":"Zum Aufbau: Impfzentrum im Aff\u00f6ller Mitte Dezember einsatzbereit","date":"23. November 2020","format":false,"excerpt":"Einen weiteren Todesfall im Zusammenhang mit dem Coronavirus hat das Gesundheitsamt Marburg am Montag (23. November) gemeldet. Der Kreis baut ein Corona-Impfzentrum in Marburg auf. Mit dem Vorliegen des Einsatzbefehls der hessischen Landesregierung kann der Landkreis Marburg-Biedenkopf die bereits getroffenen Vorbereitungen zur Einrichtung eines Impfzentrums konkretisieren. Nach den bisherigen \u00dcberlegungen\u2026","rel":"","context":"In &quot;Politik&quot;","img":{"alt_text":"","src":"","width":0,"height":0},"classes":[]},{"id":6551,"url":"http:\/\/marburg.news\/?p=6551","url_meta":{"origin":6108,"position":3},"title":"Terminlich erwischt: Erste Bilanz zur Arbeit des Impfzentrums","date":"15. Februar 2021","format":false,"excerpt":"Nach der Er\u00f6ffnung des Impfzentrums Marburg am Dienstag (9. Februar) haben die Verantwortlichen eine erste positive Zwischenbilanz gezogen. 824 Menschen haben bis Sonntagabend im Impfzentrum auf dem Messegel\u00e4nde eine Corona-Impfung erhalten. Der Betrieb l\u00e4uft reibungslos. \"Die erste Zwischenbilanz, die wir ziehen k\u00f6nnen, ist ausgesprochen positiv und gibt uns Auftrieb f\u00fcr\u2026","rel":"","context":"In &quot;Politik&quot;","img":{"alt_text":"","src":"","width":0,"height":0},"classes":[]},{"id":7516,"url":"http:\/\/marburg.news\/?p=7516","url_meta":{"origin":6108,"position":4},"title":"Frohes Fest: Impfen mit Bratwurst beim Hafenfest","date":"5. August 2021","format":false,"excerpt":"\"Es geht um die Wurst\", schreibt der Landkreis. Er plant eine Impfaktion zum Marburger Hafenfest Als Belohnung f\u00fcr eine Impfung gibt es am Wochenende eine Bratwurst. Ein kostenloser Shuttle-Bus f\u00e4hrt vom Messeplatz in die Innenstadt. Zum Auftakt des Marburger Hafenfests am Wochenende bietet das Impfzentrum des Landkreises Marburg-Biedenkopf eine besondere\u2026","rel":"","context":"In &quot;Politik&quot;","img":{"alt_text":"","src":"","width":0,"height":0},"classes":[]},{"id":7140,"url":"http:\/\/marburg.news\/?p=7140","url_meta":{"origin":6108,"position":5},"title":"Aufatmen: Im Landkreis Lockerungen ab Mittwoch","date":"1. Juni 2021","format":false,"excerpt":"16 Corona-Neuinfektionen und einen weiteren Todesfall hat das Gesundheitsamt Marburg am Dienstag (1. Juni) gemeldet. Die Inzidenz ist laut RKI auf 55,9 angestiegen. Das Gesundheitsamt des Landkreises Marburg-Biedenkopf hat innerhalb eines Tages 16 neue Corona-F\u00e4lle registriert. Die Gesamtzahl der seit M\u00e4rz 2020 best\u00e4tigten Corona-Infektionen liegt damit bei 10.776. Die Zahl\u2026","rel":"","context":"In &quot;Politik&quot;","img":{"alt_text":"","src":"","width":0,"height":0},"classes":[]}],"_links":{"self":[{"href":"http:\/\/marburg.news\/index.php?rest_route=\/wp\/v2\/posts\/6108"}],"collection":[{"href":"http:\/\/marburg.news\/index.php?rest_route=\/wp\/v2\/posts"}],"about":[{"href":"http:\/\/marburg.news\/index.php?rest_route=\/wp\/v2\/types\/post"}],"author":[{"embeddable":true,"href":"http:\/\/marburg.news\/index.php?rest_route=\/wp\/v2\/users\/2"}],"replies":[{"embeddable":true,"href":"http:\/\/marburg.news\/index.php?rest_route=%2Fwp%2Fv2%2Fcomments&post=6108"}],"version-history":[{"count":0,"href":"http:\/\/marburg.news\/index.php?rest_route=\/wp\/v2\/posts\/6108\/revisions"}],"wp:attachment":[{"href":"http:\/\/marburg.news\/index.php?rest_route=%2Fwp%2Fv2%2Fmedia&parent=6108"}],"wp:term":[{"taxonomy":"category","embeddable":true,"href":"http:\/\/marburg.news\/index.php?rest_route=%2Fwp%2Fv2%2Fcategories&post=6108"},{"taxonomy":"post_tag","embeddable":true,"href":"http:\/\/marburg.news\/index.php?rest_route=%2Fwp%2Fv2%2Ftags&post=6108"}],"curies":[{"name":"wp","href":"https:\/\/api.w.org\/{rel}","templated":true}]}}