{"id":5962,"date":"2020-11-05T17:55:44","date_gmt":"2020-11-05T16:55:44","guid":{"rendered":"http:\/\/marburg.news\/?p=5962"},"modified":"2020-11-05T17:55:44","modified_gmt":"2020-11-05T16:55:44","slug":"erhebliche-entlastung-fruendt-und-zachow-wollen-kreisumlage-senken","status":"publish","type":"post","link":"http:\/\/marburg.news\/?p=5962","title":{"rendered":"Erhebliche Entlastung: Fr\u00fcndt und Zachow wollen Kreisumlage senken"},"content":{"rendered":"<p>Der Kreis plant eine finanzielle Entlastung der St\u00e4dte und Gemeinden noch im Jahr 2020. Eine Senkung der Kreisumlage soll die Kommunen um 2,7 Millionen Euro entlasten. <!--more--><br \/>\nLandr\u00e4tin Kirsten Fr\u00fcndt will vom Kreistag noch in diesem Jahr einen Nachtragshaushalt zur Senkung der Kreisumlage verabschieden lassen und so die St\u00e4dte und Gemeinden in der Corona-Krise finanziell entlasten. &#8222;Zusammen mit meinem Vertreter Marian Zachow haben wir in dieser Woche von Seiten des hauptamtlichen Kreisausschusses entschieden, kurzfristig einen Nachtragshaushalt auf den Weg zu bringen, der die St\u00e4dte und Gemeinden mit einem Volumen von knapp 2,7 Millionen Euro noch im Jahr 2020 entlasten soll&#8220;, erl\u00e4uterte die Landr\u00e4tin.<br \/>\nDer Nachtragshaushalt sieht eine Senkung der Kreisumlage um 0,75 Prozentpunkte f\u00fcr das laufende Haushaltsjahr vor. Er soll am Freitag (13. November) im Kreistag eingebracht und in der letzten Sitzung des Jahres am Freitag (18. Dezember) beschlossen werden.<br \/>\nDamit w\u00e4re der Weg frei f\u00fcr eine Entlastung der St\u00e4dte und Gemeinden im Landkreis in einem Umfang von rund 2.660.000 Euro. Notwendig ist noch die anschlie\u00dfende Genehmigung durch das Regierungspr\u00e4sidium (RP) in Gie\u00dfen als zust\u00e4ndige Finanzaufsicht f\u00fcr den Landkreis.<br \/>\n&#8222;Wir stehen als Landkreis damit erneut zu unserem Wort, bei sich abzeichnenden Verbesserungen die St\u00e4dte und Gemeinden zu beteiligen, wenn das die Kreisfinanzen erlauben&#8220;, erkl\u00e4rte Landr\u00e4tin Kirsten Fr\u00fcndt. Letztlich habe der Bund mit dem Gesetz zur finanziellen Entlastung der Kommunen und der neuen L\u00e4nder vom Dienstag (6. Oktober) diesen Schritt erm\u00f6glicht. Das Gesetzespaket beinhaltet die Erh\u00f6hung der Bundesbeteiligung an den von Landkreisen und kreisfreien St\u00e4dten zu finanzierenden Kosten der Unterkunft innerhalb des Arbeitslosengelds II.<br \/>\nZun\u00e4chst sei unklar gewesen, ob die Erh\u00f6hung des Beteiligungssatzes von bisher 49 Prozent auf 74 Prozent nur f\u00fcr das letzte Quartal oder r\u00fcckwirkend f\u00fcr das ganze Jahr 2020 gelten solle. Nun stehe fest, dass die erh\u00f6hte Bundesbeteiligung r\u00fcckwirkend f\u00fcr das ganze Jahr gezahlt werde, erl\u00e4uterte die Landr\u00e4tin.<br \/>\nDer Landkreis nimmt dadurch sieben Millionen Euro mehr ein als im Haushalt geplant. &#8222;Mit den Koalitionsfraktionen von SPD und CDU ist abgestimmt, dass wir einen gro\u00dfen Teil davon unmittelbar an die St\u00e4dte und Gemeinden weitergeben&#8220;, berichtete Fr\u00fcndt. &#8222;Den Rest ben\u00f6tigen wir zur Sicherung der Kreisfinanzen in den n\u00e4chsten beiden Jahren, in denen durch die Corona-Pandemie erhebliche Einschnitte und Belastungen auf uns zukommen.&#8220;<\/p>\n<p>* pm: Landkreis Marburg-Biedenkopf<\/p>\n","protected":false},"excerpt":{"rendered":"<p>Der Kreis plant eine finanzielle Entlastung der St\u00e4dte und Gemeinden noch im Jahr 2020. Eine Senkung der Kreisumlage soll die Kommunen um 2,7 Millionen Euro entlasten.<\/p>\n","protected":false},"author":2,"featured_media":0,"comment_status":"closed","ping_status":"open","sticky":false,"template":"","format":"standard","meta":{"advanced_seo_description":"","spay_email":"","jetpack_publicize_message":"","jetpack_is_tweetstorm":false,"jetpack_publicize_feature_enabled":true},"categories":[2,4],"tags":[2310,86,2173],"jetpack_featured_media_url":"","jetpack_publicize_connections":[],"jetpack_sharing_enabled":true,"jetpack_shortlink":"https:\/\/wp.me\/p8mhvd-1ya","jetpack-related-posts":[{"id":3635,"url":"http:\/\/marburg.news\/?p=3635","url_meta":{"origin":5962,"position":0},"title":"Zum Bezahlen: Kreis entlastet Kommunen und investiert.","date":"16. Mai 2019","format":false,"excerpt":"Die positive Entwicklung seiner Finanzen m\u00f6chte der Landkreis in einem Nachtragshaushalt abbilden. Mehr Investitionen und Entlastungen der Kommunen sind die Eckpunkte des Zahlenwerks. Im Nachtragshaushalt sollen die Mehreinnahmen durch Steuererstattungen von 4,4 Millionen Euro, positive Ver\u00e4nderungen beim kommunalen Finanzausgleich von 1,6 Millionen Euro, die Reduzierung der Kreisumlage um 5,2 Millionen\u2026","rel":"","context":"In &quot;Politik&quot;","img":{"alt_text":"","src":"","width":0,"height":0},"classes":[]},{"id":4415,"url":"http:\/\/marburg.news\/?p=4415","url_meta":{"origin":5962,"position":1},"title":"Ausgeglichen: Fr\u00fcndt legte Haushaltsplan f\u00fcr 2020 vor","date":"15. November 2019","format":false,"excerpt":"Den Entwurf des Kreishaushalts f\u00fcr das Jahr 2020 hat Landr\u00e4tin Kirsten Fr\u00fcndt dem Kreistag am Donnerstag (14. November vorgelegt. Mit einem \u00dcberschuss von 270.790 Euro ist er nach den Vorgaben des Gesetzes ausgeglichen. Nach den Planungen wird der Kreis die vorgeschriebenen zahlungswirksamen \u00dcbersch\u00fcsse zur Leistung der Kredittilgungen von 6,7 Millionen\u2026","rel":"","context":"In &quot;Politik&quot;","img":{"alt_text":"","src":"","width":0,"height":0},"classes":[]},{"id":6245,"url":"http:\/\/marburg.news\/?p=6245","url_meta":{"origin":5962,"position":2},"title":"Eingebracht: Landr\u00e4tin stellte Kreishaushalt 2021 vor","date":"22. Dezember 2020","format":false,"excerpt":"Den Entwurf des Kreishaushalts 2021 hat Landr\u00e4tin Kirsten Fr\u00fcndt dem Kreistag am Freitag (18. Dezember) vorgelegt. Der Kreistag soll ihn am 19. Februar 2021 verabschieden. Der Ergebnishaushalt 2021 ist in Ertr\u00e4gen und Aufwendungen nach den Vorgaben des Gesetzes ausgeglichen. Die - ebenfalls gesetzlich geforderte und bereits gebildete - Liquidit\u00e4tsreserve von\u2026","rel":"","context":"In \"Finanzen\"","img":{"alt_text":"","src":"","width":0,"height":0},"classes":[]},{"id":11248,"url":"http:\/\/marburg.news\/?p=11248","url_meta":{"origin":5962,"position":3},"title":"Am Jahresende: Landrat legt Haushaltsplan vor","date":"18. November 2022","format":false,"excerpt":"Den Haushaltsplan des Kreises f\u00fcr das Jahr 2023 hat Landrat Jens Womelsdorf am Freitag (18. November) vorgelegt. Er kommt ohne eine Erh\u00f6hung der Kreisumlage aus. Finanzielle Stabilit\u00e4t in unruhigen Zeiten ist das Ziel des Haushaltsplans des Kreises f\u00fcr das Jahr 2023, den Landrat Jens Womelsdorf am Freitag (18. November) dem\u2026","rel":"","context":"In &quot;Politik&quot;","img":{"alt_text":"","src":"","width":0,"height":0},"classes":[]},{"id":2559,"url":"http:\/\/marburg.news\/?p=2559","url_meta":{"origin":5962,"position":4},"title":"Geteilter Geldsegen: Stadt rechnet mit 38 Millionen Euro zus\u00e4tzlich","date":"21. August 2018","format":false,"excerpt":"38 Millionen Euro Gewerbesteuer zus\u00e4tzlich erwartet die Stadt Marburg. Grund daf\u00fcr ist vor Allem eine hohe Nachzahlung von CSL Behring. Verantwortlich f\u00fcr diesen Geldsegen ist die gute Konjunktur. Sie f\u00fchrt zu hohen Steuern. Deshalb korrigiert die Stadt ihre Gewerbesteuereinnahmen f\u00fcr 2018 von 100 auf 138 Millionen Euro nach oben. Fast\u2026","rel":"","context":"In &quot;Politik&quot;","img":{"alt_text":"","src":"","width":0,"height":0},"classes":[]},{"id":3971,"url":"http:\/\/marburg.news\/?p=3971","url_meta":{"origin":5962,"position":5},"title":"Sechs Millionen: Spies kritisiert Heimatumlage","date":"27. Juni 2019","format":false,"excerpt":"300 Millionen Euro will das Land Hessen 2020 den Kommunen entziehen. \"Das Gesetz sollte zur\u00fcckgezogen werden\", protestierte Marburgs Oberb\u00fcrgermeister Dr. Thomas Spies. Die Regierungsfraktionen CDU und B\u00fcndnis 90\/DIE GR\u00dcNEN haben den Gesetzentwurf zum Programm \"Starke Heimat Hessen\" in den Hessischen Landtag (HLT) eingebracht. Mitte Juni hat der Hessische Finanzminister Dr.\u2026","rel":"","context":"In &quot;Politik&quot;","img":{"alt_text":"","src":"","width":0,"height":0},"classes":[]}],"_links":{"self":[{"href":"http:\/\/marburg.news\/index.php?rest_route=\/wp\/v2\/posts\/5962"}],"collection":[{"href":"http:\/\/marburg.news\/index.php?rest_route=\/wp\/v2\/posts"}],"about":[{"href":"http:\/\/marburg.news\/index.php?rest_route=\/wp\/v2\/types\/post"}],"author":[{"embeddable":true,"href":"http:\/\/marburg.news\/index.php?rest_route=\/wp\/v2\/users\/2"}],"replies":[{"embeddable":true,"href":"http:\/\/marburg.news\/index.php?rest_route=%2Fwp%2Fv2%2Fcomments&post=5962"}],"version-history":[{"count":0,"href":"http:\/\/marburg.news\/index.php?rest_route=\/wp\/v2\/posts\/5962\/revisions"}],"wp:attachment":[{"href":"http:\/\/marburg.news\/index.php?rest_route=%2Fwp%2Fv2%2Fmedia&parent=5962"}],"wp:term":[{"taxonomy":"category","embeddable":true,"href":"http:\/\/marburg.news\/index.php?rest_route=%2Fwp%2Fv2%2Fcategories&post=5962"},{"taxonomy":"post_tag","embeddable":true,"href":"http:\/\/marburg.news\/index.php?rest_route=%2Fwp%2Fv2%2Ftags&post=5962"}],"curies":[{"name":"wp","href":"https:\/\/api.w.org\/{rel}","templated":true}]}}