{"id":5947,"date":"2020-11-03T17:09:28","date_gmt":"2020-11-03T16:09:28","guid":{"rendered":"http:\/\/marburg.news\/?p=5947"},"modified":"2020-11-03T17:09:28","modified_gmt":"2020-11-03T16:09:28","slug":"aktiv-gegen-antisemitismus-diesmal-digitales-gedenken-der-shoa","status":"publish","type":"post","link":"http:\/\/marburg.news\/?p=5947","title":{"rendered":"Aktiv gegen Antisemitismus: Diesmal digitales Gedenken der shoa"},"content":{"rendered":"<p>Zur Erinnerung an die Opfer der Pogromnacht 1938 gibt es am Montag (9. November) ein gemeinsames Gedenken per Live-Stream. Das hat die Stadt Marburg am Dienstag (3. November) mitgeteilt. <!--more--><br \/>\nAnl\u00e4sslich der Novemberpogrome von 1938 veranstalten die Gesellschaft f\u00fcr Christlich-J\u00fcdische Zusammenarbeit (CJZ), die J\u00fcdische Gemeinde und der Magistrat der Universit\u00e4tsstadt Marburg am 9. November wieder eine Besinnungsstunde. Es wird der j\u00fcdischen B\u00fcrger*innen gedacht, die Opfer nationalsozialistischer Gewalt wurden. \u00dcber den Tag verteilt k\u00f6nnen Menschen im Garten des Gedenkens Kerzen und Blumen niederlegen &#8211; und am Abend per Live-Stream gemeinsam an die Opfer erinnern.<br \/>\n&#8222;Mit Abstand, aber im Herzen zusammen&#8220; wird auch die Besinnungsstunde zum Gedenken der Opfer der NS-Diktatur und der Novemberpogrome im Angesicht der Corona-Pandemie ver\u00e4ndert stattfinden. &#8222;Wir werden unserer j\u00fcdischen Nachbar*innen, Freund*innen, B\u00fcrger*innen gedenken, die im Nationalsozialismus ermordet wurden&#8220;, erkl\u00e4rte Oberb\u00fcrgermeister Dr. Thomas Spies. &#8222;Es ist unsere Verantwortung, sie niemals zu vergessen &#8211; und auch an die Geschichte zu erinnern, damit sie sich niemals wiederholt.&#8220;<br \/>\nDer Oberb\u00fcrgermeister erg\u00e4nzte: &#8222;Es ist aber auch unsere Verantwortung, angesichts der Corona-Pandemie besonders vorsichtig im gemeinsamen Gedenken zu sein.&#8220; Daher wird die Besinnungsstunde in diesem Jahr m\u00f6glichst in einem kleineren Kreis als sonst an der Synagogengedenkst\u00e4tte stattfinden. Aber: &#8222;Alle B\u00fcrger*innen sind herzlich eingeladen via Live-Stream gemeinsam mit uns zu erinnern.&#8220;<br \/>\nMenschenansammlungen m\u00fcssen derzeit vermieden werden. &#8222;Wir wollen aber allen die Gelegenheit geben, in Stille und mit Abstand zu Gedenken und dies auch an der ehemaligen Synagoge zum Ausdruck zu bringen&#8220;, erl\u00e4uterte Spies.<br \/>\nAlle seien daher dazu eingeladen, \u00fcber den Tag verteilt beispielsweise Blumen abzulegen oder Kerzen aufzustellen. Au\u00dferdem k\u00f6nnen alle ihre Gedanken in Worte fassen &#8211; und als Brief oder Postkarte in den Briefkasten am Rathaus einwerfen oder per Mail senden an Besinnungsstunde@marburg-stadt.de.<br \/>\n#Die Texte werden bis Sonntag (15. November) gesammelt und dann an die J\u00fcdische Gemeinde \u00fcbergeben. Die Gedenkveranstaltung beginnt dann am Montag (9. November) um 18.30 Uhr im Live-Stream statt. Der Live-Stream wird erreichbar sein \u00fcber die Internetseite der Universit\u00e4tsstadt Marburg unter <a href=\"http:\/\/www.marburg.de\/gedenken\">www.marburg.de\/gedenken<\/a>.<br \/>\nF\u00fcr die Stadt wird im Rahmen der Besinnungsstunde der Oberb\u00fcrgermeister sprechen, f\u00fcr die Gesellschaft f\u00fcr Christlich-J\u00fcdische Zusammenarbeit Dr. Klaus Dorn. J\u00fcdische Gebete spricht Ehrenb\u00fcrger Amnon Orbach als Vorsitzender der J\u00fcdischen Gemeinde.<br \/>\nDie Besinnungsstunde zum Gedenken an die Opfer der Novemberpogrome ist f\u00fcr viele zu einer traditionellen Gedenkfeier geworden. Zahlreiche Menschen finden sich normalerweise allj\u00e4hrlich am 9. November an der Synagogen-Gedenkst\u00e4tte ein, um an die Opfer nationalsozialistischer Gewalt zu erinnern. Um den 9. November 1938 wurden in Deutschland Synagogen und j\u00fcdische Gesch\u00e4fte in Brand gesteckt, zerst\u00f6rt oder besch\u00e4digt.<br \/>\nZiel der Besinnungsstunde ist es, dieses Geschehen und die Opfer nicht zu vergessen. Gerade angesichts der j\u00fcngsten Ereignissse in Wien ist Antisemitismus eine traurige Realit\u00e4t.<br \/>\nAnl\u00e4sslich der Veranstaltung wird die Universit\u00e4tsstra\u00dfe in dem Teilabschnitt zwischen der Gutenbergstra\u00dfe und dem Rudolphsplatz am Montag (9. November) in der Zeit von 18.15 bis voraussichtlich 19.15 Uhr, f\u00fcr den gesamten Fahrverkehr gesperrt. Der Verkehr aus Richtung Wilhelmsplatz wird \u00fcber die Gutenbergstra\u00dfe, Schulstra\u00dfe und Am Gr\u00fcn umgeleitet. Aus Richtung Biegenstra\u00dfe und Pilgrimstein erfolgt die Umleitung \u00fcber den Erlenring, weiter \u00fcber die Stadtautobahn B3A Abfahrt Gisselberger Stra\u00dfe und Schwanallee.<br \/>\nDer Linienverkehr des \u00f6ffentlichen Personennahverkehrs (\u00d6PNV) ist von der Sperrung ausgenommen und wird aufrechterhalten. S\u00e4mtliche Busse mit Fahrtrichtung Wilhelmsplatz halten in der Zeit von 16.30 bis ca. 19:20 Uhr an der Haltestelle &#8222;Gutenbergstra\u00dfe&#8220;.<\/p>\n<p>* pm: Stadt Marburg<\/p>\n","protected":false},"excerpt":{"rendered":"<p>Zur Erinnerung an die Opfer der Pogromnacht 1938 gibt es am Montag (9. November) ein gemeinsames Gedenken per Live-Stream. Das hat die Stadt Marburg am Dienstag (3. November) mitgeteilt.<\/p>\n","protected":false},"author":2,"featured_media":0,"comment_status":"closed","ping_status":"open","sticky":false,"template":"","format":"standard","meta":{"advanced_seo_description":"","spay_email":"","jetpack_publicize_message":"","jetpack_is_tweetstorm":false,"jetpack_publicize_feature_enabled":true},"categories":[3,2],"tags":[1353,2089,874],"jetpack_featured_media_url":"","jetpack_publicize_connections":[],"jetpack_sharing_enabled":true,"jetpack_shortlink":"https:\/\/wp.me\/p8mhvd-1xV","jetpack-related-posts":[{"id":14232,"url":"http:\/\/marburg.news\/?p=14232","url_meta":{"origin":5947,"position":0},"title":"Zur Pogromnacht: Besinnungsstunde im Garten des Gedenkens","date":"1. November 2023","format":false,"excerpt":"Zur Erinnerung an die Opfer der Pogromnacht vom 9. November 1938 findet am Donnerstag (9. November) eine Besinnungsstunde im \"Garten des Gedenkens\" statt. Anl\u00e4sslich des Angriffs der Hamas auf Israel hat sie diesmal besondere Brisanz. Der Magistrat der Stadt Marburg, die Gesellschaft f\u00fcr Christlich-J\u00fcdische Zusammenarbeit und die J\u00fcdische Gemeinde Marburg\u2026","rel":"","context":"In &quot;Politik&quot;","img":{"alt_text":"","src":"","width":0,"height":0},"classes":[]},{"id":18932,"url":"http:\/\/marburg.news\/?p=18932","url_meta":{"origin":5947,"position":1},"title":"Gedenken: Besinnungsstunde am 9. November","date":"31. Oktober 2025","format":false,"excerpt":"Zur Erinnerung an die Opfer der Pogromnacht im November 1938 findet am Sonntag (9. November) eine Besinnungsstunde im \"Garten des Gedenkens\" statt. Der Verekehr in der Universit\u00e4tsstra\u00dfe ruht w\u00e4hrenddessen. Die Universit\u00e4tsstadt Marburg l\u00e4dt zusammen mit der Gesellschaft f\u00fcr Christlich-J\u00fcdische Zusammenarbeit und der J\u00fcdischen Gemeinde Marburg zur gemeinsamen Besinnungsstunde anl\u00e4sslich der\u2026","rel":"","context":"In &quot;Politik&quot;","img":{"alt_text":"","src":"","width":0,"height":0},"classes":[]},{"id":16871,"url":"http:\/\/marburg.news\/?p=16871","url_meta":{"origin":5947,"position":2},"title":"Anhaltendes Gedenken: 300 Menschen bei Besinnungsstunde am 9. November","date":"11. November 2024","format":false,"excerpt":"\"Wir erinnern uns, damit solch grenzenloses Unrecht nie wieder geschieht.\" so lautet das Motto zum Gedenken des 9. November 1938. Rund 300 Menschen haben am Samstag (9. November) bei der Besinnungsstunde anl\u00e4sslich der Novemberpogrome der Opfer gedacht. Im \"Garten des Gedenkens\" wurde an die j\u00fcdischen B\u00fcrgerinnen und B\u00fcrger erinnert, die\u2026","rel":"","context":"In &quot;Politik&quot;","img":{"alt_text":"","src":"","width":0,"height":0},"classes":[]},{"id":16817,"url":"http:\/\/marburg.news\/?p=16817","url_meta":{"origin":5947,"position":3},"title":"In Deutschland: Besinnungsstunde am 9. November","date":"5. November 2024","format":false,"excerpt":"Eine Besinnungsstunde im \"Garten des Gedenkens\" erinnert an die Opfer der Pogromnacht im November 1938. Sie findet am Samstag (9. November) statt. Die Universit\u00e4tsstadt Marburg l\u00e4dt zusammen mit der Gesellschaft f\u00fcr Christlich-J\u00fcdische Zusammenarbeit und der J\u00fcdischen Gemeinde Marburg zur gemeinsamen Besinnungsstunde anl\u00e4sslich der Erinnerung an die Novemberpogrome in den \"Garten\u2026","rel":"","context":"In &quot;Bildung&quot;","img":{"alt_text":"","src":"","width":0,"height":0},"classes":[]},{"id":11183,"url":"http:\/\/marburg.news\/?p=11183","url_meta":{"origin":5947,"position":4},"title":"Besonnene Verantwortung: Besinnungsstunde zum 9. November","date":"10. November 2022","format":false,"excerpt":"\"Wir tragen die Verantwortung, die Erinnerung an die Opfer als lebende Erz\u00e4hlung zu erhalten.\" Diese Forderung pr\u00e4gte die Besinnungsstunde zum 9. November. Anl\u00e4sslich der Novemberpogrome von 1938 veranstalteten der Magistrat der Universit\u00e4tsstadt Marburg, die Gesellschaft f\u00fcr Christlich-J\u00fcdische Zusammenarbeit und die J\u00fcdische Gemeinde am Mittwoch (9. November) wieder die allj\u00e4hrliche Besinnungsstunde\u2026","rel":"","context":"In &quot;Politik&quot;","img":{"alt_text":"","src":"","width":0,"height":0},"classes":[]},{"id":14315,"url":"http:\/\/marburg.news\/?p=14315","url_meta":{"origin":5947,"position":5},"title":"Zur Pogromnacht: Israel-Flagge weht am Kreishaus","date":"9. November 2023","format":false,"excerpt":"Der Kreis setzt ein Zeichen gegen Antisemitismus. Die Nationalflagge Israels weht vor dem Kreishaus. Vor dem Hintergrund der aktuellen Situation in Israel und im Gedenken an die Opfer der November-Pogrome vor 85 Jahren hat auch der Landkreis Marburg-Biedenkopf Flaggen vor seinen Geb\u00e4uden aufgezogen. Dabei wurde vor dem Landratsamt in Cappel\u2026","rel":"","context":"In &quot;Politik&quot;","img":{"alt_text":"","src":"","width":0,"height":0},"classes":[]}],"_links":{"self":[{"href":"http:\/\/marburg.news\/index.php?rest_route=\/wp\/v2\/posts\/5947"}],"collection":[{"href":"http:\/\/marburg.news\/index.php?rest_route=\/wp\/v2\/posts"}],"about":[{"href":"http:\/\/marburg.news\/index.php?rest_route=\/wp\/v2\/types\/post"}],"author":[{"embeddable":true,"href":"http:\/\/marburg.news\/index.php?rest_route=\/wp\/v2\/users\/2"}],"replies":[{"embeddable":true,"href":"http:\/\/marburg.news\/index.php?rest_route=%2Fwp%2Fv2%2Fcomments&post=5947"}],"version-history":[{"count":0,"href":"http:\/\/marburg.news\/index.php?rest_route=\/wp\/v2\/posts\/5947\/revisions"}],"wp:attachment":[{"href":"http:\/\/marburg.news\/index.php?rest_route=%2Fwp%2Fv2%2Fmedia&parent=5947"}],"wp:term":[{"taxonomy":"category","embeddable":true,"href":"http:\/\/marburg.news\/index.php?rest_route=%2Fwp%2Fv2%2Fcategories&post=5947"},{"taxonomy":"post_tag","embeddable":true,"href":"http:\/\/marburg.news\/index.php?rest_route=%2Fwp%2Fv2%2Ftags&post=5947"}],"curies":[{"name":"wp","href":"https:\/\/api.w.org\/{rel}","templated":true}]}}