{"id":5341,"date":"2020-06-30T16:28:25","date_gmt":"2020-06-30T14:28:25","guid":{"rendered":"http:\/\/marburg.news\/?p=5341"},"modified":"2020-06-30T16:28:25","modified_gmt":"2020-06-30T14:28:25","slug":"wieder-eins-graffiti-geben-bau-der-a49-an-brueckengelaender","status":"publish","type":"post","link":"http:\/\/marburg.news\/?p=5341","title":{"rendered":"Wieder eins: Graffiti geben Bau der A49 an Br\u00fcckengel\u00e4nder"},"content":{"rendered":"<p>Eine Farbschmiererei wurde in der Nacht zum Freitag (26. Juni) gegen 0.40 Uhr festgestellt. Unbekannte hatten sie mit wei\u00dfer Farbe an der Elisabethbr\u00fccke angebracht. <!--more--><br \/>\nDas &#8211; am Br\u00fcckengel\u00e4nder befestigte &#8211; Namensschild des Bauwerks hatten sie mit einer Parole gegen den Bau der A49 \u00fcberschrieben. Der Sachschaden betr\u00e4gt mehrere Hundert Euro.<\/p>\n<p>* pm: Polizei Marburg<\/p>\n","protected":false},"excerpt":{"rendered":"<p>Eine Farbschmiererei wurde in der Nacht zum Freitag (26. Juni) gegen 0.40 Uhr festgestellt. Unbekannte hatten sie mit wei\u00dfer Farbe an der Elisabethbr\u00fccke angebracht.<\/p>\n","protected":false},"author":2,"featured_media":0,"comment_status":"closed","ping_status":"open","sticky":false,"template":"","format":"standard","meta":{"advanced_seo_description":"","spay_email":"","jetpack_publicize_message":"","jetpack_is_tweetstorm":false,"jetpack_publicize_feature_enabled":true},"categories":[6],"tags":[2592,80,16],"jetpack_featured_media_url":"","jetpack_publicize_connections":[],"jetpack_sharing_enabled":true,"jetpack_shortlink":"https:\/\/wp.me\/p8mhvd-1o9","jetpack-related-posts":[{"id":5321,"url":"http:\/\/marburg.news\/?p=5321","url_meta":{"origin":5341,"position":0},"title":"Erneute Verf\u00e4rbung: Politische Graffitis von rechts und links","date":"26. Juni 2020","format":false,"excerpt":"Zu mehreren Farbschmierereien kam es zwischen Montag (1. Juni) und Mittwoch (10. Juni). Zwar waren alle politisch motiviert, hatten aber offenbar verschiedene Hintergr\u00fcnde. Zumindest in zwei F\u00e4llen war der Rotenberg betroffen. Dort spr\u00fchten Unbekannte Parolen gegen die Bundeskanzlerin auf eine Sitzbank und an die Bushaltestelle. Allein dadurch verursachten sie einen\u2026","rel":"","context":"In &quot;Sonstiges&quot;","img":{"alt_text":"","src":"","width":0,"height":0},"classes":[]},{"id":11733,"url":"http:\/\/marburg.news\/?p=11733","url_meta":{"origin":5341,"position":1},"title":"Viel zu sp\u00e4t: \u00dcberpr\u00fcfung der Genehmigung f\u00fcr die A49","date":"23. Januar 2023","format":false,"excerpt":"\"Die teilweise \u00dcberpr\u00fcfung der wasserrechtlichen Genehmigung zum Bau der A49 kommt viel zu sp\u00e4t.\", meint der Landtagsabgeordnete Jan Schalauske. Die Linke hakt im Landtag nach. Zu der - Ende 2022 angek\u00fcndigten - teilweisen \u00dcberpr\u00fcfung der wasserrechtlichen Genehmigung zum Bau der Autobahn A49 durch den Hessischen Wirtschaftsminister Tarek Al-Wazir hat sich\u2026","rel":"","context":"In &quot;Politik&quot;","img":{"alt_text":"","src":"","width":0,"height":0},"classes":[]},{"id":6065,"url":"http:\/\/marburg.news\/?p=6065","url_meta":{"origin":5341,"position":2},"title":"Gr\u00fcne im Kreistag: Autobahnbau im Dannenr\u00f6der Forst ist falsch","date":"25. November 2020","format":false,"excerpt":"Die kritische Haltung der Gr\u00fcnen-Kreistagsfraktion zum Bau der Autobahn A49 durch den Dannenr\u00f6der Forst hat Michael Meinel nochmals bekr\u00e4ftigt. In der Sitzung vom Freitag (13. November) hatte die AfD mit der Beantragung einer aktuellen Stunde versucht, die legitimen Proteste von Gegnern der A49 als \"Gewaltexzesse von Extremisten\" pauschal zu kriminalisieren.\u2026","rel":"","context":"In &quot;Politik&quot;","img":{"alt_text":"","src":"","width":0,"height":0},"classes":[]},{"id":5696,"url":"http:\/\/marburg.news\/?p=5696","url_meta":{"origin":5341,"position":3},"title":"#Dannibleibt: Linke fordert Verzicht auf A49","date":"13. September 2020","format":false,"excerpt":"In einem Offenen Brief fordert die Linke im Landtag einen Verzicht auf den Weiterbau der Autobahn A49. Aktivistinnen und Aktivisten haben am Samstag (12. September) mit Protestaktionen am Dannenr\u00f6der Wald begonnen. Auf ihrer Fraktionsklausur in der Wiesbadener Jugendherberge hat die Fraktion \"DIE LINKE im Hessischen Landtag\" sich auf den offenen\u2026","rel":"","context":"In &quot;Politik&quot;","img":{"alt_text":"","src":"","width":0,"height":0},"classes":[]},{"id":1322,"url":"http:\/\/marburg.news\/?p=1322","url_meta":{"origin":5341,"position":4},"title":"Autobahn als Argument: Spies f\u00fcr Umwidmung der B3 zwischen Gie\u00dfen und Weimar","date":"16. November 2017","format":false,"excerpt":"Eine Umwidmung der B3A zwischen Gie\u00dfen und Niederweimar w\u00fcrde Marburg auf dem Papier deutlich n\u00e4her an den n\u00e4chsten Autobahnanschluss r\u00fccken und damit interessanter f\u00fcr Investoren machen. Deshalb setzt sich Oberb\u00fcrgermeister Dr. Thomas Spies daf\u00fcr ein. Marburg sei bisher die zweitgr\u00f6\u00dfte Stadt Deutschlands mit einer schlecht ausgewiesenen Anbindung ans Autobahnnetz, erkl\u00e4rte\u2026","rel":"","context":"In &quot;Politik&quot;","img":{"alt_text":"","src":"","width":0,"height":0},"classes":[]},{"id":5933,"url":"http:\/\/marburg.news\/?p=5933","url_meta":{"origin":5341,"position":5},"title":"Bundesstra\u00dfe 3: Fahrraddemo &#8222;Danni bleibt&#8220; am 31. Oktober","date":"30. Oktober 2020","format":false,"excerpt":"Eine Fahrraddemonstration von Gie\u00dfen nach Dannenrod hat der Landkreis Marburg-Biedenkopf f\u00fcr Samstag (31. Oktober) genehmigt. Durch die Demonstration kann es zwischen 10 und 16 Uhr zu erheblichen Verkehrsbehinderungen kommen. Die Demonstration steht unter dem Motto \"Fahrrad fahr'n statt Autobahn - Verkehrswende jetzt und \u00fcberall - Danni bleibt\". Auf der Bundesstra\u00dfe\u2026","rel":"","context":"In &quot;Politik&quot;","img":{"alt_text":"","src":"","width":0,"height":0},"classes":[]}],"_links":{"self":[{"href":"http:\/\/marburg.news\/index.php?rest_route=\/wp\/v2\/posts\/5341"}],"collection":[{"href":"http:\/\/marburg.news\/index.php?rest_route=\/wp\/v2\/posts"}],"about":[{"href":"http:\/\/marburg.news\/index.php?rest_route=\/wp\/v2\/types\/post"}],"author":[{"embeddable":true,"href":"http:\/\/marburg.news\/index.php?rest_route=\/wp\/v2\/users\/2"}],"replies":[{"embeddable":true,"href":"http:\/\/marburg.news\/index.php?rest_route=%2Fwp%2Fv2%2Fcomments&post=5341"}],"version-history":[{"count":0,"href":"http:\/\/marburg.news\/index.php?rest_route=\/wp\/v2\/posts\/5341\/revisions"}],"wp:attachment":[{"href":"http:\/\/marburg.news\/index.php?rest_route=%2Fwp%2Fv2%2Fmedia&parent=5341"}],"wp:term":[{"taxonomy":"category","embeddable":true,"href":"http:\/\/marburg.news\/index.php?rest_route=%2Fwp%2Fv2%2Fcategories&post=5341"},{"taxonomy":"post_tag","embeddable":true,"href":"http:\/\/marburg.news\/index.php?rest_route=%2Fwp%2Fv2%2Ftags&post=5341"}],"curies":[{"name":"wp","href":"https:\/\/api.w.org\/{rel}","templated":true}]}}