{"id":5120,"date":"2020-05-17T11:55:43","date_gmt":"2020-05-17T09:55:43","guid":{"rendered":"http:\/\/marburg.news\/?p=5120"},"modified":"2020-05-17T11:55:43","modified_gmt":"2020-05-17T09:55:43","slug":"kultur-mobil-projekt-der-stadt-geht-nun-online","status":"publish","type":"post","link":"http:\/\/marburg.news\/?p=5120","title":{"rendered":"Kultur Mobil: Projekt der Stadt geht nun online"},"content":{"rendered":"<p>Kultur mobil zu machen und an neue Orte zu bringen ist das Konzept von &#8222;Kultur Mobil&#8220; der Stadt Marburg. In den vergangenen Wochen musste das Projekt jedoch wegen der Corona-Pandemie aussetzen. <!--more--><br \/>\nNun bringt &#8222;Kultur Mobil&#8220; Musik, Kleinkunst, Poetry und vieles mehr wieder an einen neuen Ort. Die Stadt bringt die Kultur nun iin das Internet. In der ersten digitalen Ausgabe sorgt das Duo &#8222;Saitenblick&#8220; f\u00fcr musikalische Unterhaltung<br \/>\n&#8222;\u00dcblicherweise macht Kultur Mobil es sich zur Aufgabe mit einer mobilen B\u00fchne und solarer Soundanlage nachhaltige Kultur f\u00fcr jeden zug\u00e4nglich auf die Stra\u00dfe zu bringen&#8220;, erkl\u00e4rte Oberb\u00fcrgermeister Dr. Thomas Spies. &#8222;Wegen der Corona-Pandemie ist das ,Kultur Mobil&#8216;-Team nun erneut kreativ geworden und hat neue Wege gesucht.&#8220; Musik, Kleinkunst, Poetry und vieles mehr gibt es mit &#8222;Kultur Mobil digital&#8220; nun online in der Facebook-Gruppe der Universit\u00e4tsstadt Marburg &#8222;Kultur in Marburg&#8220;, auf dem Youtube-Kanal &#8222;Universit\u00e4tsstadt Marburg&#8220; und auf der st\u00e4dtischen Internetseite www.marburg.de.<br \/>\nDen Auftakt f\u00fcr die digitale Reihe macht das Marburger Duo &#8222;Saitenblick&#8220;. Es besteht aus Marylin Prange und Martin &#8222;Punky&#8220; Sopart.<br \/>\nPassend zu ihrem zehnj\u00e4hrigen Jubil\u00e4um sind die beiden \u00fcber ihre Schatten gesprungen und haben erstmals ohne Verst\u00e4rkung performt. Beeinflusst aus Pop und Rock mit eigenen deutschsprachigen Texten bieten sie einen willkommenen Anlass, f\u00fcr einen Augenblick dem Alltag zu entkommen und ein bisschen zu tr\u00e4umen.<br \/>\nDas Projekt steht auch f\u00fcr andere Kunstschaffende aus Marburg offen. Interessierte K\u00fcnstlerinnen und K\u00fcnstler k\u00f6nnen sich an den Fachdienst Kultur der Universit\u00e4tsstadt Marburg melden unter kultur1@marburg-stadt.de.<\/p>\n<p>* pm: Stadt Marburg<\/p>\n","protected":false},"excerpt":{"rendered":"<p>Kultur mobil zu machen und an neue Orte zu bringen ist das Konzept von &#8222;Kultur Mobil&#8220; der Stadt Marburg. In den vergangenen Wochen musste das Projekt jedoch wegen der Corona-Pandemie aussetzen.<\/p>\n","protected":false},"author":2,"featured_media":0,"comment_status":"closed","ping_status":"open","sticky":false,"template":"","format":"standard","meta":{"advanced_seo_description":"","spay_email":"","jetpack_publicize_message":"","jetpack_is_tweetstorm":false,"jetpack_publicize_feature_enabled":true},"categories":[3],"tags":[2514,2310,2515],"jetpack_featured_media_url":"","jetpack_publicize_connections":[],"jetpack_sharing_enabled":true,"jetpack_shortlink":"https:\/\/wp.me\/p8mhvd-1kA","jetpack-related-posts":[{"id":15351,"url":"http:\/\/marburg.news\/?p=15351","url_meta":{"origin":5120,"position":0},"title":"M\u00e4chtig mitmachen: Kultur Mobil geht wieder auf Tour","date":"9. April 2024","format":false,"excerpt":"Das \"Kultur Mobil\" geht wieder auf Tour. \"Betty\" bringt junge Kultur zum Marburger Fr\u00fchling. \"Betty\" ist 56 Jahre alt, rot und bald auf Tour. Sie ist ein altes Ford Transit Feuerwehrauto. \"Betty\" bringt als \"Kultur Mobil\" in Marburg Kultur in vielf\u00e4ltiger Form auf die Stra\u00dfe - umgebaut als Elektroauto mit\u2026","rel":"","context":"In &quot;Kultur&quot;","img":{"alt_text":"","src":"","width":0,"height":0},"classes":[]},{"id":7196,"url":"http:\/\/marburg.news\/?p=7196","url_meta":{"origin":5120,"position":1},"title":"Kultur Mobil: Open-Air-Konzert am Lutherischen Kirchhof","date":"12. Juni 2021","format":false,"excerpt":"\"Kultur Mobil\" kehrt zur\u00fcck auf die Stra\u00dfe. Das hat die Stadt am Freitag (11. Juni) angek\u00fcndigt. Nach vielen Monaten der Wartezeit kann das Projekt \"Kultur Mobil\" des Fachdiensts Kultur der Stadt Marburg wieder an den Start gehen. Mit den Nachwuchs-K\u00fcnstler*innen Davin Bernhard und Eva Niedermeier kehrt das \"Kultur Mobil\" am\u2026","rel":"","context":"In &quot;Gute Nachricht&quot;","img":{"alt_text":"","src":"","width":0,"height":0},"classes":[]},{"id":15877,"url":"http:\/\/marburg.news\/?p=15877","url_meta":{"origin":5120,"position":2},"title":"Bericht zum Richtsberg: Stadtlabor f\u00fcr Kultur und Zusammenhalt","date":"27. Juni 2024","format":false,"excerpt":"Zu Kultur und Beteiligung am Richtsberg legt die Stadt einen Bericht vor. Er behandelt das \"Stadtlabor Richtsberg\". Im Projekt \"Stadtlabor Richtsberg\" haben Bewohnerinnen und Bewohner gemeinsam untersucht, wie sie ihren Stadtteil gestalten und zusammenleben wollen. Dabei kamen zahlreiche Ideen zusammen, aus denen eine vielf\u00e4ltige Mischung aus Aktionen, Projektgruppen, Beteiligungsformaten und\u2026","rel":"","context":"In &quot;Kultur&quot;","img":{"alt_text":"","src":"","width":0,"height":0},"classes":[]},{"id":6027,"url":"http:\/\/marburg.news\/?p=6027","url_meta":{"origin":5120,"position":3},"title":"Videos am Stadt: Weihnachtsaktion will Kultur- und Kunstschaffende unterst\u00fctzen","date":"18. November 2020","format":false,"excerpt":"Videos von Kulturschaffenden sucht die Stadt Marburg f\u00fcr eine Weihnachts-Aktion. M\u00f6glich sind dabei Musik, Poetry Slam, Akrobatik, Tanz, Malerei und vieles mehr. Die Stadt Marburg und \"Kultur Mobil\" suchen k\u00fcnstlerische Videobeitr\u00e4ge von Marburger Kulturschaffenden f\u00fcr eine Online-Weihnachtsaktion. Der Fantasie sind dabei keine Grenzen gesetzt. Einen Beitrag einreichen k\u00f6nnen Kunst- und\u2026","rel":"","context":"In &quot;Kultur&quot;","img":{"alt_text":"","src":"","width":0,"height":0},"classes":[]},{"id":4955,"url":"http:\/\/marburg.news\/?p=4955","url_meta":{"origin":5120,"position":4},"title":"Kultur am Osterwochenende: Kreis stellt &#8222;Corona-Kultur-Kanal&#8220; online","date":"9. April 2020","format":false,"excerpt":"Die Zahl der genesenen Corona-Patienten hat sich im Landkreis Marburg-Biedenkopf auf 113 erh\u00f6ht. Die Zahl der best\u00e4tigten Infektionen mit dem Coronavirus ist auf 168 gestiegen. Zehn Personen befinden sich in station\u00e4rer Behandlung, davon sieben Personen auf der Intensivstation. Landr\u00e4tin Kirsten Fr\u00fcndt wies am Donnerstag (9. April) au\u00dferdem darauf hin, die\u2026","rel":"","context":"In &quot;Kultur&quot;","img":{"alt_text":"","src":"","width":0,"height":0},"classes":[]},{"id":10072,"url":"http:\/\/marburg.news\/?p=10072","url_meta":{"origin":5120,"position":5},"title":"Rascher rasen: Kunstprojekt auf dem Rudolphsplatz","date":"6. Juli 2022","format":false,"excerpt":"Das \"Kunstrasen-Festival\" will mit allen feiern. Am Samstag (9. Juli) findet es auf dem Rudolphsplatz statt. Zum \"Kunstrasen-Festival\" mit bunten Kunstprojekten, Musik und Mitmachaktionen aus Marburgs (Sub)kultur sind alle Interessierten f\u00fcr Samstag (9. Juli) \u00fcber acht Stunden von 14 bis 22 Uhr auf den Rudolphsplatz eingeladen. Um 18 Uhr spricht\u2026","rel":"","context":"In &quot;Kultur&quot;","img":{"alt_text":"","src":"","width":0,"height":0},"classes":[]}],"_links":{"self":[{"href":"http:\/\/marburg.news\/index.php?rest_route=\/wp\/v2\/posts\/5120"}],"collection":[{"href":"http:\/\/marburg.news\/index.php?rest_route=\/wp\/v2\/posts"}],"about":[{"href":"http:\/\/marburg.news\/index.php?rest_route=\/wp\/v2\/types\/post"}],"author":[{"embeddable":true,"href":"http:\/\/marburg.news\/index.php?rest_route=\/wp\/v2\/users\/2"}],"replies":[{"embeddable":true,"href":"http:\/\/marburg.news\/index.php?rest_route=%2Fwp%2Fv2%2Fcomments&post=5120"}],"version-history":[{"count":0,"href":"http:\/\/marburg.news\/index.php?rest_route=\/wp\/v2\/posts\/5120\/revisions"}],"wp:attachment":[{"href":"http:\/\/marburg.news\/index.php?rest_route=%2Fwp%2Fv2%2Fmedia&parent=5120"}],"wp:term":[{"taxonomy":"category","embeddable":true,"href":"http:\/\/marburg.news\/index.php?rest_route=%2Fwp%2Fv2%2Fcategories&post=5120"},{"taxonomy":"post_tag","embeddable":true,"href":"http:\/\/marburg.news\/index.php?rest_route=%2Fwp%2Fv2%2Ftags&post=5120"}],"curies":[{"name":"wp","href":"https:\/\/api.w.org\/{rel}","templated":true}]}}