{"id":5105,"date":"2020-05-14T13:24:56","date_gmt":"2020-05-14T11:24:56","guid":{"rendered":"http:\/\/marburg.news\/?p=5105"},"modified":"2020-05-14T13:24:56","modified_gmt":"2020-05-14T11:24:56","slug":"pinscher-oder-schmeissfliege-rolf-hochhuth-starb-mit-89-jahren","status":"publish","type":"post","link":"http:\/\/marburg.news\/?p=5105","title":{"rendered":"Pinscher oder Schmei\u00dffliege: Rolf Hochhuth starb mit 89 Jahren"},"content":{"rendered":"<p>Bundeskanzler Ludwig Erhard beschimpfte ihn als &#8222;Pinscher&#8220;. Kaum ein deutschsprachiger Dramatiker war zeitlebens so umstritten wie Rolf Hochhuth. <!--more--><br \/>\nGeboren wurde er am 1. April 1931 in Eschwege. Gestorben ist Hochhuth am Mittwoch (13. Mai) in Berlin. Eng verbunden ist sein Leben mit Marburg, wo der sp\u00e4tere Dramatiker als Buchh\u00e4ndler arbeitete.<br \/>\nDie Urauff\u00fchrung seines ber\u00fchmtesten und wohl umstrittendsten Theaterklassikers &#8222;Der Stellvertreter&#8220; inszenierte 1963 der fr\u00fchere Marburger Schauspielintendant Erwin Piscator in Berlin. In diesem St\u00fcck problematisiert Hochhuth das Schweigen des Papstes Pius XII zum Holocaust. Hochhuths moralische Haltung und seine wiederholte Einmischung in aktuelle politische Vorg\u00e4nge brachten ihm viel Feindschaft ein.<br \/>\nDer damalige bayerische Ministerpr\u00e4sident Franz Josef Strau\u00df kritisierte Hochhuth und seinen Schriftsteller-Kollegen Bernd Engelmann als &#8222;Ratten und Schmei\u00dffliegen&#8220;. Die solidarische Reaktion vieler bedeutender Autoren weltweit war, dass sie Bezeichnungen wie &#8222;Pinscher&#8220; oder &#8222;Schmei\u00dffliege&#8220; selbst als eine Art Ehrentitel annahmen.<br \/>\n1978 f\u00fchrte Hochhuths Intervention zum R\u00fccktritt des damaligen baden-w\u00fcrttembergischen Ministerpr\u00e4sidenten Hans-Karl Filbinger, den er als &#8222;furchtbaren Juristen&#8220; bezeichnete. Noch nach dem Kriegsende hatte Filbinger als Marinerichter Todesurteile verh\u00e4ngt und ihre Exekution beaufsichtigt.<br \/>\nAuch setzte sich Hochhuth f\u00fcr den Hitler-Attent\u00e4ter Georg Elser ein, dessen Andenken er schlie\u00dflich in Berlin einen geeigneten Raum verschaffte. Hochhuths Motiv f\u00fcr die Auseinandersetzung mit Faschismus und Widerstand war die Hinrichtung seiner Schwiegermutter Rose Schl\u00f6singer als Widerstandsk\u00e4mpferin der sogenannten &#8222;Roten Kapelle&#8220;.<br \/>\nNeben der Forderung nach Moral in der Politik auch unter schwierigen Bedingungen widmete sich Hochhuth auch sozialen Themen. Im Anschluss an die <a href=\"http:\/\/www.marburg-news.de\/2004\/mn-pol04.php?tag=4\">Premiere seines St\u00fccks &#8222;McKinsey kommt&#8220;<\/a> am 4. April 2004 im Hessischen Landestheater Marburg (HLTM) \u00e4u\u00dferte er deutliche Kritik an der neoliberalen Vermarktung von Menschen und ihrem Durchdringen aller gesellschaftlichen Bereiche. Gerade seine beiden Hauptthemen sind zu Zeiten der Corona-Pandemie aktueller denn je, wo Moral in Politik und Wirtschaft \u00fcberlebenswichtig geworden ist.<\/p>\n<p>* Franz-Josef Hanke<\/p>\n","protected":false},"excerpt":{"rendered":"<p>Bundeskanzler Ludwig Erhard beschimpfte ihn als &#8222;Pinscher&#8220;. Kaum ein deutschsprachiger Dramatiker war zeitlebens so umstritten wie Rolf Hochhuth.<\/p>\n","protected":false},"author":2,"featured_media":0,"comment_status":"closed","ping_status":"open","sticky":false,"template":"","format":"standard","meta":{"advanced_seo_description":"","spay_email":"","jetpack_publicize_message":"","jetpack_is_tweetstorm":false,"jetpack_publicize_feature_enabled":true},"categories":[3,2],"tags":[2507,2508,2509],"jetpack_featured_media_url":"","jetpack_publicize_connections":[],"jetpack_sharing_enabled":true,"jetpack_shortlink":"https:\/\/wp.me\/p8mhvd-1kl","jetpack-related-posts":[{"id":14092,"url":"http:\/\/marburg.news\/?p=14092","url_meta":{"origin":5105,"position":0},"title":"Moll gelebt: Amir Gudarzi liest aus seinem Deb\u00fctroman","date":"17. Oktober 2023","format":false,"excerpt":"Amir Gudarzi liest aus seinem Roman \"Das Ende ist nah\". Die Lesung findet am Dienstag (24. Oktober) um 19.30 Uhr im Theater am Schwanhof (TaSch) statt. Der Autor von \"WONDERWOMB\" kommt erneut nach Marburg. In einer Lesung pr\u00e4sentiert Amir Gudarzi seinen Deb\u00fctroman \"Das Ende ist nah\". Eindringlich und mit gro\u00dfer\u2026","rel":"","context":"In &quot;Kultur&quot;","img":{"alt_text":"","src":"","width":0,"height":0},"classes":[]},{"id":8602,"url":"http:\/\/marburg.news\/?p=8602","url_meta":{"origin":5105,"position":1},"title":"HLTM f\u00fcr Urauff\u00fchrung: Kleist-F\u00f6rderpreis geht an Amir Gudarzi","date":"19. Januar 2022","format":false,"excerpt":"Der 27. \"Kleist-F\u00f6rderpreis f\u00fcr junge Dramatikerinnen und Dramatiker\" geht 2022 an Amir Gudarzi f\u00fcr sein St\u00fcck \"Wonderwomb\". Uraufgef\u00fchrt wird es im Herbst in Marburg. Das Kleist Forum Frankfurt (Oder) und die Stadt Frankfurt (Oder) haben den Preistr\u00e4ger des \"Kleist-F\u00f6rderpreises f\u00fcr junge Dramatikerinnen und Dramatiker\" 2022 bekannt gegeben. In diesem Jahr\u2026","rel":"","context":"In &quot;Kultur&quot;","img":{"alt_text":"","src":"","width":0,"height":0},"classes":[]},{"id":292,"url":"http:\/\/marburg.news\/?p=292","url_meta":{"origin":5105,"position":2},"title":"Zusammengeschwei\u00dft: 60 Trauerg\u00e4ste nahmen Abschid von Rolf Hepp","date":"16. M\u00e4rz 2017","format":false,"excerpt":"\"Rolf, der Kampf geht weiter.\" Mit diesen Worten verabschiedete sich ein Freund von Rolf Hepp. Gut 60 Menschen waren am Mittwoch (15. M\u00e4rz) zur Trauerfeier in die Friedhofskapelle am Rotenberg gekommen. \"Vermutlich ist Rolf am 2. Februar gestorben\", berichtete der DGB-kreisvorsitzende Pit Metz der Trauergemeinde. \"Aber genau wissen wir das\u2026","rel":"","context":"In &quot;Politik&quot;","img":{"alt_text":"","src":"","width":0,"height":0},"classes":[]},{"id":240,"url":"http:\/\/marburg.news\/?p=240","url_meta":{"origin":5105,"position":3},"title":"Trauer um Rolf Hepp: Antifaschistund Aktivist \u00fcberraschend gestorben","date":"5. M\u00e4rz 2017","format":false,"excerpt":"Rolf Hepp ist tot. Der engagierte Antifaschist und Friedensaktivist ist im Februar \u00fcberraschend gestorben. Wer sich in Marburg antifaschistisch engagierte, Friedenspolitik machte oder gegen Hartz IV k\u00e4mpfte, der lief ihm unweigerlich \u00fcber den Weg. Besonders der Kampf gegen neue Nazis und der Umgang der Stadt mit der braunen Vergangenheit forderten\u2026","rel":"","context":"In \"Antifaschist\"","img":{"alt_text":"","src":"","width":0,"height":0},"classes":[]},{"id":17126,"url":"http:\/\/marburg.news\/?p=17126","url_meta":{"origin":5105,"position":4},"title":"Fachmann f\u00fcr Ungew\u00f6hnliches: Rolf J\u00fcrgen Sch\u00e4fer erhielt Bundesverdienstkreuz","date":"9. Dezember 2024","format":false,"excerpt":"Das Bundesverdienstkreuz wurde Prof. Dr. Rolf J\u00fcrgen Sch\u00e4fer verliehen. Gew\u00fcrdigt wird damit sein beispielloser Einsatz f\u00fcr seltene Erkrankungen. F\u00fcr sein au\u00dferordentliches Wirken im medizinischen Bereich hat Prof. Dr. Rolf J\u00fcrgen Sch\u00e4fer das Bundesverdienstkreuz am Bande erhalten. Oberb\u00fcrgermeister Dr. Thomas Spies hat ihm die Auszeichnung im Universit\u00e4tsklinikum \u00fcberreicht. \"Prof. Dr. Rolf\u2026","rel":"","context":"In &quot;Bildung&quot;","img":{"alt_text":"","src":"","width":0,"height":0},"classes":[]},{"id":14318,"url":"http:\/\/marburg.news\/?p=14318","url_meta":{"origin":5105,"position":5},"title":"Zur Premiere: &#8222;Die Pr\u00e4sidentinnen&#8220; von Werner Schwab im HLTM","date":"9. November 2023","format":false,"excerpt":"\"Die Pr\u00e4sidentinnen\" feiert am Samstag (2. Dezember) Premiere im Hessischen Landestheater Marburg (HLTM). Maxime Mourot inszeniert Werner Schwabs Kom\u00f6die Der \u00f6sterreichische Dramatiker Werner Schwab hat mit \"Die Pr\u00e4sidentinnen\" einen modernen Klassiker \u00fcber die Abgr\u00fcnde des Kleinb\u00fcrgertums erschaffen. Zu dessen Titel vermerkt der Autor: \"Das sind Leute, die glauben, alles zu\u2026","rel":"","context":"In &quot;Kultur&quot;","img":{"alt_text":"","src":"","width":0,"height":0},"classes":[]}],"_links":{"self":[{"href":"http:\/\/marburg.news\/index.php?rest_route=\/wp\/v2\/posts\/5105"}],"collection":[{"href":"http:\/\/marburg.news\/index.php?rest_route=\/wp\/v2\/posts"}],"about":[{"href":"http:\/\/marburg.news\/index.php?rest_route=\/wp\/v2\/types\/post"}],"author":[{"embeddable":true,"href":"http:\/\/marburg.news\/index.php?rest_route=\/wp\/v2\/users\/2"}],"replies":[{"embeddable":true,"href":"http:\/\/marburg.news\/index.php?rest_route=%2Fwp%2Fv2%2Fcomments&post=5105"}],"version-history":[{"count":0,"href":"http:\/\/marburg.news\/index.php?rest_route=\/wp\/v2\/posts\/5105\/revisions"}],"wp:attachment":[{"href":"http:\/\/marburg.news\/index.php?rest_route=%2Fwp%2Fv2%2Fmedia&parent=5105"}],"wp:term":[{"taxonomy":"category","embeddable":true,"href":"http:\/\/marburg.news\/index.php?rest_route=%2Fwp%2Fv2%2Fcategories&post=5105"},{"taxonomy":"post_tag","embeddable":true,"href":"http:\/\/marburg.news\/index.php?rest_route=%2Fwp%2Fv2%2Ftags&post=5105"}],"curies":[{"name":"wp","href":"https:\/\/api.w.org\/{rel}","templated":true}]}}