{"id":5095,"date":"2020-05-11T12:14:46","date_gmt":"2020-05-11T10:14:46","guid":{"rendered":"http:\/\/marburg.news\/?p=5095"},"modified":"2020-05-11T12:14:46","modified_gmt":"2020-05-11T10:14:46","slug":"schaeden-bei-unfaellen-autos-parkten-auf-lahnbergen-und-am-schlagberg","status":"publish","type":"post","link":"http:\/\/marburg.news\/?p=5095","title":{"rendered":"Sch\u00e4den bei Unf\u00e4llen: Autos parkten auf Lahnbergen und am Schlagberg"},"content":{"rendered":"<p>Der Schaden an einem schwarzen Opel Mokka befindet sich hinten links an der Sto\u00dfstange. Erbel\u00e4uft sich auf mehrere Hundert Euro. <!--more--><br \/>\nDer Opel parkte zur Unfallzeit am Donnerstag (7. Mai) zwischen 8.25 und 10.20 Uhr auf der unteren von zwei Ebenen des &#8222;Parkhauses Nord&#8220; an der Hans-Meerwein-Stra\u00dfe. Den Spuren nach kam es bei einem Ein- oder Ausparkman\u00f6ver zu der Kollision. Bislang ergaben sich keine Hinweise auf das verursachende Auto oder dessen Fahrer.<br \/>\nAls er seinen blauen Opel Corsa am Freitag (8. Mai) um 19 Uhr in einer der eingezeichneten Parkfl\u00e4chen der Gabelsbergerstra\u00dfe abstellte, war er unbesch\u00e4digt. Am Samstag (9. Mai) um 16 Uhr stellte der Fahrer dann einen frischen Unfallschaden an der Front fest.<br \/>\nEinen Zettel mit Namen und Erreichbarkeiten fand er nicht. Der Verursacher hatte den Unfall auch nicht bei der Polizei gemeldet.<br \/>\nDa der Schaden gering ist, k\u00f6nnte er f\u00fcr den Verursacher unbemerkt geblieben sein. Eventuell passierte die leichte Kollision bei einem Ein- oder Ausparkman\u00f6ver.<\/p>\n<p>* pm: Polizei Marburg<\/p>\n","protected":false},"excerpt":{"rendered":"<p>Der Schaden an einem schwarzen Opel Mokka befindet sich hinten links an der Sto\u00dfstange. Erbel\u00e4uft sich auf mehrere Hundert Euro.<\/p>\n","protected":false},"author":2,"featured_media":0,"comment_status":"closed","ping_status":"open","sticky":false,"template":"","format":"standard","meta":{"advanced_seo_description":"","spay_email":"","jetpack_publicize_message":"","jetpack_is_tweetstorm":false,"jetpack_publicize_feature_enabled":true},"categories":[6],"tags":[339,16,34],"jetpack_featured_media_url":"","jetpack_publicize_connections":[],"jetpack_sharing_enabled":true,"jetpack_shortlink":"https:\/\/wp.me\/p8mhvd-1kb","jetpack-related-posts":[{"id":2210,"url":"http:\/\/marburg.news\/?p=2210","url_meta":{"origin":5095,"position":0},"title":"Alle abgehauen: Erneut sieben F\u00e4lle von Unfallflucht","date":"8. Mai 2018","format":false,"excerpt":"Genau rechtzeitig kehrte der Fahrer am Montag (7. Mai) zu seinem schwarzen VW Passat zur\u00fcck. Er bemerkte einen frischen Unfallschaden hinten rechts. Neben seinem Auto stand ein schwarzer Golf mit korrespondierenden Sch\u00e4den vorne links. Der Fahrer des Golfs hatte den Passat Kombi beim Einparken auf dem Parkplatz zwischen Alkoni und\u2026","rel":"","context":"In &quot;Sonstiges&quot;","img":{"alt_text":"","src":"","width":0,"height":0},"classes":[]},{"id":5201,"url":"http:\/\/marburg.news\/?p=5201","url_meta":{"origin":5095,"position":1},"title":"Vier Verkehrsunf\u00e4lle: Fahrer fl\u00fcchteten vom Unfallort","date":"4. Juni 2020","format":false,"excerpt":"Ein Verkehrsunfall passierte am Mittwoch (3. Juni) gegen 17.25 Uhr, in der Friedrich-Ebert-Stra\u00dfe. Gemeldet wurde der Polizei die typische Ger\u00e4uschkulisse von zwei Anst\u00f6\u00dfen und quietschende Reifen. Die Ger\u00e4uschkulisse war die eines mit \u00fcberh\u00f6hter Geschwindigkeit fahrenden Autos. Zwar steht das Kennzeichen des verursachenden Fahrzeugs fest, jedoch gibt es bislang noch keine\u2026","rel":"","context":"In &quot;Sonstiges&quot;","img":{"alt_text":"","src":"","width":0,"height":0},"classes":[]},{"id":928,"url":"http:\/\/marburg.news\/?p=928","url_meta":{"origin":5095,"position":2},"title":"Verkehrt verkehrt: Ausgehobene Gullydeckel, Alkohol am Steuer und Unfallflucht","date":"7. August 2017","format":false,"excerpt":"Ein Hinweis auf fehlende Gullydeckel zwischen der Elisabethkirche und dem Hauptbahnhof erreichte die Polizei am Sonntag (6. August) kurz nach 5 Uhr. Tats\u00e4chlich war wohl so jeder Gullydeckel in der Bahnhofstra\u00dfe herausgehoben. Die Polizei setzte acht Deckel wieder an ihren angestammten Platz. Sie fragt: \"Wer hat am fr\u00fchen Sonntagmorgen -\u2026","rel":"","context":"In &quot;Sonstiges&quot;","img":{"alt_text":"","src":"","width":0,"height":0},"classes":[]},{"id":4686,"url":"http:\/\/marburg.news\/?p=4686","url_meta":{"origin":5095,"position":3},"title":"Sch\u00e4den an Autos: Erneut drei F\u00e4lle von Unfallflucht","date":"3. Februar 2020","format":false,"excerpt":"500 Euro Schaden beklagt die Besitzerin eines Mitsubishi nach einem Unfall an Samstag (1. Februar). Der orangefarbene \"Space Star\" parkte zwischen 11.45 und 12.30 Uhr auf dem Parkplatz eines Einkaufsmarkts an der Tom-Mutters-Stra\u00dfe. Als die Frau zu ihrem Wagen zur\u00fcckkam, war er an der hinteren Sto\u00dfstange besch\u00e4digt. Vermutlich handelt es\u2026","rel":"","context":"In &quot;Sonstiges&quot;","img":{"alt_text":"","src":"","width":0,"height":0},"classes":[]},{"id":5218,"url":"http:\/\/marburg.news\/?p=5218","url_meta":{"origin":5095,"position":4},"title":"lolge des Unfalls: Sch\u00e4den an Audi, Opel und Elektroauto","date":"8. Juni 2020","format":false,"excerpt":"Bislang hat die Polizei weder Erkenntnisse \u00fcber den Unfallhergang noch \u00fcber den Unfallverursacher oder \u00fcber das beteiligte Fahrzeug. Der Schaden an dem betroffenen grauen Audi A7 befindet sich an der hinteren T\u00fcr der Beifahrerseite Er bel\u00e4uft sich auf mindestens 6.000 Euro. Der Audi stand zur Unfallzeit zwischen Donnerstag (28. Mai)\u2026","rel":"","context":"In &quot;Sonstiges&quot;","img":{"alt_text":"","src":"","width":0,"height":0},"classes":[]},{"id":1082,"url":"http:\/\/marburg.news\/?p=1082","url_meta":{"origin":5095,"position":5},"title":"Fahrer in Gefahr: Autodieb machte unbekannte Strahlung verantwortlich","date":"6. September 2017","format":false,"excerpt":"Die Tatzeit war zwar um 11.11 Uhr und auch Vorgehen und Einlassung des Tatverd\u00e4chtigen k\u00f6nnten auf einen Karnevalsscherz oder \"versteckte Kamera\" hindeuten, aber es ist weder Karneval, noch gab es einen Dreh zu der Serie. Unter dem Strich bleiben ein Autodiebstahl und eine erfolgreiche Fahndung mit einer Festnahme. Am Mittwoch\u2026","rel":"","context":"In &quot;Sonstiges&quot;","img":{"alt_text":"","src":"","width":0,"height":0},"classes":[]}],"_links":{"self":[{"href":"http:\/\/marburg.news\/index.php?rest_route=\/wp\/v2\/posts\/5095"}],"collection":[{"href":"http:\/\/marburg.news\/index.php?rest_route=\/wp\/v2\/posts"}],"about":[{"href":"http:\/\/marburg.news\/index.php?rest_route=\/wp\/v2\/types\/post"}],"author":[{"embeddable":true,"href":"http:\/\/marburg.news\/index.php?rest_route=\/wp\/v2\/users\/2"}],"replies":[{"embeddable":true,"href":"http:\/\/marburg.news\/index.php?rest_route=%2Fwp%2Fv2%2Fcomments&post=5095"}],"version-history":[{"count":0,"href":"http:\/\/marburg.news\/index.php?rest_route=\/wp\/v2\/posts\/5095\/revisions"}],"wp:attachment":[{"href":"http:\/\/marburg.news\/index.php?rest_route=%2Fwp%2Fv2%2Fmedia&parent=5095"}],"wp:term":[{"taxonomy":"category","embeddable":true,"href":"http:\/\/marburg.news\/index.php?rest_route=%2Fwp%2Fv2%2Fcategories&post=5095"},{"taxonomy":"post_tag","embeddable":true,"href":"http:\/\/marburg.news\/index.php?rest_route=%2Fwp%2Fv2%2Ftags&post=5095"}],"curies":[{"name":"wp","href":"https:\/\/api.w.org\/{rel}","templated":true}]}}