{"id":5092,"date":"2020-05-10T12:53:05","date_gmt":"2020-05-10T10:53:05","guid":{"rendered":"http:\/\/marburg.news\/?p=5092"},"modified":"2020-05-10T12:53:05","modified_gmt":"2020-05-10T10:53:05","slug":"10-mai-in-marburg-gedenken-der-buecherverbrennung-auf-dem-kaempfrasen","status":"publish","type":"post","link":"http:\/\/marburg.news\/?p=5092","title":{"rendered":"10. Mai in Marburg: Gedenken der B\u00fccherverbrennung auf dem K\u00e4mpfrasen"},"content":{"rendered":"<p>Der 10. Mai 1938 war in ganz Deutschland der Tag der B\u00fccherverbrennung. Auch in Marburg auf dem K\u00e4mpfrasen warfen mationalsozialistische Studenten der Philipps-Universit\u00e4t \u00f6ffentlich die B\u00fccher &#8222;undeutscher&#8220; Autorinnen und Autoren ins Feuer. <!--more--><br \/>\nNach wie vor harrt das <a href=\"http:\/\/hu-marburg.de\/2017\/03\/16\/antifaschist-aktivist-und-allgegenwaertig-60-trauergaeste-nahmen-abschid-von-rolf-hepp\/\">Verm\u00e4chtnis des Friedensaktivisten Rolf Hepp<\/a> der Verwirklichung. Ebenso wie er forderte auch die Humanistische Union ein <a href=\"http:\/\/hu-marburg.de\/2017\/06\/29\/pm-617-nie-wieder-faschismus-hu-marburg-fuer-mahnmal-am-kaempfrasen\/\">antifaschistisches Mahnmal am K\u00e4mpfrasen<\/a>. Diese Forderung ist gerade in den Zeiten wieder aufkeimenden Rassismus wichtiger und dringlicher denn je.<br \/>\nMit ihrer <a href=\"https:\/\/www.youtube.com\/watch?v=Pv8acrOmMnk\">Aktion &#8222;Der verd\u00e4chtige Zauberberg&#8220;<\/a> erinnerte die HU Marburg am 10. Mai 2019 vor der ehemaligen Marburger GeStaPo-Zentrale auf dem Schuhmarkt an ein Verh\u00f6r, das dort 1942 stattgefunden hat. Der Widerstandsk\u00e4mpfer Prof. Dr. Werner Kraus wurde von einem GeStaPo-Schergen gefragt, wie er dazu komme, das &#8222;v\u00f6llig verjudete&#8220; Buch &#8222;Der Zauberberg&#8220; von Thomas Mann in seinem B\u00fccherregal zu haben. Dieses <a href=\"\">&#8222;&gt;Verh\u00f6r<\/a> hat die HU Marburg vor dem Geb\u00e4ude nachgestellt, wo sich ebenfalls kein angemessenes Mahnmal zum Gedenken der Opfer nationalsozialistischer Willk\u00fcr befindet.<br \/>\n\u00dcber eine demokratische Gedenkkultur m\u00f6chte die HU nun mit dem Menschen in Marburg diskutieren. Widerstand vor Ort soll ebenso eine W\u00fcrdigungfinden wie das Gedenken der Opfer des faschistischen Terrors. Geschichte muss immer im \u00f6ffentlichen Ged\u00e4chtnis bleiben, damit die Menschheit eine bessere Zukunft erreichen kann.<br \/>\nDie j\u00fcngst aufkommenden Verschw\u00f6rungsmythen von einer angeblichen Verbreitung des Coronavirus durch das sogenannte &#8222;Weltjudentum&#8220; sind beunruhigender Ausdruck eines &#8211; leider niemals ganz verschwundenen &#8211;<br \/>\nAntisemitismus in Deutschland. Neben \u00f6ffentlichem Gedenken an geeigneten Stellen kann man diesen Tendenzen auch dadurch entgegentreten, indem man die faschistische Verachtung vermeintlich Schw\u00e4cherer und angeglich &#8222;lebensunwerten Lebens&#8220; L\u00fcgen straft. Gerade zu Zeiten der Pandemie verlangt das einzige &#8222;Supergrundrecht&#8220; des Grundgesetzes von der Unantastbarkeit der Menschenw\u00fcrde die Solidarit\u00e4t aller Menschen zum gemeinsamen Schutz der Gesundheit und des Lebens aller Mitmenschen nicht nur in Deutschland.<\/p>\n<p>* Franz-Josef Hanke<\/p>\n","protected":false},"excerpt":{"rendered":"<p>Der 10. Mai 1938 war in ganz Deutschland der Tag der B\u00fccherverbrennung. Auch in Marburg auf dem K\u00e4mpfrasen warfen mationalsozialistische Studenten der Philipps-Universit\u00e4t \u00f6ffentlich die B\u00fccher &#8222;undeutscher&#8220; Autorinnen und Autoren ins Feuer.<\/p>\n","protected":false},"author":2,"featured_media":0,"comment_status":"closed","ping_status":"open","sticky":false,"template":"","format":"standard","meta":{"advanced_seo_description":"","spay_email":"","jetpack_publicize_message":"","jetpack_is_tweetstorm":false,"jetpack_publicize_feature_enabled":true},"categories":[5,3,2,4],"tags":[353,493,1434],"jetpack_featured_media_url":"","jetpack_publicize_connections":[],"jetpack_sharing_enabled":true,"jetpack_shortlink":"https:\/\/wp.me\/p8mhvd-1k8","jetpack-related-posts":[{"id":772,"url":"http:\/\/marburg.news\/?p=772","url_meta":{"origin":5092,"position":0},"title":"Faschistische Studenten: HU f\u00fcr Mahnmal am K\u00e4mpfrasen","date":"29. Juni 2017","format":false,"excerpt":"F\u00fcr ein Mahnmal gegen Faschismus am K\u00e4mpfrasen spricht sich die Humanistische Union (HU) aus. Gleich zweimal hat der Platz hinter der Marburger J\u00e4gerkaserne f\u00fcr Aufm\u00e4rsche faschistischer Studenten gedient. Daran soll ein deutlich sichtbares Denkmal erinnern. Im M\u00e4rz 1920 brachen vom K\u00e4mpfrasen studentische Freicorps nach Th\u00fcringen auf, um dort Arbeiteraufst\u00e4nde blutig\u2026","rel":"","context":"In &quot;Politik&quot;","img":{"alt_text":"","src":"","width":0,"height":0},"classes":[]},{"id":3592,"url":"http:\/\/marburg.news\/?p=3592","url_meta":{"origin":5092,"position":1},"title":"Sch\u00e4den an Demokratie: HU-Aktion zur B\u00fccherverbrennung am 10. Mai","date":"6. Mai 2019","format":false,"excerpt":"Eine Aktion zur B\u00fccherverbrennung f\u00fchrt die Humanistische Union (HU) am Freitag (10. Mai) um 11.55 Uhr durch. Vor der einsgiten GeStaPo-Zentrale auf dem Schuhmarkt stellt sie ein Verh\u00f6r nach, das dort 1942 stattgefunden hat. Befragt hat die Geheime Staatspolizei (GeStaPo) inihrer marburger Zentrale im \"Kilian\" Ende 1942 den Romanisten Prof.\u2026","rel":"","context":"In &quot;Kultur&quot;","img":{"alt_text":"","src":"","width":0,"height":0},"classes":[]},{"id":14286,"url":"http:\/\/marburg.news\/?p=14286","url_meta":{"origin":5092,"position":2},"title":"Voll gesperrt: Bauarbeiten bei Zufahrt zum K\u00e4mpfrasen","date":"6. November 2023","format":false,"excerpt":"Die Zufahrt zum K\u00e4mpfrasen wird vom 13. bis 27. November wegen Erneuerung der Wasserleitung voll gesperrt. Das hat die Stadt am Montag (6. November) angek\u00fcndigt. Die Zufahrt zur Stra\u00dfe \"K\u00e4mpfrasen\" im S\u00fcdviertel wird aufgrund der Erneuerung der Wasserleitung in diesem Bereich vollst\u00e4ndig gesperrt. Die Vollsperrung der Zufahrt beginnt am Montag\u2026","rel":"","context":"In &quot;Sonstiges&quot;","img":{"alt_text":"","src":"","width":0,"height":0},"classes":[]},{"id":508,"url":"http:\/\/marburg.news\/?p=508","url_meta":{"origin":5092,"position":3},"title":"84 Jahre danach: Klaus Peter Friedrich \u00fcber die T\u00e4ter der Marburger B\u00fccherverbrennung","date":"11. Mai 2017","format":false,"excerpt":"\"Die T\u00e4ter der Marburger B\u00fccherverbrennung vom 10. Mai 1933\" waren am Mittwoch (10. Mai) Thema eines Vortrags von Dr. Klaus Peter Friedrich. Im vollbesetzten K\u00e4te-Dinnebier-Saal des Deutschen Gewerkschaftsbunds (DGB) referierte der Historiker \u00fcber die Quellenlage und die beiden Hauptakteure. Friedrich ist Mitglied der Geschichtswerkstatt Marburg und Mitverfasser der Stadtschrift \u00fcber\u2026","rel":"","context":"In &quot;Bildung&quot;","img":{"alt_text":"","src":"","width":0,"height":0},"classes":[]},{"id":2247,"url":"http:\/\/marburg.news\/?p=2247","url_meta":{"origin":5092,"position":4},"title":"Komplett abgebaut: Einbruchsversuch, acht Autoreifen und Motorrad gestohlen","date":"22. Mai 2018","format":false,"excerpt":"Die R\u00e4der von zwei Neuwagen stahlen Unbekannte in der Nacht zum Samstag (19. Mai). Sie kamen zwischen 18 und 8 Uhr auf den Hof eines Autohauses an der Gisselberger Stra\u00dfe. Sie demontierten die komplette Bereifung von zwei Hyundai i20. Art und Umfang erfordern f\u00fcr den Abtransport der acht Komplettr\u00e4der ein\u2026","rel":"","context":"In &quot;Sonstiges&quot;","img":{"alt_text":"","src":"","width":0,"height":0},"classes":[]},{"id":6380,"url":"http:\/\/marburg.news\/?p=6380","url_meta":{"origin":5092,"position":5},"title":"Schl\u00e4ger gefasst: Rettungswagen brachte Opfer ins Klinikum","date":"21. Januar 2021","format":false,"excerpt":"Kurz nach einer Schl\u00e4gerei nahm die Polizei einen gefl\u00fcchteten Beteiligten vor\u00fcbergehend fest. Vorausgegangen war am Dienstag (19. Januar) gegen 22 Uhr eine Auseinandersetzung im K\u00e4mpfrasen zwischen dem 37-j\u00e4hrigen Festgenommenen und einem 53-j\u00e4hrigen Mann. Der \u00c4ltere erlitt Sch\u00fcrfwunden an den H\u00e4nden und durch die Fausthiebe Prellungen sowie Schwellungen an Kopf und\u2026","rel":"","context":"In &quot;Sonstiges&quot;","img":{"alt_text":"","src":"","width":0,"height":0},"classes":[]}],"_links":{"self":[{"href":"http:\/\/marburg.news\/index.php?rest_route=\/wp\/v2\/posts\/5092"}],"collection":[{"href":"http:\/\/marburg.news\/index.php?rest_route=\/wp\/v2\/posts"}],"about":[{"href":"http:\/\/marburg.news\/index.php?rest_route=\/wp\/v2\/types\/post"}],"author":[{"embeddable":true,"href":"http:\/\/marburg.news\/index.php?rest_route=\/wp\/v2\/users\/2"}],"replies":[{"embeddable":true,"href":"http:\/\/marburg.news\/index.php?rest_route=%2Fwp%2Fv2%2Fcomments&post=5092"}],"version-history":[{"count":0,"href":"http:\/\/marburg.news\/index.php?rest_route=\/wp\/v2\/posts\/5092\/revisions"}],"wp:attachment":[{"href":"http:\/\/marburg.news\/index.php?rest_route=%2Fwp%2Fv2%2Fmedia&parent=5092"}],"wp:term":[{"taxonomy":"category","embeddable":true,"href":"http:\/\/marburg.news\/index.php?rest_route=%2Fwp%2Fv2%2Fcategories&post=5092"},{"taxonomy":"post_tag","embeddable":true,"href":"http:\/\/marburg.news\/index.php?rest_route=%2Fwp%2Fv2%2Ftags&post=5092"}],"curies":[{"name":"wp","href":"https:\/\/api.w.org\/{rel}","templated":true}]}}