{"id":5058,"date":"2020-05-04T13:37:15","date_gmt":"2020-05-04T11:37:15","guid":{"rendered":"http:\/\/marburg.news\/?p=5058"},"modified":"2020-05-05T12:15:49","modified_gmt":"2020-05-05T10:15:49","slug":"unfallflucht-auto-im-spiegelslustweg-beschaedigt","status":"publish","type":"post","link":"http:\/\/marburg.news\/?p=5058","title":{"rendered":"Unfallflucht: Auto im Spiegelslustweg besch\u00e4digt"},"content":{"rendered":"<p>Eine Unfallflucht erfolgte zwischen Donnerstag (30. April) nach 13.30 Uhr und Freitag (1. Mai) vor 11 Uhr im Spiegelslustweg. Dort streifte ein unbekanntes Auto beim Vorbeifahren einen geparkten grauen Seat Ibiza.<br \/>\n<!--more--><br \/>\nAuf der linken Seite des Seat entstand ein Schaden von mindestens 2.000 Euro. Aufgrund gefundener Teile steht auch ein Schaden am verursachenden Fahrzeug fest. Sonstige Hinweise auf dieses Fahrzeug oder dessen Fahrer ergaben sich bislang jedoch nicht.<br \/>\nBei einer weiteren Unfallflucht entstand an einem schwarzen BMW X1 ein Heckschaden von mindestens 5.000 Euro. Der SUV parkte zur Unfallzeit am Montag (4. Mai) zwischen 9.45 und 10.30 Uhr auf dem Obi-Parkplatz in Wehrda. Ob der Unfall im Zusammenhang mit einem Ein- oder Ausparkman\u00f6ver oder beim Vorbeifahren mit zu geringem Seitenabstand passierte ist bislang nicht bekannt. Ebensowenig ergaben sich Hinweise auf das verursachende Fahrzeug oder dessen Fahrer.<\/p>\n<p>* pm: Polizei Marburg<\/p>\n","protected":false},"excerpt":{"rendered":"<p>Eine Unfallflucht erfolgte zwischen Donnerstag (30. April) nach 13.30 Uhr und Freitag (1. Mai) vor 11 Uhr im Spiegelslustweg. Dort streifte ein unbekanntes Auto beim Vorbeifahren einen geparkten grauen Seat Ibiza.<\/p>\n","protected":false},"author":2,"featured_media":0,"comment_status":"closed","ping_status":"open","sticky":false,"template":"","format":"standard","meta":{"advanced_seo_description":"","spay_email":"","jetpack_publicize_message":"","jetpack_is_tweetstorm":false,"jetpack_publicize_feature_enabled":true},"categories":[6],"tags":[342,16,34],"jetpack_featured_media_url":"","jetpack_publicize_connections":[],"jetpack_sharing_enabled":true,"jetpack_shortlink":"https:\/\/wp.me\/p8mhvd-1jA","jetpack-related-posts":[{"id":12696,"url":"http:\/\/marburg.news\/?p=12696","url_meta":{"origin":5058,"position":0},"title":"Gegen Autos: Vier weitere F\u00e4lle von Unfallflucht","date":"30. Mai 2023","format":false,"excerpt":"Eine Unfallflucht erfolgte am Samstag (27. Mai) auf dem Lidl-Parkplatz in Wehrda. Der Unfall passierte zwischen 20 und 20.26 Uhr. Auf dem Lidl-Parkplatz im Industriegebiet Wehrda kollidierte ein noch unbekanntes Fahrzeug mit einem geparkten grauen Seat Alhambra. Hinten links an dem Familienvan entstand ein Schaden von - nach ersten Sch\u00e4tzungen\u2026","rel":"","context":"In &quot;Sonstiges&quot;","img":{"alt_text":"","src":"","width":0,"height":0},"classes":[]},{"id":451,"url":"http:\/\/marburg.news\/?p=451","url_meta":{"origin":5058,"position":1},"title":"Missf\u00e4llt mir: Vier F\u00e4lle von Unfallflucht","date":"27. April 2017","format":false,"excerpt":"Als der 43-j\u00e4hrige Fahrer am Dienstag (25. April) um 18.45 Uhr zu seinem schwarzen VW Golf zur\u00fcckkam, bemerkte er am Kotfl\u00fcgel vorne rechts einen frischen Unfallschaden. Niemand machte sich als Verursacher bemerkbar. Auch eine Nachricht am Auto fand der Besitzer nicht. Die Polizei ermittelt nun wegen Verkehrsunfallflucht. Der Unfall auf\u2026","rel":"","context":"In &quot;Sonstiges&quot;","img":{"alt_text":"","src":"","width":0,"height":0},"classes":[]},{"id":997,"url":"http:\/\/marburg.news\/?p=997","url_meta":{"origin":5058,"position":2},"title":"Tendenz zum Wegfahren: Unfallflucht ist kein Kavaliersdelikt","date":"22. August 2017","format":false,"excerpt":"Eine ungew\u00f6hnliche Unfallflucht hat sich am Samstag (19. August) um 11.15 Uhr auf dem gro\u00dfen Tegut-Parkplatz an der Marburger Stra\u00dfe ereignet. Ungew\u00f6hnlich ist sie, weil der Schaden an dem beteiligten wei\u00dfen 3er BMW Kombi durch eine unbekannte Fu\u00dfg\u00e4ngerin verursacht und von einem ebenfalls namentlich unbekannten Zeugen gemeldet wurde. Am Steuer\u2026","rel":"","context":"In &quot;Sonstiges&quot;","img":{"alt_text":"","src":"","width":0,"height":0},"classes":[]},{"id":13118,"url":"http:\/\/marburg.news\/?p=13118","url_meta":{"origin":5058,"position":3},"title":"F\u00fcnf f\u00fcr Flucht: Polizei sucht Zeugen von Unf\u00e4llen","date":"3. Juli 2023","format":false,"excerpt":"Gleich f\u00fcnf F\u00e4lle von Unfallflucht hat die Polizei Marburg am Montag (3. Juli) gemeldet. Sie sucht Zeugen und bittet um Hinweise. Die erste Unfallflucht erfolgte am Freitag (30. Juni) auf dem tegut-Parkplatz im Industriegebiet Wehrda. Wer hat dort zwischen 12.20 und 12.45 Uhr ein Fahrman\u00f6ver beobachtet, bei dem es zur\u2026","rel":"","context":"In &quot;Sonstiges&quot;","img":{"alt_text":"","src":"","width":0,"height":0},"classes":[]},{"id":1467,"url":"http:\/\/marburg.news\/?p=1467","url_meta":{"origin":5058,"position":4},"title":"Flucht bringt nichts: Fahrer nach Unfallflucht schnell ermittelt","date":"20. Dezember 2017","format":false,"excerpt":"Ein Unfall auf der Universit\u00e4tsstra\u00dfe blieb am Dienstag (19. Dezember) trotz hohen Gesamtschadens gl\u00fccklicherweise ohne Verletzte. Der mutma\u00dfliche Verursacher fl\u00fcchtete. Er fuhr unter Alkoholeinfluss und ohne im Besitz eines F\u00fchrerscheins zu sein. Der Unfall passierte kurz nach 23 Uhr. Ein 50-j\u00e4hriger Mann aus Marburg fuhr mit seinem Mercedes ML vom\u2026","rel":"","context":"In &quot;Sonstiges&quot;","img":{"alt_text":"","src":"","width":0,"height":0},"classes":[]},{"id":2210,"url":"http:\/\/marburg.news\/?p=2210","url_meta":{"origin":5058,"position":5},"title":"Alle abgehauen: Erneut sieben F\u00e4lle von Unfallflucht","date":"8. Mai 2018","format":false,"excerpt":"Genau rechtzeitig kehrte der Fahrer am Montag (7. Mai) zu seinem schwarzen VW Passat zur\u00fcck. Er bemerkte einen frischen Unfallschaden hinten rechts. Neben seinem Auto stand ein schwarzer Golf mit korrespondierenden Sch\u00e4den vorne links. Der Fahrer des Golfs hatte den Passat Kombi beim Einparken auf dem Parkplatz zwischen Alkoni und\u2026","rel":"","context":"In &quot;Sonstiges&quot;","img":{"alt_text":"","src":"","width":0,"height":0},"classes":[]}],"_links":{"self":[{"href":"http:\/\/marburg.news\/index.php?rest_route=\/wp\/v2\/posts\/5058"}],"collection":[{"href":"http:\/\/marburg.news\/index.php?rest_route=\/wp\/v2\/posts"}],"about":[{"href":"http:\/\/marburg.news\/index.php?rest_route=\/wp\/v2\/types\/post"}],"author":[{"embeddable":true,"href":"http:\/\/marburg.news\/index.php?rest_route=\/wp\/v2\/users\/2"}],"replies":[{"embeddable":true,"href":"http:\/\/marburg.news\/index.php?rest_route=%2Fwp%2Fv2%2Fcomments&post=5058"}],"version-history":[{"count":2,"href":"http:\/\/marburg.news\/index.php?rest_route=\/wp\/v2\/posts\/5058\/revisions"}],"predecessor-version":[{"id":5065,"href":"http:\/\/marburg.news\/index.php?rest_route=\/wp\/v2\/posts\/5058\/revisions\/5065"}],"wp:attachment":[{"href":"http:\/\/marburg.news\/index.php?rest_route=%2Fwp%2Fv2%2Fmedia&parent=5058"}],"wp:term":[{"taxonomy":"category","embeddable":true,"href":"http:\/\/marburg.news\/index.php?rest_route=%2Fwp%2Fv2%2Fcategories&post=5058"},{"taxonomy":"post_tag","embeddable":true,"href":"http:\/\/marburg.news\/index.php?rest_route=%2Fwp%2Fv2%2Ftags&post=5058"}],"curies":[{"name":"wp","href":"https:\/\/api.w.org\/{rel}","templated":true}]}}