{"id":4971,"date":"2020-04-14T13:18:48","date_gmt":"2020-04-14T11:18:48","guid":{"rendered":"http:\/\/marburg.news\/?p=4971"},"modified":"2020-04-14T13:18:48","modified_gmt":"2020-04-14T11:18:48","slug":"mit-messern-streit-eskalierte-am-richtsberg","status":"publish","type":"post","link":"http:\/\/marburg.news\/?p=4971","title":{"rendered":"Mit Messern: Streit eskalierte am richtsberg"},"content":{"rendered":"<p>Bei einer Auseinandersetzung zwischen zwei Gruppen erlitt ein 19-j\u00e4hriger Mann Schnitt- und Stichverletzungen. Nach \u00e4rztlichen Angaben ist sein Gesundheitszustand derzeit stabil <!--more--><br \/>\n\u00dcber weitere Verletzte hat die Polizei keine Erkenntnisse. Bislang stellte sie die Personalien von neun Zeugen und mutma\u00dflichen Beteiligten im Alter zwischen 17 und 19 Jahren fest und zwei Messer sicher. Zur Feststellung eines genauen Geschehensablaufs, der jeweiligen Tatbeteiligungen und des Grunds der Auseinandersetzung bedarf es weiterer Ermittlungen.<br \/>\nDer Vorfall ereignete sich in der Nacht zum Dienstag (14. April) gegen 3 Uhr im Eisenacher Weg an der Bushaltestelle &#8222;Astrid-Lindgren-Schule&#8220;. Zun\u00e4chst verbale Streitigkeiten gipfelten in einer Auseinandersetzung offenbar unter Nutzung der beiden sichergestellten Messer. Weitere Ausk\u00fcnfte zu dem Vorfall sind aufgrund der notwendigen umfangreichen Ermittlungen nicht vor n\u00e4chster Woche zu erwarten.<\/p>\n<p>* pm: Polizei Marburg<\/p>\n","protected":false},"excerpt":{"rendered":"<p>Bei einer Auseinandersetzung zwischen zwei Gruppen erlitt ein 19-j\u00e4hriger Mann Schnitt- und Stichverletzungen. Nach \u00e4rztlichen Angaben ist sein Gesundheitszustand derzeit stabil<\/p>\n","protected":false},"author":2,"featured_media":0,"comment_status":"closed","ping_status":"open","sticky":false,"template":"","format":"standard","meta":{"advanced_seo_description":"","spay_email":"","jetpack_publicize_message":"","jetpack_is_tweetstorm":false,"jetpack_publicize_feature_enabled":true},"categories":[6],"tags":[147,16,247],"jetpack_featured_media_url":"","jetpack_publicize_connections":[],"jetpack_sharing_enabled":true,"jetpack_shortlink":"https:\/\/wp.me\/p8mhvd-1ib","jetpack-related-posts":[{"id":6184,"url":"http:\/\/marburg.news\/?p=6184","url_meta":{"origin":4971,"position":0},"title":"Messer droht: Gef\u00e4hrlicher Streit in Parkhaus","date":"14. Dezember 2020","format":false,"excerpt":"Polizei und Rettungsdienst waren am Samstag (12. Dezember) gegen 16 Uhr nach einer Auseinandersetzung im Parkhaus an der Anneliese-Pohl-Allee im Einsatz. Nach ersten Erkenntnissen eskalierte ein zun\u00e4chst verbaler Streit zwischen einem 21-j\u00e4hrigen Armenier und einem 27-j\u00e4hrigen Iraner. Dabei erlitten beide Schlag- und Schnittverletzungen und bedurften \u00e4rztlicher Behandlung. Die Ermittlungen zu\u2026","rel":"","context":"In &quot;Sonstiges&quot;","img":{"alt_text":"","src":"","width":0,"height":0},"classes":[]},{"id":10217,"url":"http:\/\/marburg.news\/?p=10217","url_meta":{"origin":4971,"position":1},"title":"Streit in Stundentakt: Zwei Auseinandersetzungen mit Messer","date":"25. Juli 2022","format":false,"excerpt":"Gleich zwei Auseinandersetzungen in einer Stunde registrierte die Polizei Marburg in der Nacht zum Sonntag (24. Juli). Die erste war gegen 0.40 Uhr auf dem Hermann-Cohen-Weg. Auf diesem Fahrradweg entlang der Lahn gerieten nahe der Mensa ein Radfahrer und ein Fu\u00dfg\u00e4nger aneinander, wobei es zu lauten Beleidigungen und auch der\u2026","rel":"","context":"In &quot;Sonstiges&quot;","img":{"alt_text":"","src":"","width":0,"height":0},"classes":[]},{"id":379,"url":"http:\/\/marburg.news\/?p=379","url_meta":{"origin":4971,"position":2},"title":"Streit angeheizt: Jugendlichen mit Messer am Oberk\u00f6rper verletzt","date":"3. April 2017","format":false,"excerpt":"Eine zun\u00e4chst verbale Auseinandersetzung zwischen zwei jungen M\u00e4nnern eskalierte am Samstag (1. April) an den Lahnterrassen. Einer von ihnen erlitt dabei Verletzungen am Oberk\u00f6rper. Gegen 22.10 Uhr lief der Streit zwischen den 18 und 19 Jahre alten Kontrahenten in H\u00f6he des Hermann-Cohen-Wegs aus dem Ruder. Dabei setzte der \u00c4ltere nach\u2026","rel":"","context":"In &quot;Sonstiges&quot;","img":{"alt_text":"","src":"","width":0,"height":0},"classes":[]},{"id":576,"url":"http:\/\/marburg.news\/?p=576","url_meta":{"origin":4971,"position":3},"title":"Mit Messer zugestochen: Zwei Verletzte bei Streit an der Mensa","date":"7. Juni 2017","format":false,"excerpt":"Bei einer Auseinandersetzung an den Lahnterrassen erlitten zwei Personen am Samstag (3. Juni) leichte Verletzungen. Die genauen Hintergr\u00fcnde des Streits sowie der Geschehensablauf sind noch unklar. Ein Zeuge informierte die Polizei gegen 1.45 Uhr \u00fcber eine Schl\u00e4gerei in H\u00f6he des Haupteingangs zur Mensa, an der etwa 20 Personen beteiligt seien.\u2026","rel":"","context":"In &quot;Sonstiges&quot;","img":{"alt_text":"","src":"","width":0,"height":0},"classes":[]},{"id":14781,"url":"http:\/\/marburg.news\/?p=14781","url_meta":{"origin":4971,"position":4},"title":"Gef\u00e4ngnistour: Nach Messerstecherei in Obdachlosenunterkunft","date":"19. Januar 2024","format":false,"excerpt":"Eine handfeste Auseinandersetzung gab es am Donnerstag (18. Januar) in der Obdachlosenunterkunft an der Gisselberger Stra\u00dfe. Dabei war auch ein Messer im Spiel. Gegen 20.10 Uhr waren nach derzeitigem Ermittlungsstand zwei - offensichtlich alkoholisierte - M\u00e4nner in der Obdachlosenunterkunft zun\u00e4chst in einen verbalen Streit geraten, der in einer k\u00f6rperlichen Auseinandersetzung\u2026","rel":"","context":"In &quot;Sonstiges&quot;","img":{"alt_text":"","src":"","width":0,"height":0},"classes":[]},{"id":12298,"url":"http:\/\/marburg.news\/?p=12298","url_meta":{"origin":4971,"position":5},"title":"Ruhe bewahren: Streit eskalierte im Ginseldorfer Weg","date":"4. April 2023","format":false,"excerpt":"Zur Auseinandersetzung zwischen zwei Paketzustellern und mehreren Mitgliedern einer Familie kam es am Donnerstag (30. M\u00e4rz) Im Ginseldorfer Weg. Ausl\u00f6ser war wohl der Fahrstil vom Fahrer des Auslieferfahrzeugs eines Onlinehandels. Einn - sich auf die Stra\u00dfe verlagerndes - Wortgefecht lockte mehrere Familienmitglieder des Mannes an, der sich \u00fcber den Fahrstil\u2026","rel":"","context":"In &quot;Sonstiges&quot;","img":{"alt_text":"","src":"","width":0,"height":0},"classes":[]}],"_links":{"self":[{"href":"http:\/\/marburg.news\/index.php?rest_route=\/wp\/v2\/posts\/4971"}],"collection":[{"href":"http:\/\/marburg.news\/index.php?rest_route=\/wp\/v2\/posts"}],"about":[{"href":"http:\/\/marburg.news\/index.php?rest_route=\/wp\/v2\/types\/post"}],"author":[{"embeddable":true,"href":"http:\/\/marburg.news\/index.php?rest_route=\/wp\/v2\/users\/2"}],"replies":[{"embeddable":true,"href":"http:\/\/marburg.news\/index.php?rest_route=%2Fwp%2Fv2%2Fcomments&post=4971"}],"version-history":[{"count":0,"href":"http:\/\/marburg.news\/index.php?rest_route=\/wp\/v2\/posts\/4971\/revisions"}],"wp:attachment":[{"href":"http:\/\/marburg.news\/index.php?rest_route=%2Fwp%2Fv2%2Fmedia&parent=4971"}],"wp:term":[{"taxonomy":"category","embeddable":true,"href":"http:\/\/marburg.news\/index.php?rest_route=%2Fwp%2Fv2%2Fcategories&post=4971"},{"taxonomy":"post_tag","embeddable":true,"href":"http:\/\/marburg.news\/index.php?rest_route=%2Fwp%2Fv2%2Ftags&post=4971"}],"curies":[{"name":"wp","href":"https:\/\/api.w.org\/{rel}","templated":true}]}}