{"id":4929,"date":"2020-04-03T11:33:10","date_gmt":"2020-04-03T09:33:10","guid":{"rendered":"http:\/\/marburg.news\/?p=4929"},"modified":"2020-04-03T11:33:10","modified_gmt":"2020-04-03T09:33:10","slug":"flucht-vom-unfallort-betrunkene-autofahrerin-beschaedigte-bmw","status":"publish","type":"post","link":"http:\/\/marburg.news\/?p=4929","title":{"rendered":"Flucht vom Unfallort: Betrunkene Autofahrerin besch\u00e4digte BMW"},"content":{"rendered":"<p>Beim Ausparken fuhr eine Frau am Donnerstag (2. April) im Roten Graben gegen einen geparkten BMW. Dabei verursachte sie einen Schaden von 3.500 Euro. <!--more--><br \/>\nDie junge Frau unterhielt sich kurz nach dem Unfall um 21.45 Uhr noch mit einem Zeugen, war dann aber pl\u00f6tzlich mit ihrem Wagen verschwunden. Die Polizei traf die stark alkoholisierte Frau aus dem Landkreis wenig sp\u00e4ter in ihrer Wohnung an. Sie musste eine Blutentnahme erdulden und den F\u00fchrerschein abgeben.<\/p>\n<p>* pm: Polizei Marburg<\/p>\n","protected":false},"excerpt":{"rendered":"<p>Beim Ausparken fuhr eine Frau am Donnerstag (2. April) im Roten Graben gegen einen geparkten BMW. Dabei verursachte sie einen Schaden von 3.500 Euro.<\/p>\n","protected":false},"author":2,"featured_media":0,"comment_status":"closed","ping_status":"open","sticky":false,"template":"","format":"standard","meta":{"advanced_seo_description":"","spay_email":"","jetpack_publicize_message":"","jetpack_is_tweetstorm":false,"jetpack_publicize_feature_enabled":true},"categories":[6],"tags":[293,16,34],"jetpack_featured_media_url":"","jetpack_publicize_connections":[],"jetpack_sharing_enabled":true,"jetpack_shortlink":"https:\/\/wp.me\/p8mhvd-1hv","jetpack-related-posts":[{"id":1548,"url":"http:\/\/marburg.news\/?p=1548","url_meta":{"origin":4929,"position":0},"title":"Bedroht: Schaden am Dach nach Unterqueren von Br\u00fccke","date":"10. Januar 2018","format":false,"excerpt":"Mit ihrem BMW war eine 59-j\u00e4hrige Frau am Montag (8. Januar) auf der Stadtautobahn B3A unterwegs. Auf der Fu\u00dfg\u00e4ngerbr\u00fccke am S\u00fcdbahnhof sah sie zwei dunkel gekleidete Personen am Gel\u00e4nder stehen. Sie schauten auf die Fahrbahn. Beim Durchfahren der Br\u00fccke in Fahrtrichtung Kassel bemerkte die Frau zwischen 17.30 und 18 Uhr\u2026","rel":"","context":"In &quot;Sonstiges&quot;","img":{"alt_text":"","src":"","width":0,"height":0},"classes":[]},{"id":15276,"url":"http:\/\/marburg.news\/?p=15276","url_meta":{"origin":4929,"position":1},"title":"An der Pistole: BMW-Fahrer l\u00f6ste Polizeieinsatz aus","date":"25. M\u00e4rz 2024","format":false,"excerpt":"Einen Polizeieinsatz l\u00f6ste ein 20-j\u00e4hriger Mann am Samstag (23. M\u00e4rz) aus. Mit einer vermeintlichen Pistole hhatte er aus seinem BMW heraus auf zwei Personen gezielt. Gegen 17.40 Uhr alarmierte eine Autofahrerin die Polizei. Sie war gemeinsam mit ihrem Kind auf der Stadtautobahn B3A in Richtung Norden unterwegs. In H\u00f6he des\u2026","rel":"","context":"In &quot;Sonstiges&quot;","img":{"alt_text":"","src":"","width":0,"height":0},"classes":[]},{"id":3031,"url":"http:\/\/marburg.news\/?p=3031","url_meta":{"origin":4929,"position":2},"title":"0 Euro Schaden: BMW-Fahrer bedr\u00e4ngte Fu\u00dfg\u00e4ngerin am Rotenberg","date":"4. Februar 2019","format":false,"excerpt":"Die Polizei sucht Zeugen eines Vorfalls am Freitag (1. Februar) gegen 15.40 Uhr am Rotenberg. Beteiligt waren der Fahrer eines BMW und eine Fu\u00dfg\u00e4ngerin, die ihren angeleinten Hund f\u00fchrte. Es geht um das Fahrverhalten des auff\u00e4llig schmutzigen schwarzen BMW Kombi mit \"WW\"-Kennzeichen gegen\u00fcber der auf der Stra\u00dfe gehenden Frau und\u2026","rel":"","context":"In &quot;Sonstiges&quot;","img":{"alt_text":"","src":"","width":0,"height":0},"classes":[]},{"id":424,"url":"http:\/\/marburg.news\/?p=424","url_meta":{"origin":4929,"position":3},"title":"Kollision in Cappel: vier Leichtverletzte auf Kreuzung","date":"19. April 2017","format":false,"excerpt":"Vier leicht verletzte Personen und ein Sachschaden von 27.000 Euro sind die Bilanz einer Kollision am Montag (17. April). Sie ereignete sich um 11.35 Uhr im Kreuzungsbereich Cappeler Stra\u00dfe\/Beltersh\u00e4user Stra\u00dfe. Eine 41-j\u00e4hrige Skoda-Fahrerin fuhr mit einer 58-j\u00e4hrigen Frau als Beifahrerin von der S\u00fcdspange in Richtung Beltersh\u00e4user Stra\u00dfe. Wie der Polizei\u2026","rel":"","context":"In &quot;Sonstiges&quot;","img":{"alt_text":"","src":"","width":0,"height":0},"classes":[]},{"id":2561,"url":"http:\/\/marburg.news\/?p=2561","url_meta":{"origin":4929,"position":4},"title":"BMW besch\u00e4digt: Frau fand Spuren an T\u00fcrschloss","date":"22. August 2018","format":false,"excerpt":"Ein silberner BMW Mini stand am Freitag (10. August) nur knapp 45 Minuten in der Landgraf-Philipp-Stra\u00dfe. Als die Fahrerin um 19.45 Uhr zu ihrem Auto kam, bemerkte sie das besch\u00e4digte T\u00fcrschloss auf der Fahrerseite. Die Griffverkleidung war abgerissen und das Schloss vermutlich durch Einstechen unbrauchbar. Der Gesamtschaden an dem Mini\u2026","rel":"","context":"In &quot;Sonstiges&quot;","img":{"alt_text":"","src":"","width":0,"height":0},"classes":[]},{"id":4339,"url":"http:\/\/marburg.news\/?p=4339","url_meta":{"origin":4929,"position":5},"title":"Auto gegen Fu\u00dfg\u00e4ngerin: Gleich zwei gef\u00e4hrlich r\u00fccksichtslose Fahrer","date":"23. Oktober 2019","format":false,"excerpt":"Nach einem nicht allt\u00e4glichen Vorfall am Dienstag (22. Oktober) auf dem Parkplatz des Tegut-Markts an der Marburger Stra\u00dfe sucht die Polizei weitere Zeugen. Zum Geschehensablauf machten die Beteiligten unterschiedliche Angaben. Fakt ist derzeit nur, dass eine junge Frau nach dem Verlassen eines Gesch\u00e4fts um 13.10 Uhr die Fahrspur des Parkplatzes\u2026","rel":"","context":"In &quot;Sonstiges&quot;","img":{"alt_text":"","src":"","width":0,"height":0},"classes":[]}],"_links":{"self":[{"href":"http:\/\/marburg.news\/index.php?rest_route=\/wp\/v2\/posts\/4929"}],"collection":[{"href":"http:\/\/marburg.news\/index.php?rest_route=\/wp\/v2\/posts"}],"about":[{"href":"http:\/\/marburg.news\/index.php?rest_route=\/wp\/v2\/types\/post"}],"author":[{"embeddable":true,"href":"http:\/\/marburg.news\/index.php?rest_route=\/wp\/v2\/users\/2"}],"replies":[{"embeddable":true,"href":"http:\/\/marburg.news\/index.php?rest_route=%2Fwp%2Fv2%2Fcomments&post=4929"}],"version-history":[{"count":0,"href":"http:\/\/marburg.news\/index.php?rest_route=\/wp\/v2\/posts\/4929\/revisions"}],"wp:attachment":[{"href":"http:\/\/marburg.news\/index.php?rest_route=%2Fwp%2Fv2%2Fmedia&parent=4929"}],"wp:term":[{"taxonomy":"category","embeddable":true,"href":"http:\/\/marburg.news\/index.php?rest_route=%2Fwp%2Fv2%2Fcategories&post=4929"},{"taxonomy":"post_tag","embeddable":true,"href":"http:\/\/marburg.news\/index.php?rest_route=%2Fwp%2Fv2%2Ftags&post=4929"}],"curies":[{"name":"wp","href":"https:\/\/api.w.org\/{rel}","templated":true}]}}