{"id":4919,"date":"2020-04-01T17:23:59","date_gmt":"2020-04-01T15:23:59","guid":{"rendered":"http:\/\/marburg.news\/?p=4919"},"modified":"2020-04-01T17:23:59","modified_gmt":"2020-04-01T15:23:59","slug":"diebe-diebe-mehrfamilien-und-reihenhaus-im-visier","status":"publish","type":"post","link":"http:\/\/marburg.news\/?p=4919","title":{"rendered":"Diebe, Diebe: Mehrfamilien- und Reihenhaus im Visier"},"content":{"rendered":"<p>Ger\u00e4usche an der Terrassent\u00fcr rissen einen Hausbewohner in der Nacht auf Mittwoch (1. April) im Hohlweg aus dem Schlaf. Der Wohnungsinhaber schaltete gegen 2 Uhr die Au\u00dfenbeleuchtung an und sah den mutma\u00dflichen Einbrecher. <!--more--><br \/>\nDer Unbekannte suchte sofort das Weite. Er ist zirka 1,75 Meter gro\u00df und schlank. Er trug denganliegende dunkle Bekleidung sowie eine Sturmhaube.<br \/>\nEin ungebetener Gast trieb sich am Montag (30. M\u00e4rz) in einem Mehrfamilienhaus &#8222;Am Erlengraben&#8220; herum. Er verschaffte sich zwischen 8 und 18 Uhr gewaltsam Zugang in einen Kellerverschlag und stahl zwei Flaschen Bier. Auf dem Dachboden suchte er vergeblich nach geeigneter Beute.<\/p>\n<p>* pm: Polizei Marburg<\/p>\n","protected":false},"excerpt":{"rendered":"<p>Ger\u00e4usche an der Terrassent\u00fcr rissen einen Hausbewohner in der Nacht auf Mittwoch (1. April) im Hohlweg aus dem Schlaf. Der Wohnungsinhaber schaltete gegen 2 Uhr die Au\u00dfenbeleuchtung an und sah den mutma\u00dflichen Einbrecher.<\/p>\n","protected":false},"author":2,"featured_media":0,"comment_status":"closed","ping_status":"open","sticky":false,"template":"","format":"standard","meta":{"advanced_seo_description":"","spay_email":"","jetpack_publicize_message":"","jetpack_is_tweetstorm":false,"jetpack_publicize_feature_enabled":true},"categories":[6],"tags":[29,39,16],"jetpack_featured_media_url":"","jetpack_publicize_connections":[],"jetpack_sharing_enabled":true,"jetpack_shortlink":"https:\/\/wp.me\/p8mhvd-1hl","jetpack-related-posts":[{"id":2441,"url":"http:\/\/marburg.news\/?p=2441","url_meta":{"origin":4919,"position":0},"title":"Scheiben besch\u00e4digt: Einbruch in Institut und zwei Diebst\u00e4hle","date":"18. Juli 2018","format":false,"excerpt":"Mehrere Scheiben eines Instituts an der Karl-von-Frisch-Stra\u00dfe warf ein Wohnsitzloser in der Nacht auf Mittwoch (18. Juli) ein. Der 69-j\u00e4hrige Mann wurde vom Sicherheitsdienst im Inneren angetroffen und der Polizei \u00fcbergeben. Wahrscheinlich suchte der leicht verwirrte Senior in der Nacht nach einem geeigneten Schlafplatz. Nach den beh\u00f6rdlichen Ma\u00dfnahmen wurde er\u2026","rel":"","context":"In &quot;Sonstiges&quot;","img":{"alt_text":"","src":"","width":0,"height":0},"classes":[]},{"id":1330,"url":"http:\/\/marburg.news\/?p=1330","url_meta":{"origin":4919,"position":1},"title":"Diebst\u00e4hle in Marburg: Seniorin betrogen und eingebrochen","date":"17. November 2017","format":false,"excerpt":"Immer wieder schaffen es erfinderische Diebe, arglose Menschen um ihr Hab und Gut zu bringen. In der Regel sind \u00e4ltere Menschen von der perfiden Vorgehensweise betroffen. Am Donnerstag (16. November) traf es eine 79 Jahre alte Frau \"Auf der Weide\". Der etwa 30 bis 35 Jahre alte T\u00e4ter suchte die\u2026","rel":"","context":"In &quot;Sonstiges&quot;","img":{"alt_text":"","src":"","width":0,"height":0},"classes":[]},{"id":13885,"url":"http:\/\/marburg.news\/?p=13885","url_meta":{"origin":4919,"position":2},"title":"Tatort Waldorfschule: Erneut drei F\u00e4lle von Diebstahl","date":"25. September 2023","format":false,"excerpt":"Einen Einbruch in die Waldorfschule meldete die Polizei am Montag (25. September). Dabei hatten es die T\u00e4ter Auf einen Fernseher abgesehen. Die Unbekannten verschafften sich zwischen Samstag (23. September) nach 16.30 Uhr und Sonntag (24. September) vor 14.30 Uhr Zugang \u00fcber die Eingangst\u00fcr. Im Geb\u00e4ude der Schule an der Ockersh\u00e4user\u2026","rel":"","context":"In &quot;Sonstiges&quot;","img":{"alt_text":"","src":"","width":0,"height":0},"classes":[]},{"id":7136,"url":"http:\/\/marburg.news\/?p=7136","url_meta":{"origin":4919,"position":3},"title":"Fahrer fl\u00fcchtig: Unf\u00e4lle in Cappel und Wehrda","date":"31. Mai 2021","format":false,"excerpt":"Ein Wendeman\u00f6ver misslang zwischen Freitag (28. Mai) nach 8 Uhr und Samstag (29. Mai) vor 20.30 Uhr. In der Stra\u00dfe \"Zum Neuen Hieb\" touchierte ein Unbekannter ein Garagentor. Er k\u00fcmmerte sich jedoch nicht weiter um den Schaden von 2.000 Euro. Er hatte ihn in der Einfahrt zur Garage verursacht. einen\u2026","rel":"","context":"In &quot;Sonstiges&quot;","img":{"alt_text":"","src":"","width":0,"height":0},"classes":[]},{"id":17944,"url":"http:\/\/marburg.news\/?p=17944","url_meta":{"origin":4919,"position":4},"title":"Fahndung: Unfallflucht mit Kind im Auto","date":"5. Mai 2025","format":false,"excerpt":"Auf dem Lidl-Parkplatz an der Tom-Mutters-Stra\u00dfe \u00fcbersah ein Autofahrer beim Ausparken offenbar einen Peugeot. Dessen Fahrerin suchte gerade einen Parkplatz. Der Unbekannte parkte am Freitag (2. Mai) gegen 16.05 Uhr r\u00fcckw\u00e4rts aus. Dabei touchierte er den Peugeot und entfernte sich, ohne sich um den Schaden von etwa 100 Euro zu\u2026","rel":"","context":"In &quot;Sonstiges&quot;","img":{"alt_text":"","src":"","width":0,"height":0},"classes":[]},{"id":2635,"url":"http:\/\/marburg.news\/?p=2635","url_meta":{"origin":4919,"position":5},"title":"Auf und davon: Autodiebstahl, Einbruch und Unfallflucht","date":"17. September 2018","format":false,"excerpt":"Vom Hof eines Autoh\u00e4ndlers an der Aff\u00f6llerstra\u00dfe verschwand am Samstag (15. September) gegen 2.50 Uhr ein wei\u00dfer BMW 328i. Der Wagen hat einen Wert von 18.000 Euro. Da die Diebe nicht \u00fcber die Hauptzufahrt fl\u00fcchten konnten, machten sie sich mit dem nicht zugelassenen Wagen \u00fcber die R\u00fcckseite auf und davon.\u2026","rel":"","context":"In &quot;Sonstiges&quot;","img":{"alt_text":"","src":"","width":0,"height":0},"classes":[]}],"_links":{"self":[{"href":"http:\/\/marburg.news\/index.php?rest_route=\/wp\/v2\/posts\/4919"}],"collection":[{"href":"http:\/\/marburg.news\/index.php?rest_route=\/wp\/v2\/posts"}],"about":[{"href":"http:\/\/marburg.news\/index.php?rest_route=\/wp\/v2\/types\/post"}],"author":[{"embeddable":true,"href":"http:\/\/marburg.news\/index.php?rest_route=\/wp\/v2\/users\/2"}],"replies":[{"embeddable":true,"href":"http:\/\/marburg.news\/index.php?rest_route=%2Fwp%2Fv2%2Fcomments&post=4919"}],"version-history":[{"count":0,"href":"http:\/\/marburg.news\/index.php?rest_route=\/wp\/v2\/posts\/4919\/revisions"}],"wp:attachment":[{"href":"http:\/\/marburg.news\/index.php?rest_route=%2Fwp%2Fv2%2Fmedia&parent=4919"}],"wp:term":[{"taxonomy":"category","embeddable":true,"href":"http:\/\/marburg.news\/index.php?rest_route=%2Fwp%2Fv2%2Fcategories&post=4919"},{"taxonomy":"post_tag","embeddable":true,"href":"http:\/\/marburg.news\/index.php?rest_route=%2Fwp%2Fv2%2Ftags&post=4919"}],"curies":[{"name":"wp","href":"https:\/\/api.w.org\/{rel}","templated":true}]}}