{"id":4757,"date":"2020-02-24T15:18:44","date_gmt":"2020-02-24T14:18:44","guid":{"rendered":"http:\/\/marburg.news\/?p=4757"},"modified":"2020-02-24T15:18:44","modified_gmt":"2020-02-24T14:18:44","slug":"andauernd-anstoessig-erneut-drei-faelle-von-unfallflucht","status":"publish","type":"post","link":"http:\/\/marburg.news\/?p=4757","title":{"rendered":"Andauernd anst\u00f6\u00dfig: Erneut drei F\u00e4lle von Unfallflucht"},"content":{"rendered":"<p>Entweder auf dem Parkplatz einer Gastst\u00e4tte an der Gutenbergstra\u00dfe oder aber vor dem Anwesen Ockersh\u00e4user Allee 51 war der Ort eines Unfalls. An einem dieser Orte entstand am Donnerstag (20. Februar) zwischen 12.50 und 13.30 Uhr ein Schaden an der Beifahrert\u00fcr eines Audi Q3. <!--more--><br \/>\nDer Schaden betr\u00e4gt mindestens 1.000 Euro. Hinweise auf einen Verursacher oder ein beteiligtes Fahrzeug ergaben sich nicht.<br \/>\nBemerkt hat die Fahrerin eines schwarzen Mietwagens den Unfallschaden am Samstag (22. Februar) gegen 13.20 Uhr auf dem Parkplatz eines Lebensmittelgesch\u00e4fts an der Ferniestra\u00dfe in Gie\u00dfen. Bei der Unfallaufnahme stellte sich allerdings heraus, dass der frische Schaden nicht dort entstanden sein kann.<br \/>\nAls Unfallstelle kommt daher nur der gr\u00f6\u00dfere Parkplatz am Schloss in Marburg in Betracht, das die Touristin am Vormittag besucht hatte. Der schwarze Mietwagen parkte zwischen 9 und 12 Uhr am Schloss. Der Schaden befindet sich hinten rechts an dem Opel Astra mit M\u00fcnchener Kennzeichen und bel\u00e4uft sich auf vermutlich mindestens 2.500 Euro.<br \/>\nIn einer der Parkbuchten vor dem Anwesen D\u00f6rfflerstra\u00dfe 17 parkte von Freitag (21. Februar) nach 9 Uhr und Samstag (22. Februar) vor 1 Uhr ein schwarzer BMW der 5er Reihe. Auf unbekannte Weise entstand in dieser Zeit am Kotfl\u00fcgel vorne links und der Fahrert\u00fcr ein Unfallschaden von mindestens 500 Euro. Bislang ergaben sich weder Hinweise auf das beteiligte Auto, noch auf dessen Fahrer oder Fahrerin.<\/p>\n<p>* pm: Polizei Marburg<\/p>\n","protected":false},"excerpt":{"rendered":"<p>Entweder auf dem Parkplatz einer Gastst\u00e4tte an der Gutenbergstra\u00dfe oder aber vor dem Anwesen Ockersh\u00e4user Allee 51 war der Ort eines Unfalls. An einem dieser Orte entstand am Donnerstag (20. Februar) zwischen 12.50 und 13.30 Uhr ein Schaden an der <a class=\"more-link\" href=\"http:\/\/marburg.news\/?p=4757\">weiterlesen  <span class=\"screen-reader-text\">  Andauernd anst\u00f6\u00dfig: Erneut drei F\u00e4lle von Unfallflucht<\/span><span class=\"meta-nav\">&rarr;<\/span><\/a><\/p>\n","protected":false},"author":2,"featured_media":0,"comment_status":"closed","ping_status":"open","sticky":false,"template":"","format":"standard","meta":{"advanced_seo_description":"","spay_email":"","jetpack_publicize_message":"","jetpack_is_tweetstorm":false,"jetpack_publicize_feature_enabled":true},"categories":[6],"tags":[151,16,34],"jetpack_featured_media_url":"","jetpack_publicize_connections":[],"jetpack_sharing_enabled":true,"jetpack_shortlink":"https:\/\/wp.me\/p8mhvd-1eJ","jetpack-related-posts":[{"id":4686,"url":"http:\/\/marburg.news\/?p=4686","url_meta":{"origin":4757,"position":0},"title":"Sch\u00e4den an Autos: Erneut drei F\u00e4lle von Unfallflucht","date":"3. Februar 2020","format":false,"excerpt":"500 Euro Schaden beklagt die Besitzerin eines Mitsubishi nach einem Unfall an Samstag (1. Februar). Der orangefarbene \"Space Star\" parkte zwischen 11.45 und 12.30 Uhr auf dem Parkplatz eines Einkaufsmarkts an der Tom-Mutters-Stra\u00dfe. Als die Frau zu ihrem Wagen zur\u00fcckkam, war er an der hinteren Sto\u00dfstange besch\u00e4digt. Vermutlich handelt es\u2026","rel":"","context":"In &quot;Sonstiges&quot;","img":{"alt_text":"","src":"","width":0,"height":0},"classes":[]},{"id":4784,"url":"http:\/\/marburg.news\/?p=4784","url_meta":{"origin":4757,"position":1},"title":"F\u00fcnfmal Unfallflucht: Sch\u00e4den von mehreren tausend Euro","date":"3. M\u00e4rz 2020","format":false,"excerpt":"Obwohl Zeugen den Fahrer eines silbernen Honda ansprachen, fuhr er davon, ohne sich um den entstandenen Schaden zu k\u00fcmmern. Der Unfall passierte am Mittwoch (26. Februar) um 6 Uhr in der Friedrich-Ebert-Stra\u00dfe. Der Honda hatte einen geparkten blauen BMW Kombi gestreift und dabei hinten links leicht besch\u00e4digt. Dank der Zeugenaussagen\u2026","rel":"","context":"In &quot;Sonstiges&quot;","img":{"alt_text":"","src":"","width":0,"height":0},"classes":[]},{"id":1760,"url":"http:\/\/marburg.news\/?p=1760","url_meta":{"origin":4757,"position":2},"title":"Fahrt frei: Unfallflucht und Sachbesch\u00e4digung an Autos","date":"27. Februar 2018","format":false,"excerpt":"Einer Unfallflucht wird ein 30 Jahre alter Mann verd\u00e4chtigt. Er war weggefahren, obwohl eine Zeugin ihn auf den Unfall und den Schaden aufmerksam gemacht hatte. Die Zeugin sah vorher, dass der Mann beim r\u00fcckw\u00e4rts Ausparken mit seinem BMW gegen einen grauen Opel Zafira stie\u00df. Sowohl am Opel als auch am\u2026","rel":"","context":"In &quot;Sonstiges&quot;","img":{"alt_text":"","src":"","width":0,"height":0},"classes":[]},{"id":4723,"url":"http:\/\/marburg.news\/?p=4723","url_meta":{"origin":4757,"position":3},"title":"Gut gehandelt: Unfallflucht in Cappel und Ockershausen","date":"13. Februar 2020","format":false,"excerpt":"Dank einer aufmerksamen Zeugin bleibt die Besitzerin eines wei\u00dfen Elektro VW UP nicht auf dem Schaden durch eine Unfallflucht h\u00e4ngen. Ein schwarzer Wagen besch\u00e4digte offenbar bei einem Parkman\u00f6ver auf dem Tegut-Parkplatz den an der dortigen E-Zapfs\u00e4ule abgestellten VW. Bei der leichten Kollision entstand am vorderen linken Kotfl\u00fcgel des Elektroautos ein\u2026","rel":"","context":"In &quot;Sonstiges&quot;","img":{"alt_text":"","src":"","width":0,"height":0},"classes":[]},{"id":4015,"url":"http:\/\/marburg.news\/?p=4015","url_meta":{"origin":4757,"position":4},"title":"Alle Vorsicht vergessen: Erneut drei F\u00e4lle von Unfallflucht","date":"12. Juli 2019","format":false,"excerpt":"Wer die Autot\u00fcr unachtsam \u00f6ffnet und dabei einen Schaden hinterl\u00e4sst, verursacht einen Verkehrsunfall. Wer danach davonf\u00e4hrt, ohne den Schaden zu regulieren oder die Polizei anzurufen, muss mit strafrechtlichen Konsequenzen wegen Verkehrsunfallflucht rechnen!\" Zwischen Donnerstag (11. Juli) nach 18.50 Uhr und Freitag (12. Juli) vor 9.10 Uhr ereignete sich genau eine\u2026","rel":"","context":"In &quot;Sonstiges&quot;","img":{"alt_text":"","src":"","width":0,"height":0},"classes":[]},{"id":8852,"url":"http:\/\/marburg.news\/?p=8852","url_meta":{"origin":4757,"position":5},"title":"Schaden am Auto: Unfallflucht auf Parkplatz beim G-Werk","date":"28. Februar 2022","format":false,"excerpt":"Eine Unfallflucht meldete die Polizei am Montag (28. Februar) Passiert ist der Unfall am Sonntag (27. Februar) zwischen 11 und 13.10 Uhr auf dem Parkplatz beim Alten Gaswerk an den Aff\u00f6llerwiesen. Vermutlich beim Ein- oder Ausparken kollidierte ein noch unbekanntes Auto mit der hinteren linken Ecke eines wei\u00dfen VW Touran.\u2026","rel":"","context":"In &quot;Sonstiges&quot;","img":{"alt_text":"","src":"","width":0,"height":0},"classes":[]}],"_links":{"self":[{"href":"http:\/\/marburg.news\/index.php?rest_route=\/wp\/v2\/posts\/4757"}],"collection":[{"href":"http:\/\/marburg.news\/index.php?rest_route=\/wp\/v2\/posts"}],"about":[{"href":"http:\/\/marburg.news\/index.php?rest_route=\/wp\/v2\/types\/post"}],"author":[{"embeddable":true,"href":"http:\/\/marburg.news\/index.php?rest_route=\/wp\/v2\/users\/2"}],"replies":[{"embeddable":true,"href":"http:\/\/marburg.news\/index.php?rest_route=%2Fwp%2Fv2%2Fcomments&post=4757"}],"version-history":[{"count":0,"href":"http:\/\/marburg.news\/index.php?rest_route=\/wp\/v2\/posts\/4757\/revisions"}],"wp:attachment":[{"href":"http:\/\/marburg.news\/index.php?rest_route=%2Fwp%2Fv2%2Fmedia&parent=4757"}],"wp:term":[{"taxonomy":"category","embeddable":true,"href":"http:\/\/marburg.news\/index.php?rest_route=%2Fwp%2Fv2%2Fcategories&post=4757"},{"taxonomy":"post_tag","embeddable":true,"href":"http:\/\/marburg.news\/index.php?rest_route=%2Fwp%2Fv2%2Ftags&post=4757"}],"curies":[{"name":"wp","href":"https:\/\/api.w.org\/{rel}","templated":true}]}}