{"id":4577,"date":"2020-01-02T10:36:43","date_gmt":"2020-01-02T09:36:43","guid":{"rendered":"http:\/\/marburg.news\/?p=4577"},"modified":"2020-01-04T21:49:46","modified_gmt":"2020-01-04T20:49:46","slug":"gefluechtet-unfaelle-in-cappel-und-der-temmlerstrasse","status":"publish","type":"post","link":"http:\/\/marburg.news\/?p=4577","title":{"rendered":"Gefl\u00fcchtet: Unf\u00e4lle in Cappel und der Temmlerstra\u00dfe"},"content":{"rendered":"<p>Einen schwarzen Skoda Superb touchierte ein Auto zwischen Donnerstag (26. Dezember) nach 18 Uhr und Freitag (27. Dezember) vor 12 Uhr in der Raiffeisenstra\u00dfe. Bei dem leichten Rempler auf dem Parkplatz eines Mehrfamilienhauses entstand an der hinteren Sto\u00dfstange ein Schaden von 500 Euro.<!--more--><br \/>\nIn der Temmlerstra\u00dfe touchierte ein Auto am Montag (30. Dezember) zwischen 12 und 14 Uhr den Au\u00dfenspiegel eines geparkten Ford Fusion. Der Schaden betr\u00e4gt 150 Euro.<\/p>\n<p>* pm: Polizei Marburg<\/p>\n","protected":false},"excerpt":{"rendered":"<p>Einen schwarzen Skoda Superb touchierte ein Auto zwischen Donnerstag (26. Dezember) nach 18 Uhr und Freitag (27. Dezember) vor 12 Uhr in der Raiffeisenstra\u00dfe. Bei dem leichten Rempler auf dem Parkplatz eines Mehrfamilienhauses entstand an der hinteren Sto\u00dfstange ein Schaden <a class=\"more-link\" href=\"http:\/\/marburg.news\/?p=4577\">weiterlesen  <span class=\"screen-reader-text\">  Gefl\u00fcchtet: Unf\u00e4lle in Cappel und der Temmlerstra\u00dfe<\/span><span class=\"meta-nav\">&rarr;<\/span><\/a><\/p>\n","protected":false},"author":2,"featured_media":0,"comment_status":"closed","ping_status":"open","sticky":false,"template":"","format":"standard","meta":{"advanced_seo_description":"","spay_email":"","jetpack_publicize_message":"","jetpack_is_tweetstorm":false,"jetpack_publicize_feature_enabled":true},"categories":[6],"tags":[151,16,34],"jetpack_featured_media_url":"","jetpack_publicize_connections":[],"jetpack_sharing_enabled":true,"jetpack_shortlink":"https:\/\/wp.me\/p8mhvd-1bP","jetpack-related-posts":[{"id":2625,"url":"http:\/\/marburg.news\/?p=2625","url_meta":{"origin":4577,"position":0},"title":"Auf Parkpl\u00e4tzen: Unf\u00e4lle an Stadion und Temmlerstra\u00dfe","date":"11. September 2018","format":false,"excerpt":"Beim Ein- oder Ausparken touchierte ein Auto zwischen Samstag (8. September) nach 15 Uhr und Montag (10. September) vor 7.10 Uhr einen blauen Renault Twingo vorne links. Der Unfall passierte sich auf dem Parkplatz des Georg-Ga\u00dfmann-Stadions. Der Schaden betr\u00e4gt 1.000 Euro. Hinten rechts gegen einen blauen Daimler Chrysler stie\u00df ein\u2026","rel":"","context":"In &quot;Sonstiges&quot;","img":{"alt_text":"","src":"","width":0,"height":0},"classes":[]},{"id":4570,"url":"http:\/\/marburg.news\/?p=4570","url_meta":{"origin":4577,"position":1},"title":"Am Lack: 7.000 Euro Schaden bei Unfallflucht und Vandalismus","date":"30. Dezember 2019","format":false,"excerpt":"Einen Schaden von 3000 Euro hinterlie\u00df ein Autofahrer am Montag (23. Dezember) in Wehrda. Er touchierte die Beifahrerseite eines silbernen BMW. Anschlie\u00dfend suchte der Unbekannte das Weite. Der Unfall passierte zwischen 15 und 16.45 Uhr auf dem Parkplatz der Firma \"Begro\" an der Industriestra\u00dfe. In der Cappeler Stra\u00dfe zerkratzte ein\u2026","rel":"","context":"In &quot;Sonstiges&quot;","img":{"alt_text":"","src":"","width":0,"height":0},"classes":[]},{"id":1484,"url":"http:\/\/marburg.news\/?p=1484","url_meta":{"origin":4577,"position":2},"title":"H\u00f6he am H\u00f6henweg: Feuer, Brandstiftung und Vandalismus","date":"27. Dezember 2017","format":false,"excerpt":"Mehrere Holzpaletten gingen am Mittwoch (27. Dezember) gegen 5.25 Uhr vor einer Diskothek an der Temmlerstra\u00dfe in Flammen auf. Die Feuerwehr l\u00f6schte den Bran. Durch das Feuer entstand lediglich am Au\u00dfenputz des Geb\u00e4udes ein Sachschaden. Die Ermittlungen zur Brandursache waren am Mittwochmittag noch nicht abgeschlossen. Mehrere gelbe S\u00e4cke brannten am\u2026","rel":"","context":"In &quot;Sonstiges&quot;","img":{"alt_text":"","src":"","width":0,"height":0},"classes":[]},{"id":156,"url":"http:\/\/marburg.news\/?p=156","url_meta":{"origin":4577,"position":3},"title":"Zerst\u00f6rt: Verkehrskontrollen und Unfallflucht","date":"13. Februar 2017","format":false,"excerpt":"Ohne F\u00fchrerschein und unter Alkoholeinfluss verursachte ein 20-j\u00e4hriger Autofahrer in der Nacht zum Sonntag (12. Februar) in der Zeppelinstra\u00dfe einen Unfall. Der junge Mann touchierte den Au\u00dfenspiegel eines Mazdas und fuhr anschlie\u00dfend weiter. Der Mazda-Fahrer folgte dem mutma\u00dflichen Verursacher und hielt ihn bis zum Eintreffen der Polizei fest. Die Ordnungsh\u00fcter\u2026","rel":"","context":"In &quot;Sonstiges&quot;","img":{"alt_text":"","src":"","width":0,"height":0},"classes":[]},{"id":17103,"url":"http:\/\/marburg.news\/?p=17103","url_meta":{"origin":4577,"position":4},"title":"Unfallflucht in Marburg: Tatorte Biegenstra\u00dfe und Richtsberg","date":"6. Dezember 2024","format":false,"excerpt":"Auf einem Privatparkplatz an der Biegenstra\u00dfe touchierte ein Auto einen wei\u00dfen Opel Insignia. Dadurch entstand am Donnerstag (5. Dezember) zwischen 16 und 18.30 Uhr ein Schaden von etwa 500 Euro. Anstatt sich darum zu k\u00fcmmern, fl\u00fcchtete der Unbekannte unerlaubt. Der Parkplatz liegt hinter dem Kopierladen neben der Hotelzufahrt. Ein anderes\u2026","rel":"","context":"In &quot;Sonstiges&quot;","img":{"alt_text":"","src":"","width":0,"height":0},"classes":[]},{"id":8414,"url":"http:\/\/marburg.news\/?p=8414","url_meta":{"origin":4577,"position":5},"title":"Fl\u00fcchten ist am d\u00fcmmsten: 1.500 Euro Schaden an Auto in der Liebigstra\u00dfe","date":"20. Dezember 2021","format":false,"excerpt":"Einen geparkten Audi touchierte ein Auto zwischen Freitag (17. Dezember) nach 20.15 Uhr und Samstag (18. Dezember) vor 13.15 Uhr in der Liebigstra\u00dfe. Dabei verursachte der unbekannte Fahrer einen Schaden von 1.500 Euro. * pm: Polizei Marburg","rel":"","context":"In &quot;Sonstiges&quot;","img":{"alt_text":"","src":"","width":0,"height":0},"classes":[]}],"_links":{"self":[{"href":"http:\/\/marburg.news\/index.php?rest_route=\/wp\/v2\/posts\/4577"}],"collection":[{"href":"http:\/\/marburg.news\/index.php?rest_route=\/wp\/v2\/posts"}],"about":[{"href":"http:\/\/marburg.news\/index.php?rest_route=\/wp\/v2\/types\/post"}],"author":[{"embeddable":true,"href":"http:\/\/marburg.news\/index.php?rest_route=\/wp\/v2\/users\/2"}],"replies":[{"embeddable":true,"href":"http:\/\/marburg.news\/index.php?rest_route=%2Fwp%2Fv2%2Fcomments&post=4577"}],"version-history":[{"count":2,"href":"http:\/\/marburg.news\/index.php?rest_route=\/wp\/v2\/posts\/4577\/revisions"}],"predecessor-version":[{"id":4593,"href":"http:\/\/marburg.news\/index.php?rest_route=\/wp\/v2\/posts\/4577\/revisions\/4593"}],"wp:attachment":[{"href":"http:\/\/marburg.news\/index.php?rest_route=%2Fwp%2Fv2%2Fmedia&parent=4577"}],"wp:term":[{"taxonomy":"category","embeddable":true,"href":"http:\/\/marburg.news\/index.php?rest_route=%2Fwp%2Fv2%2Fcategories&post=4577"},{"taxonomy":"post_tag","embeddable":true,"href":"http:\/\/marburg.news\/index.php?rest_route=%2Fwp%2Fv2%2Ftags&post=4577"}],"curies":[{"name":"wp","href":"https:\/\/api.w.org\/{rel}","templated":true}]}}