{"id":4537,"date":"2019-12-17T14:28:45","date_gmt":"2019-12-17T13:28:45","guid":{"rendered":"http:\/\/marburg.news\/?p=4537"},"modified":"2019-12-17T14:28:45","modified_gmt":"2019-12-17T13:28:45","slug":"schlag-vor-brust-busfahrer-an-suedbahnhof-angegriffen","status":"publish","type":"post","link":"http:\/\/marburg.news\/?p=4537","title":{"rendered":"Schlag vor Brust: Busfahrer an S\u00fcdbahnhof angegriffen"},"content":{"rendered":"<p>Der Bus der Linie 22 war ausschlie\u00dflich f\u00fcr Sch\u00fcler und nicht f\u00fcr den Einstieg von externen Fahrg\u00e4sten bestimmt. Am Montag (16. Dezember) versuchte ein Unberechtigter trotzdem, an der Haltestelle &#8222;S\u00fcdbahnhof&#8220; an der Frauenbergstra\u00dfe einzusteigen. <!--more--><br \/>\nAls der Fahrer den jungen Mann gegen 13.20 Uhr darauf hinwies, dass der Bus kein Linienfahrzeug sei, wurde er sofort beleidigt. Auf die erneute Aufforderung, den Bus zu verlassen, reagierte der Unbekannte mit einem Sto\u00df vor die Brust des Fahrers.<br \/>\nDann verlie\u00df er den Innenraum. Der Busfahrer stellte den rabiaten Zeitgenossen anschlie\u00dfend vor dem Fahrzeug zur Rede. Daf\u00fcr kassierte er einen Faustschlag gegen den Hals.<br \/>\nDer Unbekannte ging anschlie\u00dfend schnellen Schrittes in Richtung der Fu\u00dfg\u00e4nger\u00fcberf\u00fchrung &#8222;Am Krekel&#8220; davon. Er ist Deutscher, sehr kr\u00e4ftig und zirka 1,75 Meter gro\u00df. Der etwa 20 bis 25 Jahre alte Mann hat mittellange dunkelblonde Haare.<br \/>\nBekleidet war er mit einer l\u00e4ngeren dunklen Winterjacke mit Fellbesatz und einer dunklen Jeans. Zudem trug er gro\u00dfe, schwarze &#8222;On-Ear-Kopfh\u00f6rer&#8220;. Insgesamt machte er einen ungepflegten Eindruck.<\/p>\n<p>* pm: Polizei Marburg<\/p>\n","protected":false},"excerpt":{"rendered":"<p>Der Bus der Linie 22 war ausschlie\u00dflich f\u00fcr Sch\u00fcler und nicht f\u00fcr den Einstieg von externen Fahrg\u00e4sten bestimmt. Am Montag (16. Dezember) versuchte ein Unberechtigter trotzdem, an der Haltestelle &#8222;S\u00fcdbahnhof&#8220; an der Frauenbergstra\u00dfe einzusteigen.<\/p>\n","protected":false},"author":2,"featured_media":0,"comment_status":"closed","ping_status":"open","sticky":false,"template":"","format":"standard","meta":{"advanced_seo_description":"","spay_email":"","jetpack_publicize_message":"","jetpack_is_tweetstorm":false,"jetpack_publicize_feature_enabled":true},"categories":[6],"tags":[328,30,16],"jetpack_featured_media_url":"","jetpack_publicize_connections":[],"jetpack_sharing_enabled":true,"jetpack_shortlink":"https:\/\/wp.me\/p8mhvd-1bb","jetpack-related-posts":[{"id":3382,"url":"http:\/\/marburg.news\/?p=3382","url_meta":{"origin":4537,"position":0},"title":"Gespr\u00fcht f\u00fcr Hass: Fremdenfeindlicher Angriff auf Busfahrer","date":"21. M\u00e4rz 2019","format":false,"excerpt":"Mit Reizgas bespr\u00fcht wurde ein Busfahrer am Donnerstag (21. M\u00e4rz). Daraufhin wurde er ins Universit\u00e4tsklinikum gebracht. Der 34 Jahre alte Busfahrer deutscher Staatsangeh\u00f6rigkeit mit Migrationshintergrund war auf der Bahnhofstra\u00dfe in Richtung Innenstadt unterwegs. Der Bus der Linie 7 war zu diesem Zeitpunkt nur sp\u00e4rlich mit Fahrg\u00e4sten besetzt. Nach Angaben des\u2026","rel":"","context":"In &quot;Sonstiges&quot;","img":{"alt_text":"","src":"","width":0,"height":0},"classes":[]},{"id":835,"url":"http:\/\/marburg.news\/?p=835","url_meta":{"origin":4537,"position":1},"title":"Wurfhand: Streit unter Fl\u00fcchtlingen und mit Busfahrer","date":"10. Juli 2017","format":false,"excerpt":"Zwischen zwei unbegleiteten minderj\u00e4hrigen Fl\u00fcchtlingen kam es am Sonntag (9. Juli) zu einer Auseinandersetzung. Dabei erlitten die beiden 17-j\u00e4hrigen Jugendlichen diverse - nicht lebensbedrohliche - Verletzungen. Die zun\u00e4chst lautstarke verbale und dann handgreifliche Auseinandersetzung ereignete sich kurz vor 16 Uhr in der gemeinsamen Unterkunft. Einer der beiden Beteiligten musste ins\u2026","rel":"","context":"In &quot;Sonstiges&quot;","img":{"alt_text":"","src":"","width":0,"height":0},"classes":[]},{"id":6242,"url":"http:\/\/marburg.news\/?p=6242","url_meta":{"origin":4537,"position":2},"title":"Angegriffen: Busfahrer mit Pfefferspray bespr\u00fcht","date":"22. Dezember 2020","format":false,"excerpt":"Mit Pfefferspray attackierte ein Unbekannter am Sonntag (20. Dezember) einen Busfahrer. Dank der eingebauten Plexiglasscheibe im Bereich der Fahrerkabine verpuffte der Angriff weitestgehend. Zu dem Vorfall kam es gegen 18.42 Uhr am S\u00fcdbahnhof in einem Bus der Linie 383. Zun\u00e4chst kam es zu einer verbalen Auseinandersetzung zwischen dem Angreifer und\u2026","rel":"","context":"In &quot;Sonstiges&quot;","img":{"alt_text":"","src":"","width":0,"height":0},"classes":[]},{"id":3576,"url":"http:\/\/marburg.news\/?p=3576","url_meta":{"origin":4537,"position":3},"title":"Vorfall in Bus: Fahrgast und Busfahrer beleidigt","date":"3. Mai 2019","format":false,"excerpt":"Nach einem Vorfall am Freitag (26. April) in der Buslinie 1 sucht die Polizei den T\u00e4terund eine Zeugin. Sie hielt sich als Fahrgast in dem Bus auf. Der Unbekannte stieg gegen 20.15 Uhr am Hauptbahnhof ein. An der Haltestelle Rudolphsplatz warf er dann eine leere Dose aus dem stehenden Bus.\u2026","rel":"","context":"In &quot;Sonstiges&quot;","img":{"alt_text":"","src":"","width":0,"height":0},"classes":[]},{"id":19853,"url":"http:\/\/marburg.news\/?p=19853","url_meta":{"origin":4537,"position":4},"title":"Zusammensto\u00df: Schwerer Verkehrsunfall in Wehrda","date":"10. April 2026","format":false,"excerpt":"Einen Zusammensto\u00df zwischen einem Linienbus und einem Personenwagen hat die Polizei am Freitag (10. April) gemeldet. Am Freitagmorgen gegen 7.40 Uhr war es in der C\u00f6lber Stra\u00dfe zu einem schweren Verkehrsunfall gekommen. Ein 69-j\u00e4hriger Autofahrer und seine 64-j\u00e4hrige Beifahrerin wurden dabei schwer verletzt. Rettungskr\u00e4fte brachten sie in ein Krankenhaus. Das\u2026","rel":"","context":"In &quot;Sonstiges&quot;","img":{"alt_text":"","src":"","width":0,"height":0},"classes":[]},{"id":368,"url":"http:\/\/marburg.news\/?p=368","url_meta":{"origin":4537,"position":5},"title":"Mit Worten dabei: Unfallflucht und Fu\u00dfg\u00e4nger beschimpft","date":"31. M\u00e4rz 2017","format":false,"excerpt":"Nach einem Unfall am Donnerstag (30. M\u00e4rz) am Erlenring sucht die Polizei Zeugen sowie den \u00e4lteren Fahrer eines dunkelblauen Toyota mit Marburger Zulassung. Gegen 11 Uhr war er stadteinw\u00e4rts unterwegs und versuchte, an der Zufahrt zur Feuerwehr zu wenden. Dabei \u00fcbersah der etwa 60 bis 70 Jahre alte Mann ein\u2026","rel":"","context":"In &quot;Sonstiges&quot;","img":{"alt_text":"","src":"","width":0,"height":0},"classes":[]}],"_links":{"self":[{"href":"http:\/\/marburg.news\/index.php?rest_route=\/wp\/v2\/posts\/4537"}],"collection":[{"href":"http:\/\/marburg.news\/index.php?rest_route=\/wp\/v2\/posts"}],"about":[{"href":"http:\/\/marburg.news\/index.php?rest_route=\/wp\/v2\/types\/post"}],"author":[{"embeddable":true,"href":"http:\/\/marburg.news\/index.php?rest_route=\/wp\/v2\/users\/2"}],"replies":[{"embeddable":true,"href":"http:\/\/marburg.news\/index.php?rest_route=%2Fwp%2Fv2%2Fcomments&post=4537"}],"version-history":[{"count":0,"href":"http:\/\/marburg.news\/index.php?rest_route=\/wp\/v2\/posts\/4537\/revisions"}],"wp:attachment":[{"href":"http:\/\/marburg.news\/index.php?rest_route=%2Fwp%2Fv2%2Fmedia&parent=4537"}],"wp:term":[{"taxonomy":"category","embeddable":true,"href":"http:\/\/marburg.news\/index.php?rest_route=%2Fwp%2Fv2%2Fcategories&post=4537"},{"taxonomy":"post_tag","embeddable":true,"href":"http:\/\/marburg.news\/index.php?rest_route=%2Fwp%2Fv2%2Ftags&post=4537"}],"curies":[{"name":"wp","href":"https:\/\/api.w.org\/{rel}","templated":true}]}}