{"id":4464,"date":"2019-11-27T13:02:20","date_gmt":"2019-11-27T12:02:20","guid":{"rendered":"http:\/\/marburg.news\/?p=4464"},"modified":"2019-11-27T13:02:20","modified_gmt":"2019-11-27T12:02:20","slug":"mit-transporter-gekommen-reifendiebstahl-in-wehrda","status":"publish","type":"post","link":"http:\/\/marburg.news\/?p=4464","title":{"rendered":"Mit Transporter gekommen: Reifendiebstahl in Wehrda"},"content":{"rendered":"<p>Insgesamt sieben komplette Rads\u00e4tze haben Unbekannte in Wehrda gestohlen. Zum Abtransport der 28 Reifen auf Alufelgen war zumindest ein Transporter notwendig. <!--more--><br \/>\nTatort war das Neuwagenlager eines gro\u00dfen Autohauses an der Siemensstra\u00dfe. Die Tatzeit liegt zwischen Sonntag (24. November) nach 12.40 Uhr und Dienstag (26. November) vor 12.55 Uhr.<br \/>\nDie T\u00e4ter demontierten die R\u00e4der und setzten die Fahrzeuge dann auf Steinen oder direkt auf dem Erdboden ab. Neben dem Wert der Beute von mindestens 8.500 Euro entstand dadurch noch ein Schaden an den Fahrzeugen von &#8211; nach ersten Sch\u00e4tzungen &#8211; mindestens 25.000 Euro.<\/p>\n<p>* pm: Polizei Marburg<\/p>\n","protected":false},"excerpt":{"rendered":"<p>Insgesamt sieben komplette Rads\u00e4tze haben Unbekannte in Wehrda gestohlen. Zum Abtransport der 28 Reifen auf Alufelgen war zumindest ein Transporter notwendig.<\/p>\n","protected":false},"author":2,"featured_media":0,"comment_status":"closed","ping_status":"open","sticky":false,"template":"","format":"standard","meta":{"advanced_seo_description":"","spay_email":"","jetpack_publicize_message":"","jetpack_is_tweetstorm":false,"jetpack_publicize_feature_enabled":true},"categories":[6],"tags":[29,16,685],"jetpack_featured_media_url":"","jetpack_publicize_connections":[],"jetpack_sharing_enabled":true,"jetpack_shortlink":"https:\/\/wp.me\/p8mhvd-1a0","jetpack-related-posts":[{"id":969,"url":"http:\/\/marburg.news\/?p=969","url_meta":{"origin":4464,"position":0},"title":"Besch\u00e4digung beginnt: Verbindungshaus und Firmenautos im Visier","date":"14. August 2017","format":false,"excerpt":"Eine Feier in einem Haus am Friedrich-Siebert-Weg dauerte bis um 3 Uhr. Bis dahin war noch alles in Ordnung. Als es dann am Sonntag (13. August) um 10.30 Uhr ans Aufr\u00e4umen ging, waren insgesamt vier Fensterscheiben offenbar durch Steinw\u00fcrfe besch\u00e4digt. Die Polizei ermittelt nach den Sachbesch\u00e4digungen an dem Verbindungshaus und\u2026","rel":"","context":"In &quot;Sonstiges&quot;","img":{"alt_text":"","src":"","width":0,"height":0},"classes":[]},{"id":5201,"url":"http:\/\/marburg.news\/?p=5201","url_meta":{"origin":4464,"position":1},"title":"Vier Verkehrsunf\u00e4lle: Fahrer fl\u00fcchteten vom Unfallort","date":"4. Juni 2020","format":false,"excerpt":"Ein Verkehrsunfall passierte am Mittwoch (3. Juni) gegen 17.25 Uhr, in der Friedrich-Ebert-Stra\u00dfe. Gemeldet wurde der Polizei die typische Ger\u00e4uschkulisse von zwei Anst\u00f6\u00dfen und quietschende Reifen. Die Ger\u00e4uschkulisse war die eines mit \u00fcberh\u00f6hter Geschwindigkeit fahrenden Autos. Zwar steht das Kennzeichen des verursachenden Fahrzeugs fest, jedoch gibt es bislang noch keine\u2026","rel":"","context":"In &quot;Sonstiges&quot;","img":{"alt_text":"","src":"","width":0,"height":0},"classes":[]},{"id":4359,"url":"http:\/\/marburg.news\/?p=4359","url_meta":{"origin":4464,"position":2},"title":"Zweimal Unfallflucht: Begegnung in Hermershausen und Wehrda","date":"29. Oktober 2019","format":false,"excerpt":"Die Polizei sucht einen Zweiradfahrer, der am Freitag (25. Oktober) gegen 5.55 Uhr \u00fcber die Allnatalstra\u00dfe durch Hermershausen fuhr. Im Verlauf der dortigen 90-Grad-Kurve hatte er eine Begegnung mit einem Sattelzug. Das Zweirad fuhr in Richtung Marburg. Der Sattelzug war in entgegengesetzter Richtung unterwegs. Wegen L\u00e4nge und Breite seines Fahrzeugs\u2026","rel":"","context":"In &quot;Sonstiges&quot;","img":{"alt_text":"","src":"","width":0,"height":0},"classes":[]},{"id":5979,"url":"http:\/\/marburg.news\/?p=5979","url_meta":{"origin":4464,"position":3},"title":"Ladung von Ladefl\u00e4che: Unfallflucht auf B3A und in Michelbach","date":"9. November 2020","format":false,"excerpt":"Auf dem Weg \u00fcber die Stadtautobahn B3A von Marburg nach Gie\u00dfen l\u00f6ste sich von der Ladefl\u00e4che eines wei\u00dfen Transporters ein wei\u00dfes Holzbrett und besch\u00e4digte einen nachfolgenden roten VW Tiguan an der Sto\u00dfstange vorne rechts. Der Schaden am Tiguan betr\u00e4gt mindestens 800 Euro. Der Unfall passierte am Samstag (2. November) um\u2026","rel":"","context":"In &quot;Sonstiges&quot;","img":{"alt_text":"","src":"","width":0,"height":0},"classes":[]},{"id":8260,"url":"http:\/\/marburg.news\/?p=8260","url_meta":{"origin":4464,"position":4},"title":"Vehement Vandalismus: Reifen platt, Scheibe kaputt und Kleber im Schloss","date":"29. November 2021","format":false,"excerpt":"Alle vier Reifen eines gelben VW Arteon hat ein Unbekannter in der Nacht zum Sonntag (28. November) plattgestochen. Das Auto parkte auf dem Parkplatz der Robert-Koch-Stra\u00dfe 3. er Fahrer kehrte kurz nach 2 Uhr zu seinem Auto zur\u00fcck. Ihm entstand ein Schaden von mehreren Hundert Euro. Wer hat vor 2\u2026","rel":"","context":"In &quot;Sonstiges&quot;","img":{"alt_text":"","src":"","width":0,"height":0},"classes":[]},{"id":2291,"url":"http:\/\/marburg.news\/?p=2291","url_meta":{"origin":4464,"position":5},"title":"Sch\u00e4den auf Parkpl\u00e4tzen: Nach Wehrda nun Trickdiebstahl in der Temmlerstra\u00dfe","date":"4. Juni 2018","format":false,"excerpt":"Einen Trickdiebstahl auf dem Parkplatz des Tegut-Markts in Wehrda meldete die Polizei am Freitag (1. Juni). Erst jetzt erhielt sie Kenntnis von einem gleich gelagerten Vorfall ebenfalls am am Mittwoch (30. Mai) auf einem Parkplatz an der Temmlerstra\u00dfe. Dort agierte der Unbekannte gegen 10 Uhr mit einer 1-Euro-M\u00fcnze. Bei dem\u2026","rel":"","context":"In &quot;Sonstiges&quot;","img":{"alt_text":"","src":"","width":0,"height":0},"classes":[]}],"_links":{"self":[{"href":"http:\/\/marburg.news\/index.php?rest_route=\/wp\/v2\/posts\/4464"}],"collection":[{"href":"http:\/\/marburg.news\/index.php?rest_route=\/wp\/v2\/posts"}],"about":[{"href":"http:\/\/marburg.news\/index.php?rest_route=\/wp\/v2\/types\/post"}],"author":[{"embeddable":true,"href":"http:\/\/marburg.news\/index.php?rest_route=\/wp\/v2\/users\/2"}],"replies":[{"embeddable":true,"href":"http:\/\/marburg.news\/index.php?rest_route=%2Fwp%2Fv2%2Fcomments&post=4464"}],"version-history":[{"count":0,"href":"http:\/\/marburg.news\/index.php?rest_route=\/wp\/v2\/posts\/4464\/revisions"}],"wp:attachment":[{"href":"http:\/\/marburg.news\/index.php?rest_route=%2Fwp%2Fv2%2Fmedia&parent=4464"}],"wp:term":[{"taxonomy":"category","embeddable":true,"href":"http:\/\/marburg.news\/index.php?rest_route=%2Fwp%2Fv2%2Fcategories&post=4464"},{"taxonomy":"post_tag","embeddable":true,"href":"http:\/\/marburg.news\/index.php?rest_route=%2Fwp%2Fv2%2Ftags&post=4464"}],"curies":[{"name":"wp","href":"https:\/\/api.w.org\/{rel}","templated":true}]}}