{"id":4361,"date":"2019-10-30T14:10:40","date_gmt":"2019-10-30T13:10:40","guid":{"rendered":"http:\/\/marburg.news\/?p=4361"},"modified":"2019-10-30T14:10:40","modified_gmt":"2019-10-30T13:10:40","slug":"weiter-gesunken-kjc-meldet-erwerbslosenzahl-fuer-oktober-2019","status":"publish","type":"post","link":"http:\/\/marburg.news\/?p=4361","title":{"rendered":"Weiter gesunken: KJC meldet Erwerbslosenzahl f\u00fcr Oktober 2019"},"content":{"rendered":"<p>Weiter gesunken ist die Zahl der Erwerbslosen im Oktober 2019. Das meldete der Landkreis Marburg-Biedenkopf am Mittwoch (30. Oktober). <!--more--><br \/>\nDas KreisJobCenter Marburg-Biedenkopf (KJC) weist in seiner aktuellen Statistik 2.906 erwerbsf\u00e4hige Leistungsberechtigte aus, die als arbeitslos registriert sind. Das sind 100 Personen oder 3,3 Prozent weniger als im Vormonat September 2019. Gegen\u00fcber dem Vorjahrsmonat Oktober 2018 ist die Zahl der Arbeitslosen im Landkreis um 198 Personen oder 6,4 Prozent zur\u00fcckgegangen.<br \/>\nDie Quote der arbeitslosen Grundsicherungsempf\u00e4nger an den zivilen Erwerbspersonen liegt bei 2,2 Prozent. Im Vorjahrsmonat hatte sie bei 2,3 Prozent gelegen.<br \/>\n&#8222;Erfreulicherweise ist die Zahl der Arbeitslosen im Oktober trotz Konjunkturabschw\u00e4chung weiter zur\u00fcckgegangen&#8220;, sagte der Erste Kreisbeigeordnete Marian Zachow. &#8222;Diese Entwicklung bedeutet nicht nur, dass die regionalen Unternehmen trotz der sich eintr\u00fcbenden Aussichten weiterhin Arbeitskr\u00e4fte einstellen. Der R\u00fcckgang bei den Bedarfsgemeinschaften zeigt auch, dass immer weniger Familien und Lebensgemeinschaften auf Unterst\u00fctzungsleistungen angewiesen sind.&#8220;<br \/>\nIm Vergleich zum Vormonat ging die Zahl der Bedarfsgemeinschaften um 135 oder 2,2 Prozent zur\u00fcck. Im Oktober 2019 lag sie bei 6.104. Im September waren es noch 6.239 gewesen. Verglichen mit dem Vorjahresmonat ist das ein R\u00fcckgang um 454 oder 6,9 Prozent.<br \/>\nBei den erwerbsf\u00e4higen Leistungsberechtigten ist im Vergleich zum Vormonat ein R\u00fcckgang um 197 Personen oder 2,4 Prozent auf 8.167 Personen zu registrieren. Im langfristigen Vergleich liegt die Zahl um 5,9 Prozent unter dem Wert des Vorjahrs. Das entspricht einem R\u00fcckgang um 514 Personen.<br \/>\nBei den Angaben zu Bedarfsgemeinschaften und erwerbsf\u00e4higen Leistungsberechtigten handelt es sich um einen zum Stichtag 14. Oktober 2019 ermittelten vorl\u00e4ufigen Bestand. Der endg\u00fcltige Bestand f\u00fcr den Berichtsmonat Oktober wird von der Bundesagentur f\u00fcr Arbeit (BA) nach einer Wartezeit von drei Monaten festgeschrieben. Insgesamt befanden sich zum Stichtag im Oktober 1.488 Personen in arbeitsmarktpolitischen Ma\u00dfnahmen.<\/p>\n<p>* pm: Landkreis Marburg-Biedenkopf<\/p>\n","protected":false},"excerpt":{"rendered":"<p>Weiter gesunken ist die Zahl der Erwerbslosen im Oktober 2019. Das meldete der Landkreis Marburg-Biedenkopf am Mittwoch (30. Oktober).<\/p>\n","protected":false},"author":2,"featured_media":0,"comment_status":"closed","ping_status":"open","sticky":false,"template":"","format":"standard","meta":{"advanced_seo_description":"","spay_email":"","jetpack_publicize_message":"","jetpack_is_tweetstorm":false,"jetpack_publicize_feature_enabled":true},"categories":[4],"tags":[849,162,22],"jetpack_featured_media_url":"","jetpack_publicize_connections":[],"jetpack_sharing_enabled":true,"jetpack_shortlink":"https:\/\/wp.me\/p8mhvd-18l","jetpack-related-posts":[{"id":2770,"url":"http:\/\/marburg.news\/?p=2770","url_meta":{"origin":4361,"position":0},"title":"Vor Job und Jobcenter: Erwerbslosenzahl leicht gesunken","date":"30. Oktober 2018","format":false,"excerpt":"Eine gesunkene Arbeitslosigkeit meldet das KJC f\u00fcr Oktober. Ihre Zahl verringerte sich um 14 Personen. ie Zahl der arbeitslosen Menschen, die das KreisJobCenter (KJC) Marburg-Biedenkopf betreut, ist im Oktober leicht gesunken. Die Monatsbilanz des KJC weist insgesamt 3.104 erwerbsf\u00e4hige Leistungsberechtigte aus, die als arbeitslos registriert sind. Das sind 14 Personen\u2026","rel":"","context":"In &quot;Soziales&quot;","img":{"alt_text":"","src":"","width":0,"height":0},"classes":[]},{"id":8011,"url":"http:\/\/marburg.news\/?p=8011","url_meta":{"origin":4361,"position":1},"title":"Andauernder Aufschwung: KJC ver\u00f6ffentlicht Arbeitsmarktstatistik f\u00fcr Oktober","date":"28. Oktober 2021","format":false,"excerpt":"Der Aufschwung am Arbeitsmarkt setzt sich fort. Die Zahl der Langzeitarbeitslosen geht deutlich zur\u00fcck. Auch im Oktober 2021 erholt sich der Arbeitsmarkt weiter. Im Vergleich zum Vormonat September sinkt die Zahl der Langzeitarbeitslosen im Landkreis Marburg-Biedenkopf deutlich. Das KreisJobCenter (KJC) des Landkreises meldet in seiner aktuellen Statistik 2.845 erwerbsf\u00e4hige Leistungsberechtigte,\u2026","rel":"","context":"In &quot;Soziales&quot;","img":{"alt_text":"","src":"","width":0,"height":0},"classes":[]},{"id":14241,"url":"http:\/\/marburg.news\/?p=14241","url_meta":{"origin":4361,"position":2},"title":"Nachhaltig aufnahmebereit: Monatsbilanz des KJC f\u00fcr Oktober 2023","date":"2. November 2023","format":false,"excerpt":"Die Zahl der Erwerbslosen ist im Oktober nur geringf\u00fcgig gestiegen. Das besagt die aktuelle Monatsbilanz des KreisJobCenters (KJC). Minimal gestiegen ist im Oktober 2023 die Zahl der arbeitslosen Menschen, die Grundsicherung nach dem zweiten Sozialgesetzbuch (SGB II) beziehen. Das KreisJobCenter (KJC) des Landkreises Marburg-Biedenkopf meldet in seiner aktuellen Statistik 4.136\u2026","rel":"","context":"In &quot;Soziales&quot;","img":{"alt_text":"","src":"","width":0,"height":0},"classes":[]},{"id":11104,"url":"http:\/\/marburg.news\/?p=11104","url_meta":{"origin":4361,"position":3},"title":"Erneut gesunken: Arbeitsmarkt im Oktober weiter stabil","date":"2. November 2022","format":false,"excerpt":"Der Arbeitsmarkt zeigt sich stabil. In der Monatsbilanz des KreisJobCenters (KJC) ist die Zahl der Erwerbslosen im Oktober erneut gesunken. Um 3,9 Prozent gesunken ist demnach im Oktober die Anzahl der arbeitslosen Menschen, die Grundsicherung nach dem Sozialgesetzbuch II (SGB II) beziehen. Das KreisJobCenter (KJC) des Landkreises Marburg-Biedenkopf meldet in\u2026","rel":"","context":"In &quot;Politik&quot;","img":{"alt_text":"","src":"","width":0,"height":0},"classes":[]},{"id":4472,"url":"http:\/\/marburg.news\/?p=4472","url_meta":{"origin":4361,"position":4},"title":"Arbeitslosigkeit gesenkt: KJC ver\u00f6ffentlichte Zahlen f\u00fcr November 2019","date":"29. November 2019","format":false,"excerpt":"Trotz des bundesweiten Abschwungs ist die Erwerbslosigkeit im Landkreis weiter gesunken. Das teilte das KJC am Freitag (29. November) mit. F\u00fcr November 2019 weist das KreisJobCenter (KJC) 2.770 erwerbsf\u00e4hige Leistungsberechtigte aus, die als arbeitslos registriert sind. Das sind 136 Personen oder 4,7 Prozent weniger als im Vormonat Oktober 2019. Gegen\u00fcber\u2026","rel":"","context":"In &quot;Soziales&quot;","img":{"alt_text":"","src":"","width":0,"height":0},"classes":[]},{"id":13907,"url":"http:\/\/marburg.news\/?p=13907","url_meta":{"origin":4361,"position":5},"title":"Aktiv arbeiten: Erwerbslosenzahl sank im September","date":"29. September 2023","format":false,"excerpt":"Die Zahl der Arbeitslosen ist im September gesunken. Das besagt die aktuelle Monatsbilanz des KreisJobCenters (KJC). Leicht gesunken ist im September 2023 die Zahl der arbeitslosen Menschen, die Grundsicherung nach dem Zweiten Sozialgesetzbuch (SGB II) beziehen. Das KreisJobCenter (KJC) des Landkreises Marburg-Biedenkopf meldet in seiner aktuellen Statistik 4.126 erwerbsf\u00e4hige Leistungsberechtigte,\u2026","rel":"","context":"In &quot;Soziales&quot;","img":{"alt_text":"","src":"","width":0,"height":0},"classes":[]}],"_links":{"self":[{"href":"http:\/\/marburg.news\/index.php?rest_route=\/wp\/v2\/posts\/4361"}],"collection":[{"href":"http:\/\/marburg.news\/index.php?rest_route=\/wp\/v2\/posts"}],"about":[{"href":"http:\/\/marburg.news\/index.php?rest_route=\/wp\/v2\/types\/post"}],"author":[{"embeddable":true,"href":"http:\/\/marburg.news\/index.php?rest_route=\/wp\/v2\/users\/2"}],"replies":[{"embeddable":true,"href":"http:\/\/marburg.news\/index.php?rest_route=%2Fwp%2Fv2%2Fcomments&post=4361"}],"version-history":[{"count":0,"href":"http:\/\/marburg.news\/index.php?rest_route=\/wp\/v2\/posts\/4361\/revisions"}],"wp:attachment":[{"href":"http:\/\/marburg.news\/index.php?rest_route=%2Fwp%2Fv2%2Fmedia&parent=4361"}],"wp:term":[{"taxonomy":"category","embeddable":true,"href":"http:\/\/marburg.news\/index.php?rest_route=%2Fwp%2Fv2%2Fcategories&post=4361"},{"taxonomy":"post_tag","embeddable":true,"href":"http:\/\/marburg.news\/index.php?rest_route=%2Fwp%2Fv2%2Ftags&post=4361"}],"curies":[{"name":"wp","href":"https:\/\/api.w.org\/{rel}","templated":true}]}}