{"id":3994,"date":"2019-07-05T16:35:06","date_gmt":"2019-07-05T14:35:06","guid":{"rendered":"http:\/\/marburg.news\/?p=3994"},"modified":"2019-07-05T16:35:06","modified_gmt":"2019-07-05T14:35:06","slug":"unbemerkt-zugerichtet-hu-hessen-gegen-einsatz-von-elektroschockern","status":"publish","type":"post","link":"http:\/\/marburg.news\/?p=3994","title":{"rendered":"Unbemerkt zugerichtet: HU Hessen gegen Einsatz von Elektroschockern"},"content":{"rendered":"<p>Gro\u00dfe Bedenken hat die Humanistische Union (HU) gegen den Einsatz von Elektroschockpistolen durch die Polizei. Nach zwei Todesf\u00e4llen weist die HU Hessen auf die Gef\u00e4hrlichkeit der sogenannten &#8222;Taser&#8220; hin. <!--more--><br \/>\n&#8222;Taser erscheinen vielen als vergleichsweise harmlos&#8220;, erkl\u00e4rte HU-Landessprecher Jens Bertrams am Freitag (5. Juli) in Marburg. &#8222;Die Gefahr besteht darum auch darin, dass Polizeibeamte Elektroschocker auch dort einsetzen, wo geringere Mittel m\u00f6glich w\u00e4ren.&#8220;<br \/>\nBei einem Tasereinsatz werden zwei Nadelprojektile in den K\u00f6rper geschossen und dann \u00fcber ein Kabel ein Stromfluss hergestellt. Die H\u00f6chstdistanz betr\u00e4gt 7 Meter. Je weiter die Nadeln voneinander entfernt angebracht werden, desto mehr Muskeln sind von der Immobilisierung betroffen.<br \/>\nDen K\u00f6rper eines Menschen f\u00fcr mehrere Sekunden weitr\u00e4umig unter Strom zu setzen, h\u00e4lt der HU-Landessprecher genau wie Amnesty International (AI) f\u00fcr eine sogenannte &#8222;wei\u00dfe Folter&#8220;. Besondere Gefahren verursachen Taser bei Personen mit neurologischen Problemen.<br \/>\nDaher darf nach Auffassung der HU Hessen diese Waffe niemals eingesetzt werden. Ein betrunkener und offensichtlich kranker Mann starb trotz der Anwesenheit eines Notarztes an den Folgen des Elektroschocks bei einem Polizeieinsatz im Mai 2019 in Frankfurt.<br \/>\n&#8222;Niemand sieht mir meine neurologische Erkrankung an&#8220;, erkl\u00e4rte der stellvertretende HU-Landessprecher Franz-Josef Hanke. F\u00fcr Menschen wie mich stellt allein schon die Vorstellung, mit einem Taser konfrontiert zu sein, eine gewaltige Bedrohung dar.&#8220;<br \/>\nDie HU hessen spricht sich f\u00fcr m\u00f6glichst deeskalierende Polizeistrategien und eine bessere Verankerung einer demokratischen Polizei in der Gesellschaft aus. &#8222;Dass die Beamten trotzdem Waffen zum Schutz der Bev\u00f6lkerung und ihrer eigenen Sicherheit ben\u00f6tigen, ist leider eine traurige Tatsache&#8220;, bedauerte Bertrams. &#8222;Allerdings fordern wir den hessischen Innenminister Peter Beuth auf, anstelle einer Bewaffnung der Beamten mit Tasern ein Programm zur F\u00f6rderung des gesellschaftlichen Dialogs zwischen Polizei und Zivilgesellschaft auszuarbeiten und gemeinsam mit B\u00fcrgerrechtsorganisationen und Sozialen Bewegungen sowie Experten aus Kriminologie und sozialwissenschaften anzugehen.&#8220;<\/p>\n<p>* pm: Humanistische Union Hessen<\/p>\n","protected":false},"excerpt":{"rendered":"<p>Gro\u00dfe Bedenken hat die Humanistische Union (HU) gegen den Einsatz von Elektroschockpistolen durch die Polizei. Nach zwei Todesf\u00e4llen weist die HU Hessen auf die Gef\u00e4hrlichkeit der sogenannten &#8222;Taser&#8220; hin.<\/p>\n","protected":false},"author":2,"featured_media":0,"comment_status":"closed","ping_status":"open","sticky":false,"template":"","format":"standard","meta":{"advanced_seo_description":"","spay_email":"","jetpack_publicize_message":"","jetpack_is_tweetstorm":false,"jetpack_publicize_feature_enabled":true},"categories":[2,4],"tags":[2010,16,2011],"jetpack_featured_media_url":"","jetpack_publicize_connections":[],"jetpack_sharing_enabled":true,"jetpack_shortlink":"https:\/\/wp.me\/p8mhvd-12q","jetpack-related-posts":[{"id":6058,"url":"http:\/\/marburg.news\/?p=6058","url_meta":{"origin":3994,"position":0},"title":"Ein- oder ausgeschlagen: HU Marburg zu Vorf\u00e4llen im Dannenr\u00f6der Forst","date":"24. November 2020","format":false,"excerpt":"Betroffen zeigt sich die Humanistische Union (HU) von den Vorf\u00e4llen im Dannenr\u00f6der Forst. Zwei Aktivistinnen waren dort w\u00e4hrend der R\u00e4umung ihrer \"Baumh\u00e4user\" aus mehreren Metern H\u00f6he abgest\u00fcrzt. Nach Angaben von Beteiligten der Aktion \"Danni bleibt\" hatten in beiden F\u00e4llen Polizeibeamte Sicherungsseile durchtrennt oder zumindest in ihrer Funktion beeintr\u00e4chtigt. Die HU\u2026","rel":"","context":"In &quot;Politik&quot;","img":{"alt_text":"","src":"","width":0,"height":0},"classes":[]},{"id":1496,"url":"http:\/\/marburg.news\/?p=1496","url_meta":{"origin":3994,"position":1},"title":"Gr\u00fcnde f\u00fcr Gr\u00fcne: HU Hessen aktiv gegen Verfassungsschutzgesetz","date":"29. Dezember 2017","format":false,"excerpt":"Mit einem fulminanten Start hat der neue Vorstand der Humanistischen Union Hessen seine Arbeit aufgenommen. Die gemeinsame Erkl\u00e4rung von 15 Organisationen zieht inzwischen bundesweit Kreise. Ausgegangen war die Initiative von einem Treffen der HU Hessen mit Aktiven der Datensch\u00fctzer Rhein-Main und der Piratenpartei Hessen in Marburg. Nach dem Chaos Computer\u2026","rel":"","context":"In &quot;Politik&quot;","img":{"alt_text":"","src":"","width":0,"height":0},"classes":[]},{"id":11515,"url":"http:\/\/marburg.news\/?p=11515","url_meta":{"origin":3994,"position":2},"title":"Bald berufen: HU Hessen fordert Polizeibeauftragten","date":"23. Dezember 2022","format":false,"excerpt":"Hessen muss nun rasch einen Polizeibeauftragten berufen. Das fordert die Humanistische Union (HU) nach der m\u00fcndlichen Verhandlung vor dem Bundesverfassungsgericht. \u00dcber eine Verfassungsbeschwerde gegen die umfassende Datenerfassung von Polizei und Verfassungsschutz in Hessen sowie die entsprechenden Regelungen im Hessischen Gesetz f\u00fcr Sicherheit und Ordnung (HSOG) hatte das Bundesverfassungsgericht am Dienstag\u2026","rel":"","context":"In &quot;Politik&quot;","img":{"alt_text":"","src":"","width":0,"height":0},"classes":[]},{"id":5226,"url":"http:\/\/marburg.news\/?p=5226","url_meta":{"origin":3994,"position":3},"title":"\u00dcbergriffe \u00fcberpr\u00fcfen: HU fordert Polizeibeauftragten f\u00fcr Hessen","date":"9. Juni 2020","format":false,"excerpt":"Rassismus ist ein strukturelles Problem. Deshalb erneuert die Humanistische Union Hessen ihre Forderung nach einem Unabh\u00e4ngigen Polizeibeauftragten. \"Diese neue Institution soll nicht nur eine Beschwerdestelle f\u00fcr B\u00fcrgerinnen und B\u00fcrger sein, sondern auch eine Anlaufstelle f\u00fcr Besch\u00e4ftigte der Polizei\", erkl\u00e4rte der HU-Landessprecher Jens Bertrams am Dienstag (9. Juni) in Marburg. \"Dort\u2026","rel":"","context":"In &quot;Politik&quot;","img":{"alt_text":"","src":"","width":0,"height":0},"classes":[]},{"id":5419,"url":"http:\/\/marburg.news\/?p=5419","url_meta":{"origin":3994,"position":4},"title":"Neue Drohmails: NSU 2.0 ist Chefsache","date":"16. Juli 2020","format":false,"excerpt":"Wegen der \"NSU-2.0-Drohmail-Aff\u00e4re\" ist Landespolizeipr\u00e4sident Udo M\u00fcnch am Mittwoch (15. Juli) zur\u00fcckgetreten. F\u00fcr die Humanistische Union Hessen sind die damit zutage getretenen strukturellen Probleme aber nicht gel\u00f6st. Bereits am 18. Dezember 2018 hatte die HU hessen ihre alte Forderung nach einem Unabh\u00e4ngigen Polizeibeauftragten als Gegenma\u00dfnahme gegen die Bedrohung der Frankfurter\u2026","rel":"","context":"In &quot;Politik&quot;","img":{"alt_text":"","src":"","width":0,"height":0},"classes":[]},{"id":2979,"url":"http:\/\/marburg.news\/?p=2979","url_meta":{"origin":3994,"position":5},"title":"Entwaffnend: HU f\u00fcr Besuch von Bouffier bei bedrohter Anw\u00e4ltin","date":"14. Januar 2019","format":false,"excerpt":"Schockiert zeigt sich die Humanistische Union (HU) \u00fcber die erneute Bedrohung der Rechtsanw\u00e4ltin Seda Basay-Yildiz. Die HU Hessen fordert den Ministerpr\u00e4sidenten Volker Bouffier auf, die Frankfurter Juristin unter seinen pers\u00f6nlichen Schutz zu stellen. \"Wir erwarten eine rasche Aufkl\u00e4rung der Tat\", erkl\u00e4rte HU -Landessprecher Jens Bertrams am Montag (14. Januar) in\u2026","rel":"","context":"In &quot;Politik&quot;","img":{"alt_text":"","src":"","width":0,"height":0},"classes":[]}],"_links":{"self":[{"href":"http:\/\/marburg.news\/index.php?rest_route=\/wp\/v2\/posts\/3994"}],"collection":[{"href":"http:\/\/marburg.news\/index.php?rest_route=\/wp\/v2\/posts"}],"about":[{"href":"http:\/\/marburg.news\/index.php?rest_route=\/wp\/v2\/types\/post"}],"author":[{"embeddable":true,"href":"http:\/\/marburg.news\/index.php?rest_route=\/wp\/v2\/users\/2"}],"replies":[{"embeddable":true,"href":"http:\/\/marburg.news\/index.php?rest_route=%2Fwp%2Fv2%2Fcomments&post=3994"}],"version-history":[{"count":0,"href":"http:\/\/marburg.news\/index.php?rest_route=\/wp\/v2\/posts\/3994\/revisions"}],"wp:attachment":[{"href":"http:\/\/marburg.news\/index.php?rest_route=%2Fwp%2Fv2%2Fmedia&parent=3994"}],"wp:term":[{"taxonomy":"category","embeddable":true,"href":"http:\/\/marburg.news\/index.php?rest_route=%2Fwp%2Fv2%2Fcategories&post=3994"},{"taxonomy":"post_tag","embeddable":true,"href":"http:\/\/marburg.news\/index.php?rest_route=%2Fwp%2Fv2%2Ftags&post=3994"}],"curies":[{"name":"wp","href":"https:\/\/api.w.org\/{rel}","templated":true}]}}