{"id":3976,"date":"2019-06-30T12:07:22","date_gmt":"2019-06-30T10:07:22","guid":{"rendered":"http:\/\/marburg.news\/?p=3976"},"modified":"2019-06-30T12:36:47","modified_gmt":"2019-06-30T10:36:47","slug":"fuer-marburg-stadt-ruft-klimanotstand-aus","status":"publish","type":"post","link":"http:\/\/marburg.news\/?p=3976","title":{"rendered":"F\u00fcr Marburg: Stadt ruft Klimanotstand aus"},"content":{"rendered":"<p>Die Stadt Marburg hat den Klimanotstand ausgerufen. Das war dringend notwendig.<br \/>\n<!--more--><br \/>\nFast alle Fraktionen der Stadtverordnetenversammlung (STVV) haben dem Beschluss am Freitag (28. Juni) zugestimmt. Nur die Freie Demokratische Partei (FDP) stimmte dagegen.<br \/>\nDie Stadt Marburg engagiert sich schon in <a href=\"http:\/\/marburg.news\/?p=3891\">vielen Bereichen<\/a> f\u00fcr den Klimaschutz. Die Ausrufung des Klimanotstands ist also nur ein konsequentes Verhalten, auf das sie lange hingearbeitet hat.<br \/>\nUnsicher ist, ob sie das ohne das Engagement der Sch\u00fclerbewegung &#8222;Fridays for Future&#8220; genau so gemacht h\u00e4tte. Im Vorfeld hatten Aktivisten des Ortsverbands von Fridays for Future marburg bei mehreren Vortr\u00e4gen den Klimanotstand gefordert.<br \/>\nWahrscheinlich \u00fcberzeugten sie die Politiker, denn im Mai hatte die Lage noch anders ausgesehen. Einen Antrag auf Ausrufung des Klimanotstands von den Gr\u00fcnen lehnten alle anderen Parteien damals ab.<br \/>\nDass sie die Politiker \u00fcberzeugen konnten ist das Ergebnis des hervorragenden Engagements der Aktivisten. Sie beweisen, dass es sich lohnt, f\u00fcr das Klima zu k\u00e4mpfen.<br \/>\nDie Reaktion der STVV zeigt, dass die Stadt offen ist und andere Argumente zu- sowie sich sogar von ihnen \u00fcberzeugen l\u00e4sst. Das ist ein gutes Beispiel f\u00fcr die Stadtpolitik Marburgs.<br \/>\nMit dem Klimanotstand verpflichtet sich die Stadt, bei jedem politischen Vorhaben den Klimaschutz an die erste Stelle zu r\u00fccken. Das Ziel ist die Klimaneutralit\u00e4t bis 2030 in Marburg.<br \/>\nAuch wenn die Stadt schon viel f\u00fcr den Klimaschutz tut, muss sie dennoch am Thema dran bleiben, um ihr Ziel zu erreichen. Das sollte sie auch tun, damit die Stadt so sch\u00f6n bleibt, wie sie ist.<\/p>\n<p>*Luca Mittelstaedt<\/p>\n","protected":false},"excerpt":{"rendered":"<p>Die Stadt Marburg hat den Klimanotstand ausgerufen. Das war dringend notwendig.<\/p>\n","protected":false},"author":9,"featured_media":3864,"comment_status":"open","ping_status":"open","sticky":false,"template":"","format":"standard","meta":{"advanced_seo_description":"","spay_email":"","jetpack_publicize_message":"","jetpack_is_tweetstorm":false,"jetpack_publicize_feature_enabled":true},"categories":[2,4],"tags":[1959,1823,2002],"jetpack_featured_media_url":"https:\/\/i0.wp.com\/marburg.news\/wp-content\/uploads\/2019\/06\/IMG_20190524_125514.jpg?fit=3120%2C4160","jetpack_publicize_connections":[],"jetpack_sharing_enabled":true,"jetpack_shortlink":"https:\/\/wp.me\/p8mhvd-128","jetpack-related-posts":[{"id":3878,"url":"http:\/\/marburg.news\/?p=3878","url_meta":{"origin":3976,"position":0},"title":"Klimaschutz in Marburg: Was k\u00f6nnen Stadt und B\u00fcrger tun?","date":"18. Juni 2019","format":false,"excerpt":"\"Wir wollen, dass die Stadt den Klimanotstand ausruft\", sagte Valentina Haas von \"Fridays for Future\". Was tut die Stadt f\u00fcr den Klimaschutz? Die Stadt Marburg will ihre Kohlendioxid-Emissionen (CO2) im Bereich Strom und W\u00e4rme bis zum Jahr 2030 halbieren. Dazu hat sie 2011 ein Klimaschutzkonzept vorgelegt. Darin enthalten sind unter\u2026","rel":"","context":"In &quot;Politik&quot;","img":{"alt_text":"Demorede","src":"https:\/\/i0.wp.com\/marburg.news\/wp-content\/uploads\/2019\/06\/IMG_20190524_125514.jpg?fit=900%2C1200&resize=350%2C200","width":350,"height":200},"classes":[]},{"id":10283,"url":"http:\/\/marburg.news\/?p=10283","url_meta":{"origin":3976,"position":1},"title":"Ruhig reagiert: Klimazeugnis von Parents for Future","date":"2. August 2022","format":false,"excerpt":"Ein \"Klimazeugnis\" haben die \"Parents for Future\" der Stadt Marburg f\u00fcr 2022 ausgestellt. Es ist nicht gerade gut ausgefallen. Im Sommer 2019 hat die Stadt Marburg den sogenannten \"Klimanotstand\" ausgerufen. Gleichzeitig setzte sie sich ein sehr ambitioniertes Klimaschutzziel: Bis zum Jahr 2030 m\u00f6chte sie \"Klimaneutralit\u00e4t\" erreichen. Ein Jahr sp\u00e4ter wurde\u2026","rel":"","context":"In &quot;Politik&quot;","img":{"alt_text":"","src":"","width":0,"height":0},"classes":[]},{"id":8197,"url":"http:\/\/marburg.news\/?p=8197","url_meta":{"origin":3976,"position":2},"title":"Klimamanagement Marbburg: Stadt stellt Zwischenstand vor","date":"20. November 2021","format":false,"excerpt":"Die Stadt m\u00f6chte sich gut auf den Klimawandel vorbereiten. Den aktuellen Zwischenstand zu entsprechenden Planungen stellen Verantwortliche am Dienstag (23. November) vor. die globale Klimakrise ist in diesem Sommer vor allem durch die verheerende Hochwasserkatastrophe in Nordrhein-Westfalen und Rheinland-Pfalz auch in Deutschland in den Fokus ger\u00fcckt. Die Stadt Marburg hat\u2026","rel":"","context":"In &quot;Politik&quot;","img":{"alt_text":"","src":"","width":0,"height":0},"classes":[]},{"id":7301,"url":"http:\/\/marburg.news\/?p=7301","url_meta":{"origin":3976,"position":3},"title":"Mehr Strom: Startschuss f\u00fcr Aktion zu Solarenergie","date":"30. Juni 2021","format":false,"excerpt":"Bei Sonnenenergie von Marburgs D\u00e4chern ist noch viel Strom drin. Darum ruft die Stadt mit den Stadtwerken, Universit\u00e4t und Klima-Gruppen zum Wattbewerb auf. Die Universit\u00e4tsstadt Marburg beteiligt sich am Wattbewerb - dem bundesweiten Wettbewerb zum Ausbau der Photovoltaik-Leistung. Sieger der St\u00e4dte-Challenge ist die Kommune, die ihre PV-Leistung im Stadtgebiet verdoppelt.\u2026","rel":"","context":"In &quot;Politik&quot;","img":{"alt_text":"","src":"","width":0,"height":0},"classes":[]},{"id":3263,"url":"http:\/\/marburg.news\/?p=3263","url_meta":{"origin":3976,"position":4},"title":"Hoffnung statt Horror: Marburg.news bringt k\u00fcnftig eine &#8222;gute Nachricht der Woche&#8220;","date":"9. M\u00e4rz 2019","format":false,"excerpt":"Gute Nachrichten gibt es viele. Sie werden aber nur selten in den Medien ver\u00f6ffentlicht. Marburg.news m\u00f6chte das \u00e4ndern. Die Redaktion hat sich dazu entschieden, jede Woche \u00fcber eine erfreuliche Nachricht aus Marburg zu berichten. Die Positive Nachricht der Woche ist diesmal ein Scheck von 30.000 Euro, den die Stadt Marburg\u2026","rel":"","context":"In &quot;Bildung&quot;","img":{"alt_text":"","src":"","width":0,"height":0},"classes":[]},{"id":9827,"url":"http:\/\/marburg.news\/?p=9827","url_meta":{"origin":3976,"position":5},"title":"In Schraubenfabrik: Unternehmen sprachen \u00fcber Klimaschutz","date":"9. Juni 2022","format":false,"excerpt":"Unternehmen haben sich bei einem Energiefr\u00fchst\u00fcck zum Klimaschutz ausgetauscht. Eingeladen hatte die Stadt Marburg. Energieeffizienz und erneuerbare Energien sind vor dem Hintergrund von steigenden Preisen wichtige Themen. Dazu haben sich Vertreterinnen und Vertreter von Marburger Unternehmen, Handwerk und Handel in der Hessischen Schraubenfabrik Welter bei einem \"Energiefr\u00fchst\u00fcck\" ausgetauscht. Welche kostenlosen\u2026","rel":"","context":"In &quot;Politik&quot;","img":{"alt_text":"","src":"","width":0,"height":0},"classes":[]}],"_links":{"self":[{"href":"http:\/\/marburg.news\/index.php?rest_route=\/wp\/v2\/posts\/3976"}],"collection":[{"href":"http:\/\/marburg.news\/index.php?rest_route=\/wp\/v2\/posts"}],"about":[{"href":"http:\/\/marburg.news\/index.php?rest_route=\/wp\/v2\/types\/post"}],"author":[{"embeddable":true,"href":"http:\/\/marburg.news\/index.php?rest_route=\/wp\/v2\/users\/9"}],"replies":[{"embeddable":true,"href":"http:\/\/marburg.news\/index.php?rest_route=%2Fwp%2Fv2%2Fcomments&post=3976"}],"version-history":[{"count":3,"href":"http:\/\/marburg.news\/index.php?rest_route=\/wp\/v2\/posts\/3976\/revisions"}],"predecessor-version":[{"id":3979,"href":"http:\/\/marburg.news\/index.php?rest_route=\/wp\/v2\/posts\/3976\/revisions\/3979"}],"wp:featuredmedia":[{"embeddable":true,"href":"http:\/\/marburg.news\/index.php?rest_route=\/wp\/v2\/media\/3864"}],"wp:attachment":[{"href":"http:\/\/marburg.news\/index.php?rest_route=%2Fwp%2Fv2%2Fmedia&parent=3976"}],"wp:term":[{"taxonomy":"category","embeddable":true,"href":"http:\/\/marburg.news\/index.php?rest_route=%2Fwp%2Fv2%2Fcategories&post=3976"},{"taxonomy":"post_tag","embeddable":true,"href":"http:\/\/marburg.news\/index.php?rest_route=%2Fwp%2Fv2%2Ftags&post=3976"}],"curies":[{"name":"wp","href":"https:\/\/api.w.org\/{rel}","templated":true}]}}