{"id":394,"date":"2017-04-09T12:15:23","date_gmt":"2017-04-09T10:15:23","guid":{"rendered":"http:\/\/marburg.news\/?p=394"},"modified":"2017-04-10T15:58:06","modified_gmt":"2017-04-10T13:58:06","slug":"ohnmacht-der-maechtigen-prinzessin-yvonne-begeisterte-das-premierenpublikum","status":"publish","type":"post","link":"http:\/\/marburg.news\/?p=394","title":{"rendered":"Ohnmacht der M\u00e4chtigen: Prinzessin Yvonne begeisterte das Premierenpublikum"},"content":{"rendered":"<p>Begeisterte Ovationen spendete das Publikum allen Beteiligten nach der Premiere von &#8222;YVONNE, PRINZESSIN VON BURGUND&#8220;. Geradezu mit Jubel belohnte es vor Allem Karlheinz Schmitt f\u00fcr seine Darstellung als \u00e4tzende Prinzessin. <!--more--><br \/>\nUnter der Regie von Sascha Nathan feierte die skurile Kom\u00f6die von Witold Gombrowicz am Samstag (8. April) Premiere auf der &#8222;B\u00fchne&#8220; des Hessischen Landestheaters Marburg Am Schwanhof. Platte Witze und Slapstick pr\u00e4sentierte die Inszenierung dabei ebenso wie hintergr\u00fcndigen Humor und in Klamauk verpackten philosophischen Tiefgang.<br \/>\nPrinz Philipp verliebt sich in die sch\u00fcchterne Yvonne. Der gutaussehende K\u00f6nigssohn k\u00f6nnte alle Frauen haben; doch er entscheidet sich f\u00fcr die schweigsame und \u00e4ngstliche H\u00e4sslichkeit in Person. Alles Andere w\u00e4re schlie\u00dflich zu einfach f\u00fcr ihn.<br \/>\nIn ihrer Passivit\u00e4t strahlt Yvonne eine bizarre Faszination aus. Ihre H\u00e4sslichkeit entspricht keiner Konvention.<br \/>\nZun\u00e4chst versuchen Philipps Eltern, ihm diese Frau auszureden; dann loben sie ihn f\u00fcr seinen Gro\u00dfmut und seine Menschenfreundlichkeit. Yvonne zieht am Hof ein und schweigt weiterhin.<br \/>\nSie isst und schweigt stoisch. Ihre blo\u00dfe Anwesenheit macht alle nerv\u00f6s. Sie erschrecken Yvonne und schaffen es doch nicht, sie zu vertreiben.<br \/>\n1937 bereits brachte Gombrowicz mit diesem Theaterst\u00fcck eine hintersinnige Betrachtung \u00fcber die Ohnmacht der M\u00e4chtigen und die Kraft hartn\u00e4ckiger Ignoranz zu Papier. Mit ihrem beharrlichen Schweigen treibt Yvonne alle anderen in die Verzweiflung.<br \/>\nIhre eigenen Schw\u00e4chen und S\u00fcnden projizieren sie auf Yvonne. Um ihre eigenen Fehler zu vergessen, wollen sie am Ende die \u00e4ngstliche Yvonne t\u00f6ten.<br \/>\nVor allem Thomas Streibig \u00fcberzeugte mit viel Spielfreude in der Rolle des K\u00f6nigs Ignaz. Aber auch Susanne Sch\u00e4fer verk\u00f6rperte seine Frau Magdalena absolut gekonnt. Roman Pertl trat nach der Pause aus seiner Rolle heraus, indem er eine Kabaretteinlage \u00fcber ein Produkt aus Wachs zum Besten gab, mit dem man seine Haut enthaaren kann.<br \/>\nSelten hat das Hessische Landestheater am Ende einer Auff\u00fchrung so viele Vorh\u00e4nge erlebt wie nach dieser Kom\u00f6die. Die Mischung aus Absurdem Theater mit hintersinnigem Humor und viel Klamauk war offenbar genau das Richtige f\u00fcr das Publikum und erf\u00fcllte zugleich auch alle Anforderungen an einen intelligenten Theaterabend.<\/p>\n<p>* Franz-Josef Hanke<\/p>\n","protected":false},"excerpt":{"rendered":"<p>Begeisterte Ovationen spendete das Publikum allen Beteiligten nach der Premiere von &#8222;YVONNE, PRINZESSIN VON BURGUND&#8220;. Geradezu mit Jubel belohnte es vor Allem Karlheinz Schmitt f\u00fcr seine Darstellung als \u00e4tzende Prinzessin.<\/p>\n","protected":false},"author":2,"featured_media":0,"comment_status":"closed","ping_status":"open","sticky":false,"template":"","format":"standard","meta":{"advanced_seo_description":"","spay_email":"","jetpack_publicize_message":"","jetpack_is_tweetstorm":false,"jetpack_publicize_feature_enabled":true},"categories":[3],"tags":[255,14,256],"jetpack_featured_media_url":"","jetpack_publicize_connections":[],"jetpack_sharing_enabled":true,"jetpack_shortlink":"https:\/\/wp.me\/p8mhvd-6m","jetpack-related-posts":[{"id":18493,"url":"http:\/\/marburg.news\/?p=18493","url_meta":{"origin":394,"position":0},"title":"Neu auf der B\u00fchne: Theaterprogramm im September\u00a0","date":"5. August 2025","format":false,"excerpt":"Im September pr\u00e4sentiert das Theater GegenStand ein abwechslungsreiches Programm in der Waggonhalle Marburg. Auf dem Spielplan steht die abenteuerliche Krimi-Slapstick-Kom\u00f6die \u201eCasablanca Jones und die Tr\u00e4nen der Mona Lisa\u201c. Au\u00dferdem aufgef\u00fchrt werden die M\u00e4rchen \u201eRumpelstilzchen\u201c und \u201eDer Froschk\u00f6nig\u201c. Am Samstag (6. September) um 20 Uhr bringt die Produktion des Theaters GegenStand\u2026","rel":"","context":"In &quot;Kultur&quot;","img":{"alt_text":"","src":"","width":0,"height":0},"classes":[]},{"id":1163,"url":"http:\/\/marburg.news\/?p=1163","url_meta":{"origin":394,"position":1},"title":"Schr\u00e4ger Humor: &#8222;Monty Python\u00b4s Spamalot&#8220; begeisterte das EPH","date":"1. Oktober 2017","format":false,"excerpt":"Selten war das Publikum des Hessischen Landestheaters Marburg so begeistert wie am Samstag (30. September). Wahre Beifallsst\u00fcrme erntete die Premiere von \"Monty Python's Spamalot\". Der scheidende Intendant Matthias Faltz hatte das Musical von Eric Idle und John du Prez im Erwin-Piscator-Haus (EPH) auf die B\u00fchne gebracht. Dem achtk\u00f6pfigen Schauspielerensemble standen\u2026","rel":"","context":"In &quot;Kultur&quot;","img":{"alt_text":"","src":"","width":0,"height":0},"classes":[]},{"id":4399,"url":"http:\/\/marburg.news\/?p=4399","url_meta":{"origin":394,"position":2},"title":"Kindgerecht kurzweilig: &#8222;Die Schneek\u00f6nigin&#8220; von Hans Christian Andersen im EPH","date":"10. November 2019","format":false,"excerpt":"K\u00e4lte mach sich breit. Passend zur Jahreszeit feierte am Sonntag (10. November) \"Die Schneek\u00f6nigin\" Premiere im EPH. \"DIE SCHNEEK\u00d6NIGIN\" ist das wohl bekannteste Kunstm\u00e4rchen des d\u00e4nischen Dichters Hans Christian Andersen. Bereits 1846 erschien es erstmals in deutscher \u00dcbersetzung. Die Inszenierung von Eva Lange brachte es jedoch frisch, fr\u00f6hlich, frech und\u2026","rel":"","context":"In &quot;Kultur&quot;","img":{"alt_text":"","src":"","width":0,"height":0},"classes":[]},{"id":16468,"url":"http:\/\/marburg.news\/?p=16468","url_meta":{"origin":394,"position":3},"title":"Kein Thema: Homosexualit\u00e4t im Fu\u00dfball","date":"29. September 2024","format":false,"excerpt":"Die Premiere der Kom\u00f6die \u201eZwei Herren von Real Madrid\u201c am Samstag (28. September) bot dem Publikum im Hessischen Landestheater Marburg einen wunderbar am\u00fcsanten Theaterabend. Voller Witz, tragikomischer Absurdit\u00e4t und Liebe begeisterte die Auff\u00fchrung alle Anwesenden! <!--more--> Das St\u00fcck von Leo Meier thematisiert den notwendigen Wandel im Verst\u00e4ndnis von M\u00e4nnlichkeit und\u2026","rel":"","context":"In &quot;Kultur&quot;","img":{"alt_text":"","src":"","width":0,"height":0},"classes":[]},{"id":11954,"url":"http:\/\/marburg.news\/?p=11954","url_meta":{"origin":394,"position":4},"title":"Gegenstand der Geschichten: N\u00e4chste Premiere in der Waggonhalle","date":"15. Februar 2023","format":false,"excerpt":"\"Anderthalb Stunden zu sp\u00e4t\" feiert am Mittwoch (1. M\u00e4rz) Premiere in der Waggonhalle. Es ist die neueste Inszenierung vom \"Theater GegenStand\". Das St\u00fcck ist die dritte Inszenierung von Dieter Wagner. Zuvor hatte er bereits die \"Kom\u00f6die im Dunkeln\" und \"Rose & Walsh\" inszeniert. Wagner steht auch diesmal wieder selbst mit\u2026","rel":"","context":"In &quot;Kultur&quot;","img":{"alt_text":"","src":"","width":0,"height":0},"classes":[]},{"id":12580,"url":"http:\/\/marburg.news\/?p=12580","url_meta":{"origin":394,"position":5},"title":"Neue Produktion: &#8222;Der Gott des Gemetzels&#8220; von Yasmina Reza","date":"11. Mai 2023","format":false,"excerpt":"\"Der Gott des Gemetzels\" ist die 40. Eigenproduktion der Waggonhalle. Die Kom\u00f6die von Yasmina Reza feiert am Donnerstag (18. Mai) Premiere. Zwei Kinder pr\u00fcgeln sich auf dem Schulhof Stock gegen Schneidezahn. Wie gut, dass die Eltern sich treffen, um die Angelegenheit zivilisiert in einer Atmosph\u00e4re von Toleranz und gegenseitigen Verst\u00e4ndnis\u2026","rel":"","context":"In &quot;Kultur&quot;","img":{"alt_text":"","src":"","width":0,"height":0},"classes":[]}],"_links":{"self":[{"href":"http:\/\/marburg.news\/index.php?rest_route=\/wp\/v2\/posts\/394"}],"collection":[{"href":"http:\/\/marburg.news\/index.php?rest_route=\/wp\/v2\/posts"}],"about":[{"href":"http:\/\/marburg.news\/index.php?rest_route=\/wp\/v2\/types\/post"}],"author":[{"embeddable":true,"href":"http:\/\/marburg.news\/index.php?rest_route=\/wp\/v2\/users\/2"}],"replies":[{"embeddable":true,"href":"http:\/\/marburg.news\/index.php?rest_route=%2Fwp%2Fv2%2Fcomments&post=394"}],"version-history":[{"count":2,"href":"http:\/\/marburg.news\/index.php?rest_route=\/wp\/v2\/posts\/394\/revisions"}],"predecessor-version":[{"id":401,"href":"http:\/\/marburg.news\/index.php?rest_route=\/wp\/v2\/posts\/394\/revisions\/401"}],"wp:attachment":[{"href":"http:\/\/marburg.news\/index.php?rest_route=%2Fwp%2Fv2%2Fmedia&parent=394"}],"wp:term":[{"taxonomy":"category","embeddable":true,"href":"http:\/\/marburg.news\/index.php?rest_route=%2Fwp%2Fv2%2Fcategories&post=394"},{"taxonomy":"post_tag","embeddable":true,"href":"http:\/\/marburg.news\/index.php?rest_route=%2Fwp%2Fv2%2Ftags&post=394"}],"curies":[{"name":"wp","href":"https:\/\/api.w.org\/{rel}","templated":true}]}}