{"id":3660,"date":"2019-05-17T09:00:29","date_gmt":"2019-05-17T07:00:29","guid":{"rendered":"http:\/\/marburg.news\/?p=3660"},"modified":"2019-05-16T16:26:28","modified_gmt":"2019-05-16T14:26:28","slug":"vom-richtsberg-runter-mit-dem-fahrrad-durch-marburg","status":"publish","type":"post","link":"http:\/\/marburg.news\/?p=3660","title":{"rendered":"Vom Richtsberg runter: Mit dem Fahrrad durch Marburg"},"content":{"rendered":"<p>&#8222;Marburg ist so sch\u00f6n&#8220;, denke ich. Dann fahre ich weiter.<br \/>\n<!--more--><br \/>\nJeden Morgen fahre ich mit dem Fahrrad zur Marburg.news-Redaktion. Dabei f\u00e4llt mir immer wieder auf, wie sch\u00f6n Marburg doch ist. Ich steige auf mein Rad und los geht es. Beim Sch\u00f6nsten Stadtteil Marburgs starte ich. Mit seiner Vielfalt an Geb\u00e4uden raubt dem Richtsberg mir den Atem.<br \/>\nIch will mich gerade umsehen, als vor mir fast ein Unfall passiert. Auf der Stra\u00dfe gilt Rechts vor Links. Ein Auto steht an einer Stra\u00dfenausfahrt, ein anderes f\u00e4hrt auf der Hauptstra\u00dfe und h\u00e4lt nicht, um das erste auto vorzulassen. Der Fahrer des autos denkt sich wahrscheinlich &#8222;der andere muss doch merken, dass hier Rechts vor links ist, ich habe Vorfahrt&#8220; und f\u00e4hrt auf die Stra\u00dfe.<br \/>\nZwischen den beiden Autos war nur noch Circa 20 Zentimeter Abstand. Mit w\u00fctenden Gesichtern schauen sich die Autofahrer an. Dann fahren sie weiter.<br \/>\nIch fahre auch weiter zum Gef\u00e4lle an der Adolf-Reichwein-Schule. Der tosende Wind schl\u00e4gt mir ins Gesicht, w\u00e4hrend ich 30 Stundenkilometer schnell fahre. Links neben mir kann ich das sch\u00f6ne Stadtbild erkennen. Das Schloss, die Oberstadt und die Elisabethkirche, von hier aus sieht die Stadt wie eine einzige Sehensw\u00fcrdigkeit aus.<br \/>\nAls ich \u00fcber die Br\u00fccke am Aquamar fahre, habe ich einen noch sch\u00f6neren blick \u00fcber die Stadt. Der Himmel ist Blau und die Sonne strahlt \u00fcber ganz Marburg.<br \/>\nDie Stadt wurde im Jahr 1222 zum ersten mal urkundlich erw\u00e4hnt. Die Bewohner waren wohl aus den umliegenden, heute w\u00fcsten Orten Aldenzhausen, Lamersbach, Walpertshausen, Ibernhausen und Willmannsdorf nach Marburg gezogen. Durch die r\u00e4umliche N\u00e4he zur Burg wurden die Orte Weidenhausen und Zahlbach zu Vorst\u00e4dten.<br \/>\nBei der Br\u00fccke am Cineplex angekommen, versuche ich, durch die Menge zu fahren. Dabei sehe ich Studenten und normale Menschen, die auf den Lahnterassen sitzen. Sie unterhalten sich und h\u00f6ren Musik. Dabei herrscht eine sch\u00f6ne Stimmung.<br \/>\nAuf dem Weg zum B\u00fcro halte ich noch kurz bei der neuen Universit\u00e4tsbibliothek. Auf den ersten Blick mochte ich dieses riesige Geb\u00e4ude nicht. Mit der Zeit aber habe ich eine bestimmte Sympathie f\u00fcr sie entwickelt. Mittlerweile habe ich mich an sie gew\u00f6hnt und fahre jeden morgen gerne an ihr vorbei.<br \/>\nIn der Ketzerbach gehe ich noch schnell in eine B\u00e4ckerei. Dort kaufe ich zehn Laugenkastanien. Die Kassiererin kennt mich schon und begr\u00fc\u00dft mich freundlich als alten Bekannten. Mit den Br\u00f6tchen beginnt mein Arbeitstag auf angenehme Weise. Danach bearbeite ich Pressemitteilungen- denn in Marburg ist immer etwas los.<br \/>\nVom Richtsberg bis zur Ketzerbach- Marburg ist die sch\u00f6nste Stadt der Welt.<\/p>\n<p>* Luca Mittelstaedt<\/p>\n","protected":false},"excerpt":{"rendered":"<p>&#8222;Marburg ist so sch\u00f6n&#8220;, denke ich. Dann fahre ich weiter.<\/p>\n","protected":false},"author":9,"featured_media":0,"comment_status":"open","ping_status":"open","sticky":false,"template":"","format":"standard","meta":{"advanced_seo_description":"","spay_email":"","jetpack_publicize_message":"","jetpack_is_tweetstorm":false,"jetpack_publicize_feature_enabled":true},"categories":[3,4],"tags":[259,1928,1927],"jetpack_featured_media_url":"","jetpack_publicize_connections":[],"jetpack_sharing_enabled":true,"jetpack_shortlink":"https:\/\/wp.me\/p8mhvd-X2","jetpack-related-posts":[{"id":9933,"url":"http:\/\/marburg.news\/?p=9933","url_meta":{"origin":3660,"position":0},"title":"G\u00e4nzlich gr\u00fcn: Hilfe gegen herzzerrei\u00dfende Hitze","date":"19. Juni 2022","format":false,"excerpt":"Der Schwei\u00df steigt mir auf die Stirn. Schon am Mittag ist es auf dem Balkon richtig hei\u00df. 36 Grad Celsius in Marburg hat der Deutsche Wetterdienst (DWD) f\u00fcr Samstag (18. Juni) angesagt. Im Laufe des Nachmittags wird diese Temperatur auch wirklich erreicht. Langsam schleppen sich einzelne Fu\u00dfg\u00e4ngerinnen und Fu\u00dfg\u00e4nger durch\u2026","rel":"","context":"In &quot;Politik&quot;","img":{"alt_text":"FJH","src":"https:\/\/i0.wp.com\/marburg.news\/wp-content\/uploads\/2022\/06\/20220607_103007-01-scaled.jpeg?fit=1200%2C1200&resize=350%2C200","width":350,"height":200},"classes":[]},{"id":775,"url":"http:\/\/marburg.news\/?p=775","url_meta":{"origin":3660,"position":1},"title":"P\u00fcnktliche Freundin: Abenteuerparcours mit Ausw\u00e4rtigen und Ampeln","date":"29. Juni 2017","format":false,"excerpt":"\"Papa-, paparazzi\". Kaum hat Lady GaGa ihren letzten Ton gesungen, dr\u00fccke Ich schnell auf das gro\u00dfe Kreuz am Rande meines Handydisplays. Mein Bus passiert gerade die Aral-Tankstelle am Ortseingang von Marburg. Sorgf\u00e4ltig rolle Ich meine Kopfh\u00f6rer zusammen und stecke sie in das eigens daf\u00fcr angeschaffte S\u00e4ckchen. Der davon abfallende Glitzer\u2026","rel":"","context":"In &quot;Soziales&quot;","img":{"alt_text":"","src":"","width":0,"height":0},"classes":[]},{"id":3944,"url":"http:\/\/marburg.news\/?p=3944","url_meta":{"origin":3660,"position":2},"title":"Wieder zur\u00fcck: Mit &#8222;Fridays for Future&#8220; im Bus nach Aachen","date":"24. Juni 2019","format":false,"excerpt":"\"Das wird gro\u00df\", denke ich w\u00e4hrend wir losfahren. Kurz nach 7 Uhr fahren wir mit dem Bus von Marburg los in Richtung Aachen. Auf der Fahrt nach Aachen lerne ich nette Leute kennen. \"\u00dcber Instagram bin ich auf die Demonstration gekommen\", erkl\u00e4rt mir Lena aus Gie\u00dfen. Gemeinsam mit ihren zwei\u2026","rel":"","context":"In &quot;Politik&quot;","img":{"alt_text":"Demo-Spruchband","src":"https:\/\/i0.wp.com\/marburg.news\/wp-content\/uploads\/2019\/06\/IMG_20190621_141524.jpg?fit=900%2C1200&resize=350%2C200","width":350,"height":200},"classes":[]},{"id":18515,"url":"http:\/\/marburg.news\/?p=18515","url_meta":{"origin":3660,"position":3},"title":"Ausreichend ausweichend: Das 7. Weltwunder ist in Marburg ganz allt\u00e4glich","date":"9. August 2025","format":false,"excerpt":"Manchmal mutet Marburg mich etwas provinziell an. Wenn ich jedoch weg wa und nach einer Woche wiederkommer, dann freue ich mich \u00fcber genau diese Heimeligkeit. In Marburg werden Blinde nicht auf der Stra\u00dfe angegafft wie das 7. Weltwunder. Passantinnen und Passanten weichen Blinden aus, die ihnen auf dem Gehsteig oder\u2026","rel":"","context":"In &quot;Soziales&quot;","img":{"alt_text":"","src":"","width":0,"height":0},"classes":[]},{"id":16798,"url":"http:\/\/marburg.news\/?p=16798","url_meta":{"origin":3660,"position":4},"title":"Zwischen Wehmut und Nostalgie: MarburgMomente, MarburgAbschied &#038; Co","date":"2. November 2024","format":false,"excerpt":"Letzten Freitag bin ich durch die Oberstadt gelaufen und hatte pl\u00f6tzlich das Gef\u00fchl, jede Sekunde in Tr\u00e4nen auszubrechen. Nicht etwa wegen der vielen Treppen und Stufen oder aufgrund des hohen Stolperpotentials des t\u00fcckischen Kopfsteinpflasters. Der Grund war ein anderer: Mit einem Mal traf mich die Erkenntnis, dass sich mein Kapitel\u2026","rel":"","context":"In &quot;Sonstiges&quot;","img":{"alt_text":"","src":"","width":0,"height":0},"classes":[]},{"id":9776,"url":"http:\/\/marburg.news\/?p=9776","url_meta":{"origin":3660,"position":5},"title":"Fr\u00f6hliche Zeiten: Im Geschichtenladen zum Stadtjubil\u00e4um","date":"4. Juni 2022","format":false,"excerpt":"Das Wetter kann sich kaum entscheiden, ob es sch\u00f6n oder nass werden will. Die Weidenh\u00e4user Stra\u00dfe liegt in vormitt\u00e4glicher Ruhe vor uns. Vor ihrer Galerie steht die \"Erm\u00f6glicherin\" Jessica Petraccaro-Goertsches und ruft uns einen fr\u00f6hlichen Gru\u00df zu. Wir sind mit der Marburger Galeristin und K\u00fcnstlerin verabredet. Sie m\u00f6chte Statemeents von\u2026","rel":"","context":"In &quot;Kultur&quot;","img":{"alt_text":"Jessica Petraccaro-Goertsches","src":"https:\/\/i0.wp.com\/marburg.news\/wp-content\/uploads\/2020\/04\/jessica.jpg?fit=1063%2C1200&resize=350%2C200","width":350,"height":200},"classes":[]}],"_links":{"self":[{"href":"http:\/\/marburg.news\/index.php?rest_route=\/wp\/v2\/posts\/3660"}],"collection":[{"href":"http:\/\/marburg.news\/index.php?rest_route=\/wp\/v2\/posts"}],"about":[{"href":"http:\/\/marburg.news\/index.php?rest_route=\/wp\/v2\/types\/post"}],"author":[{"embeddable":true,"href":"http:\/\/marburg.news\/index.php?rest_route=\/wp\/v2\/users\/9"}],"replies":[{"embeddable":true,"href":"http:\/\/marburg.news\/index.php?rest_route=%2Fwp%2Fv2%2Fcomments&post=3660"}],"version-history":[{"count":1,"href":"http:\/\/marburg.news\/index.php?rest_route=\/wp\/v2\/posts\/3660\/revisions"}],"predecessor-version":[{"id":3661,"href":"http:\/\/marburg.news\/index.php?rest_route=\/wp\/v2\/posts\/3660\/revisions\/3661"}],"wp:attachment":[{"href":"http:\/\/marburg.news\/index.php?rest_route=%2Fwp%2Fv2%2Fmedia&parent=3660"}],"wp:term":[{"taxonomy":"category","embeddable":true,"href":"http:\/\/marburg.news\/index.php?rest_route=%2Fwp%2Fv2%2Fcategories&post=3660"},{"taxonomy":"post_tag","embeddable":true,"href":"http:\/\/marburg.news\/index.php?rest_route=%2Fwp%2Fv2%2Ftags&post=3660"}],"curies":[{"name":"wp","href":"https:\/\/api.w.org\/{rel}","templated":true}]}}