{"id":3600,"date":"2019-05-12T20:15:00","date_gmt":"2019-05-12T18:15:00","guid":{"rendered":"http:\/\/marburg.news\/?p=3600"},"modified":"2019-05-14T13:58:30","modified_gmt":"2019-05-14T11:58:30","slug":"der-fluch-der-flucht-1-marburger-stadtgespraech-behandelte-seenotrettung","status":"publish","type":"post","link":"http:\/\/marburg.news\/?p=3600","title":{"rendered":"Der Fluch der Flucht: 1. Marburger Stadtgespr\u00e4ch behandelte Seenotrettung"},"content":{"rendered":"<p>&#8222;Ich wollte nicht auf der Couch sitzen und nichts tun.&#8220; So begr\u00fcndete Ruby Hartbrich ihr Engagement in der Seenotrettung f\u00fcr Gefl\u00fcchtete im Mittelmeer. <!--more--><br \/>\nMit einem 15-min\u00fctigen Film berichtete die Marburger \u00c4rztin am Sonntag (12. Mai) im Erwin-Piscator-Haus (EPH) den knapp 60 Anwesenden von ihrem ehrenamtlichen Einsatz auf dem Rettungsschiff &#8222;Sea-Watch 3&#8220;. Oberb\u00fcrgermeister Dr. Thomas Spies moderierte das &#8222;Marburger Stadtgespr\u00e4ch&#8220; zum Thema &#8222;Seenotrettung und Flucht&#8220;. Neben Hartbrich sprachen dort auch Rostam Nazari aus Afghanistan und Goarik Gareyan-Petrosyan.<br \/>\nIm Anschluss an das Video er\u00f6ffnete Spies die Gespr\u00e4chsrunde. Eindringlich berichtete Hartbrich von ihren Erfahrungen der Seenotrettung, vom allt\u00e4glichen Sterben, der Not von Menschen in Todesangst und von der Verpflichtung zur Hilfe f\u00fcr Menschen in Not.<br \/>\nDer Film zeigte verzweifelte Menschen auf wacheligen Schlauchbooten im Mittelmeer. Spies bezeichnete sie als &#8222;bessere Plastikt\u00fcten&#8220;.<br \/>\nWer im Mittelmeer Fl\u00fcchtlinge von solchen Schlauchbooten rettet, muss mit ernsten Schwierigkeiten retten. Statt die Retter zu w\u00fcrdigen, werden sie behindert, bedr\u00e4ngt und verfolgt. Statt der Seenotrettung finanziert die Europ\u00e4ische Union (EU) aber die sogenannte &#8222;Lybische K\u00fcstenwache&#8220;, die Fl\u00fcchtende in lybische Lager zur\u00fcckbringt.<br \/>\nIn dem Film berichteten Gefl\u00fcchtete von Folter und Misshandlungen in diesen Lagern. Ein Frau erkl\u00e4rte, sie sei dort als Sklavin verkauft worden und sp\u00e4ter geflohen.<br \/>\nAuch Nazari ist auf einem solchen Schlauchboot von der T\u00fcrkei aus zur griechischen Insel Lesbos gelangt. Auf seiner siebenj\u00e4hrigen Flucht verlor der Jugendliche mehrere Angeh\u00f6rige. Im Alter von acht Jahren hatte er mit seiner Familie das umk\u00e4mpfte Afghanistan verlassen.<br \/>\nUnter dem Titel &#8222;Rostams Reise &#8211; Von Afghanistan nach Deutschland&#8220; hat Nazari ein Buch \u00fcber seine Fluchterfahrung geschrieben. Darin berichtet der heute 19-j\u00e4hrige junge Marburger \u00fcber sein Geburtsland, die Flucht in den Iran und den gefahrvollen Weg nach Deutschland sowie sein Leben auf der Suche nach Bildung, Frieden und Freiheit.<br \/>\n&#8222;In Deutschland habe ich schreiben und lesen gelernt&#8220;, erl\u00e4uterte er seine Beweggr\u00fcnde f\u00fcr diese Ver\u00f6ffentlichung. &#8222;Ich wololte diese neuen Kenntnisse nutzen, um micch daf\u00fcr zu bedanken und den Menschen hier Informationen \u00fcber die Situation eines Gefl\u00fcchteten zu vermitteln.&#8220;<br \/>\nGareyan-Petrosyan sprach \u00fcber die Rolle des Ausl\u00e4nderbeirats als Vermittler und F\u00fcrsprecher f\u00fcr Menschen aus anderen L\u00e4ndern. Sie lobte das Engagement der Stadt Marburg f\u00fcr Seenotrettung und betonte, dass die Schwierigkeiten nach der Flucht nicht aufh\u00f6ren, sondern Integration eine gesamtgesellschaftliche Aufgabe ist. Integration dauere Jahre und bed\u00fcrfe beiderseitiger Bereitschaft, aufeinander zuzugehen und voneinander zu lernen.<br \/>\nAu\u00dferdem wies die Vorsitzende des st\u00e4dtischen Ausl\u00e4nderbeitrats auf das berechtigte Misstrauen vieler Gefl\u00fcchteter gegen\u00fcber Beh\u00f6rden hin. Darum sei das Verfahren, mit dem das Bundesamt f\u00fcr Migration und Fl\u00fcchtlinge (BAMF) den Status von Asylbewerbern anhand eines einzigen Interviews festlegt, \u00fcberaus zweifelhaft. Menschlichkeit verlange mehr Mitgef\u00fchl anstelle dieser b\u00fcrokratischen Vorgehensweise, meinte sie.<br \/>\nHartbrich forderte, kein Geld mehr an die sogenannte &#8222;Lybische K\u00fcstenwache&#8220; zu zahlen, die damit Menschen unterdr\u00fccke und foltere. Stattdessen solle das Geld f\u00fcr die Seenotrettung eingesetzt werden. Eigentlich sei das ja Aufgabe der Staaten und nicht privater Organisationen wie &#8222;Sea-Watch&#8220;, erkl\u00e4rte sie.<br \/>\nIhre Organisation sei erst in die Seenotrettung eingestiegen, als bereits viele Menschen im Mittelmeer ertrunken waren. Damit widerlegte die junge \u00c4rztin auch den Vorwurf, die private Seenotrettung rufe die Schleuser erst auf den Plan.<br \/>\nOberb\u00fcrgermeister Spies forderte alle Anwesenden auf, bei der Europawahl am Sonntag (26. Mai) teilzunehmen und die EU als ein eigenes Projekt wertzusch\u00e4tzen. Andere Anwesende betonten, sie w\u00fcrden nur f\u00fcr Parteien und Kandidaten stimmen, die der derzeitigen Behinderung der Seenotrettung im Mittelmeer ein Ende setzen wollen. Die vielzitierten &#8222;Europ\u00e4ischen Werte&#8220; von Demokratie und Humanit\u00e4t verb\u00f6ten das rassistische Vorgehen der italienischen oder maltesischen Regierung gegen\u00fcber der Rettung Schiffbr\u00fcchiger.<\/p>\n<p>* Franz-Josef Hanke<\/p>\n","protected":false},"excerpt":{"rendered":"<p>&#8222;Ich wollte nicht auf der Couch sitzen und nichts tun.&#8220; So begr\u00fcndete Ruby Hartbrich ihr Engagement in der Seenotrettung f\u00fcr Gefl\u00fcchtete im Mittelmeer.<\/p>\n","protected":false},"author":2,"featured_media":0,"comment_status":"closed","ping_status":"open","sticky":false,"template":"","format":"standard","meta":{"advanced_seo_description":"","spay_email":"","jetpack_publicize_message":"","jetpack_is_tweetstorm":false,"jetpack_publicize_feature_enabled":true},"categories":[2,4],"tags":[1476,261,1446],"jetpack_featured_media_url":"","jetpack_publicize_connections":[],"jetpack_sharing_enabled":true,"jetpack_shortlink":"https:\/\/wp.me\/p8mhvd-W4","jetpack-related-posts":[{"id":3624,"url":"http:\/\/marburg.news\/?p=3624","url_meta":{"origin":3600,"position":0},"title":"Ausgeleuchtet: H\u00e4nel und Hartbrich erhalten das Leuchtfeuer 2019","date":"15. Mai 2019","format":false,"excerpt":"Kristina H\u00e4nel und Ruby Hartbrich erhalten das \"Marburger Leuchtfeuer\" 2019. Zum ersten mal w\u00fcrdigt die Jury damit zwei Personen in einem Jahr. Die Laudatio auf die beiden Preistr\u00e4gerinnen wird die ehemalige Bundestagspr\u00e4sidentin Prof. Dr. Rita S\u00fcssmuth halten. Oberb\u00fcrgermeister Dr. Thomas Spies wird die undotierte Auszeichnung am Dienstag (9. Juli) um\u2026","rel":"","context":"In &quot;Politik&quot;","img":{"alt_text":"","src":"","width":0,"height":0},"classes":[]},{"id":3995,"url":"http:\/\/marburg.news\/?p=3995","url_meta":{"origin":3600,"position":1},"title":"Retten statt richten: Mahnwache vor dem EPH gegen das Sterben im Mittelmeer","date":"6. Juli 2019","format":false,"excerpt":"Eine Mahnwache gegen das Sterben im Mittelmeer findet am Samstag (6. Juli) um 16 Uhr vor dem Erwin-Piscator-Haus (EPH) statt. Organisiert hat diese Kundgebung die \"Seebr\u00fccke Marburg\". Diese Demonstration f\u00fcr eine unbehinderte Seenotrettung auf dem Mittelmeer ist Teil einer europaweiten Protestkampagne in mehr als 90 St\u00e4dten. In hessen gibt es\u2026","rel":"","context":"In &quot;Politik&quot;","img":{"alt_text":"","src":"","width":0,"height":0},"classes":[]},{"id":19675,"url":"http:\/\/marburg.news\/?p=19675","url_meta":{"origin":3600,"position":2},"title":"Gegen Rassismus: Gedenken in Hanau und Gedanken ans Mittelmeer","date":"9. M\u00e4rz 2026","format":false,"excerpt":"W\u00e4hrend der internationalen Wochen gegen Rassismus organisiert das Jugendbildungswerk der Stadt Marburg zwei Veranstaltungen f\u00fcr junge Menschen. Themen sind das Gedenken in Hanau und ein Workshop zu Seenotrettung f\u00fcr Jugendliche und junge Erwachsene. Am Samstag (21. M\u00e4rz) bietet das Jugendbildungswerk von 9.30 bis 18.30 Uhr eine Fahrt nach Hanau an.\u2026","rel":"","context":"In &quot;Bildung&quot;","img":{"alt_text":"","src":"","width":0,"height":0},"classes":[]},{"id":4006,"url":"http:\/\/marburg.news\/?p=4006","url_meta":{"origin":3600,"position":3},"title":"Zwei mutige Frauen: Leuchtfeuer ging an H\u00e4nel und Hartbrich","date":"10. Juli 2019","format":false,"excerpt":"Kristina H\u00e4nel und Ruby Hartbrich haben das \"Marburger Leuchtfeuer\" 2019 bekommen. 120 Menschen waren zur Preisverleihung am Dienstag (9. Juli) ins Rathaus gekommen. Im Vorfeld der Preisverleihung waren die Humanistische Union (HU) und die Stadt Marburg als Veranstalter heftig kritisiert worden. Insbesondere H\u00e4nels Eintreten f\u00fcr das Informationsrecht von Frauen auch\u2026","rel":"","context":"In &quot;Politik&quot;","img":{"alt_text":"Preis\u00fcbergabe","src":"https:\/\/i0.wp.com\/marburg.news\/wp-content\/uploads\/2019\/07\/4.jpg?fit=800%2C490&resize=350%2C200","width":350,"height":200},"classes":[]},{"id":3049,"url":"http:\/\/marburg.news\/?p=3049","url_meta":{"origin":3600,"position":4},"title":"Aus- und eingewandert: Ausstellung zu Seenotrettung im Mittelmeer er\u00f6ffnet","date":"11. Februar 2019","format":false,"excerpt":"\"Europa - was machst Du an Deinen Grenzen?\" ist der Titel einer Wanderausstellung von Amnesty International. Bis Mittwoch (27. Februar) ist sie im Erdgeschoss des Rathauses zu sehen. Oberb\u00fcrgermeister Dr. Thomas Spies machte bei der Er\u00f6ffnung am Sonntag (10. Februar) darauf aufmerksam, dass der Wohlstand Europas auch f\u00fcr Fluchtursachen verantwortlich\u2026","rel":"","context":"In &quot;Politik&quot;","img":{"alt_text":"","src":"","width":0,"height":0},"classes":[]},{"id":2426,"url":"http:\/\/marburg.news\/?p=2426","url_meta":{"origin":3600,"position":5},"title":"Gegen moralische Insolvenz: Gut 800 Menschen demonstrierten f\u00fcr Seenotrettung","date":"17. Juli 2018","format":false,"excerpt":"\"Menschenrechte erhalten: F\u00fcr Asyl, gegen politische Verrohung\" lautete das Motto einer Kundgebung am Montag (16. Juli) auf dem Marktplatz. Die Zahl der Teilnehmenden \u00fcbertraf dabei alle Erwartungen der Organisatoren erheblich. Hatten sich die Demonstrierenden anfangs am oberen Marktplatz neben dem Marktbrunnen aufgestellt, so zogen sie schnell hinunter zum Rathaus. Als\u2026","rel":"","context":"In &quot;Politik&quot;","img":{"alt_text":"","src":"","width":0,"height":0},"classes":[]}],"_links":{"self":[{"href":"http:\/\/marburg.news\/index.php?rest_route=\/wp\/v2\/posts\/3600"}],"collection":[{"href":"http:\/\/marburg.news\/index.php?rest_route=\/wp\/v2\/posts"}],"about":[{"href":"http:\/\/marburg.news\/index.php?rest_route=\/wp\/v2\/types\/post"}],"author":[{"embeddable":true,"href":"http:\/\/marburg.news\/index.php?rest_route=\/wp\/v2\/users\/2"}],"replies":[{"embeddable":true,"href":"http:\/\/marburg.news\/index.php?rest_route=%2Fwp%2Fv2%2Fcomments&post=3600"}],"version-history":[{"count":1,"href":"http:\/\/marburg.news\/index.php?rest_route=\/wp\/v2\/posts\/3600\/revisions"}],"predecessor-version":[{"id":3614,"href":"http:\/\/marburg.news\/index.php?rest_route=\/wp\/v2\/posts\/3600\/revisions\/3614"}],"wp:attachment":[{"href":"http:\/\/marburg.news\/index.php?rest_route=%2Fwp%2Fv2%2Fmedia&parent=3600"}],"wp:term":[{"taxonomy":"category","embeddable":true,"href":"http:\/\/marburg.news\/index.php?rest_route=%2Fwp%2Fv2%2Fcategories&post=3600"},{"taxonomy":"post_tag","embeddable":true,"href":"http:\/\/marburg.news\/index.php?rest_route=%2Fwp%2Fv2%2Ftags&post=3600"}],"curies":[{"name":"wp","href":"https:\/\/api.w.org\/{rel}","templated":true}]}}