{"id":2904,"date":"2018-12-13T14:30:20","date_gmt":"2018-12-13T13:30:20","guid":{"rendered":"http:\/\/marburg.news\/?p=2904"},"modified":"2018-12-13T14:30:20","modified_gmt":"2018-12-13T13:30:20","slug":"raub-am-richtsberg-polizei-nahm-zwei-verdaechtige-fest","status":"publish","type":"post","link":"http:\/\/marburg.news\/?p=2904","title":{"rendered":"Raub am Richtsberg: Polizei nahm zwei Verd\u00e4chtige fest"},"content":{"rendered":"<p>Trotz Maskierung will das 20 Jahre alte Opfer einen der T\u00e4ter wiedererkannt haben. Der Polizei gab es damit entscheidende Hinweise. <!--more--><br \/>\nDie Ermittler nahmen zwei Tatverd\u00e4chtige in der Wohnung einer 17-j\u00e4hrigen Jugendlichen fest, die sich zur Zeit des \u00dcberfalls ebenfalls in der Wohnung des Opfers aufgehalten hatte. Ob und inwiefern die 17-J\u00e4hrige an der Tat beteiligt war, bedarf weiterer Ermittlungen.<br \/>\nIn der Wohnung stellte die Polizei die Beute des \u00dcberfalls sicher. Bei den beiden Tatverd\u00e4chtigen handelt es sich um M\u00e4nner im Alter von 19 und 21 Jahren. Maskiert und mit Messern bewaffnet waren sie am Mittwoch (12. Dezember) gegen 19 Uhr, in dem Appartement des Opfers am Richtsberg.<br \/>\nSie bedrohten und schlugen den 20-j\u00e4hrigen Mann. Dabei forderten sie Bargeld und fl\u00fcchteten schlie\u00dflich mit einem Fernseher, der Play-Station und einem Handy. Bei der Tat erlitt der junge Mann leichte Verletzungen.<\/p>\n<p>* pm: Polizei Marburg<\/p>\n","protected":false},"excerpt":{"rendered":"<p>Trotz Maskierung will das 20 Jahre alte Opfer einen der T\u00e4ter wiedererkannt haben. Der Polizei gab es damit entscheidende Hinweise.<\/p>\n","protected":false},"author":2,"featured_media":0,"comment_status":"closed","ping_status":"open","sticky":false,"template":"","format":"standard","meta":{"advanced_seo_description":"","spay_email":"","jetpack_publicize_message":"","jetpack_is_tweetstorm":false,"jetpack_publicize_feature_enabled":true},"categories":[6],"tags":[29,16,75],"jetpack_featured_media_url":"","jetpack_publicize_connections":[],"jetpack_sharing_enabled":true,"jetpack_shortlink":"https:\/\/wp.me\/p8mhvd-KQ","jetpack-related-posts":[{"id":7637,"url":"http:\/\/marburg.news\/?p=7637","url_meta":{"origin":2904,"position":0},"title":"Bei \u00dcberfall verletzt: Beschuldigter bestreitet Vorw\u00fcrfe seines Bekannten","date":"23. August 2021","format":false,"excerpt":"Blutend erschien ein 33 Jahre alter Mann am Samstag (21. August) gegen 4.45 Uhr bei der Polizei. Er gab an, zwischen 4 und 4.30 Uhr in der Carl-Orff-Stra\u00dfe \u00fcberfallen worden zu sein. Er beschuldigte einen 34-j\u00e4hrigen Bekannten, ihn geschlagen und verletzt zu haben. W\u00e4hrend man im Krankenhaus die Verletzungen des\u2026","rel":"","context":"In &quot;Sonstiges&quot;","img":{"alt_text":"","src":"","width":0,"height":0},"classes":[]},{"id":2336,"url":"http:\/\/marburg.news\/?p=2336","url_meta":{"origin":2904,"position":1},"title":"Auch an Ank\u00f6mmling: Verd\u00e4chtigen nach Raub in der Bahnhofshalle gestellt","date":"22. Juni 2018","format":false,"excerpt":"Ein Raub ereignete sich am Freitag (22. Juni) gegen 5.30 Uhr in der Bahnhofshalle des Hauptbahnhofs. Eine Gruppe rempelte daf\u00fcr einen 28 Jahre alten Mann an. Die drei M\u00e4nner und zwei Frauen brachten ihn zu Boden und schlugen ihn. Das Opfer und ein Begleiter verfolgten die Fl\u00fcchtigen und konnten sie\u2026","rel":"","context":"In &quot;Sonstiges&quot;","img":{"alt_text":"","src":"","width":0,"height":0},"classes":[]},{"id":8576,"url":"http:\/\/marburg.news\/?p=8576","url_meta":{"origin":2904,"position":2},"title":"Rabiater Raub: Angriff auf Jugendlichen im Alten Kirchhainer Weg","date":"18. Januar 2022","format":false,"excerpt":"Die Kriminalpolizei Marburg sucht Zeugen eines \u00dcberfalls. Nach den Aussagen des 14-j\u00e4hrigen Opfers hat er sich bereits am Donnerstag (16. Dezember) ereignet. Der Jugendliche berichtete, an diesem Tag gegen 17.30 Uhr im Alten Kirchhainer Weg pl\u00f6tzlich von einem aus der H\u00f6hlsgasse gekommenen - mindestens 1,90 bis 2 Meter gro\u00dfen -\u2026","rel":"","context":"In &quot;Sonstiges&quot;","img":{"alt_text":"","src":"","width":0,"height":0},"classes":[]},{"id":11776,"url":"http:\/\/marburg.news\/?p=11776","url_meta":{"origin":2904,"position":3},"title":"Gemeinsam abh\u00e4ngen: War ein Beraubter selber ein R\u00e4uber","date":"27. Januar 2023","format":false,"excerpt":"Gleich zweimal hatte es die Polizei in der Nacht zum Freitag (27. Januar) mit einem 19 Jahre alten Mann zu tun. Zun\u00e4chst erstattet er eine Anzeige wegen Raubs. Dabei beklagte er den Verlust seines Bargelds. Sp\u00e4ter nahm ihn die Polizei w\u00e4hrend der Fahndung nach einem Einbruch und einem Raub in\u2026","rel":"","context":"In &quot;Sonstiges&quot;","img":{"alt_text":"","src":"","width":0,"height":0},"classes":[]},{"id":18423,"url":"http:\/\/marburg.news\/?p=18423","url_meta":{"origin":2904,"position":4},"title":"In Haft: Einbruch in Wohnung nach diebstahl in Bar","date":"25. Juli 2025","format":false,"excerpt":"Wegen Einbruchsdiebstahls f\u00fchrt die Staatsanwaltschaft Marburg derzeit ein Ermittlungsverfahren gegen zwei M\u00e4nner. Sie befinden sich in Untersuchungshaft. Die beiden stahlen am Sonntag (20. Juli) zwischen 4 und 5 Uhr in einer Bar an der Stra\u00dfe \"Aff\u00f6llerwiesen\" zun\u00e4chst unbemerkt eine Geldb\u00f6rse und eine Jacke samt Schl\u00fcssel und Handy. Als der 24-j\u00e4hrige\u2026","rel":"","context":"In &quot;Sonstiges&quot;","img":{"alt_text":"","src":"","width":0,"height":0},"classes":[]},{"id":16158,"url":"http:\/\/marburg.news\/?p=16158","url_meta":{"origin":2904,"position":5},"title":"Ganz geschwind: Nach Raub Verd\u00e4chtigen festgenommen","date":"20. August 2024","format":false,"excerpt":"Einen mutma\u00dflichen R\u00e4uber hat die Polizei am Samstag (17. August) im Wehrdaer Weg festgenommen. Er ist verd\u00e4chtigt gegen 11 Uhr, einen 85-j\u00e4hrigen Rentner vor dessen Wohnung seine Hilfsbed\u00fcrftigkeit vorget\u00e4uscht und ihn anschlie\u00dfend beraubt zu haben. Das Opfer hob gegen 11 Uhr an der Sparkasse an der Bahnhofstra\u00dfe Bargeld ab und\u2026","rel":"","context":"In &quot;Sonstiges&quot;","img":{"alt_text":"","src":"","width":0,"height":0},"classes":[]}],"_links":{"self":[{"href":"http:\/\/marburg.news\/index.php?rest_route=\/wp\/v2\/posts\/2904"}],"collection":[{"href":"http:\/\/marburg.news\/index.php?rest_route=\/wp\/v2\/posts"}],"about":[{"href":"http:\/\/marburg.news\/index.php?rest_route=\/wp\/v2\/types\/post"}],"author":[{"embeddable":true,"href":"http:\/\/marburg.news\/index.php?rest_route=\/wp\/v2\/users\/2"}],"replies":[{"embeddable":true,"href":"http:\/\/marburg.news\/index.php?rest_route=%2Fwp%2Fv2%2Fcomments&post=2904"}],"version-history":[{"count":0,"href":"http:\/\/marburg.news\/index.php?rest_route=\/wp\/v2\/posts\/2904\/revisions"}],"wp:attachment":[{"href":"http:\/\/marburg.news\/index.php?rest_route=%2Fwp%2Fv2%2Fmedia&parent=2904"}],"wp:term":[{"taxonomy":"category","embeddable":true,"href":"http:\/\/marburg.news\/index.php?rest_route=%2Fwp%2Fv2%2Fcategories&post=2904"},{"taxonomy":"post_tag","embeddable":true,"href":"http:\/\/marburg.news\/index.php?rest_route=%2Fwp%2Fv2%2Ftags&post=2904"}],"curies":[{"name":"wp","href":"https:\/\/api.w.org\/{rel}","templated":true}]}}