{"id":2903,"date":"2018-12-13T14:24:41","date_gmt":"2018-12-13T13:24:41","guid":{"rendered":"http:\/\/marburg.news\/?p=2903"},"modified":"2018-12-13T14:24:41","modified_gmt":"2018-12-13T13:24:41","slug":"unfallflucht-am-studentenhaus-spiegelschaden-an-silbernem-opel-astra","status":"publish","type":"post","link":"http:\/\/marburg.news\/?p=2903","title":{"rendered":"Unfallflucht am Studentenhaus: Spiegelschaden an silbernem Opel Astra"},"content":{"rendered":"<p>Die Polizei sucht Zeugen einer Unfallflucht mit einem Spiegelschaden an einem Opel Astra. Das silberne Auto parkte am Dienstag (11. Dezember zwischen 17.10 und 18.35 Uhr ordnungsgem\u00e4\u00df auf einer markierten Stellfl\u00e4che vor dem Studentenhaus am Erlenring. <!--more--><br \/>\nDer Schaden betr\u00e4gt mindestens 300 Euro. Hinweise auf das verursachende Fahrzeug oder seinen Fahrer gibt es bislang nicht.<\/p>\n<p>* pm: Polizei Marburg<\/p>\n","protected":false},"excerpt":{"rendered":"<p>Die Polizei sucht Zeugen einer Unfallflucht mit einem Spiegelschaden an einem Opel Astra. Das silberne Auto parkte am Dienstag (11. Dezember zwischen 17.10 und 18.35 Uhr ordnungsgem\u00e4\u00df auf einer markierten Stellfl\u00e4che vor dem Studentenhaus am Erlenring.<\/p>\n","protected":false},"author":2,"featured_media":0,"comment_status":"closed","ping_status":"open","sticky":false,"template":"","format":"standard","meta":{"advanced_seo_description":"","spay_email":"","jetpack_publicize_message":"","jetpack_is_tweetstorm":false,"jetpack_publicize_feature_enabled":true},"categories":[6],"tags":[1575,16,34],"jetpack_featured_media_url":"","jetpack_publicize_connections":[],"jetpack_sharing_enabled":true,"jetpack_shortlink":"https:\/\/wp.me\/p8mhvd-KP","jetpack-related-posts":[{"id":11234,"url":"http:\/\/marburg.news\/?p=11234","url_meta":{"origin":2903,"position":0},"title":"Friedlicher Rotenberg: Unfallflucht nach Spiegelschaden","date":"17. November 2022","format":false,"excerpt":"Eine Unfallflucht erfolgte am Dienstag (15. November) vor dem Anwesen \"Rotenberg 28\". Zwischen 9.15 und 13.15 Uhr fuhr ein unbekanntes Fahrzeug auf dem Weg zur Innenstadt mit zu geringem Seitenabstand an einem geparkten grauen Opel Astra vorbei. Dabei kam es zur Kollision mit einem Schaden am linken Au\u00dfenspiegel des Astra.\u2026","rel":"","context":"In &quot;Sonstiges&quot;","img":{"alt_text":"","src":"","width":0,"height":0},"classes":[]},{"id":8225,"url":"http:\/\/marburg.news\/?p=8225","url_meta":{"origin":2903,"position":1},"title":"Spiegel und Schaden: Vorbeifahrt an grauem Toyota misslang","date":"24. November 2021","format":false,"excerpt":"Zu einer Unfallflucht kam es am Dienstag (23. November) zwischen 12.20 und 12.25 Uhr . Beim Vorbeifahren an einem grauen Toyota Yaris kam es zu einer Kollision mit einem anschlie\u00dfenden Spiegelschaden. Der Spiegel klappte zur Motorhaube hin um. Dadurch fiel das Spiegelglas heraus und Kabel rissen ab. Der betroffene Toyota\u2026","rel":"","context":"In &quot;Sonstiges&quot;","img":{"alt_text":"","src":"","width":0,"height":0},"classes":[]},{"id":2006,"url":"http:\/\/marburg.news\/?p=2006","url_meta":{"origin":2903,"position":2},"title":"Saurer Abgang: Opel Astra in der Baldingerstra\u00dfe besch\u00e4digt","date":"27. M\u00e4rz 2018","format":false,"excerpt":"Zu einer Unfallflucht kam es auf dem Parkplatz des Universit\u00e4tsklinikums an der Baldingerstra\u00dfe. Vorne links an einem geparkten silbernen Opel Astra entstand ein Schaden von 500 Euro. Der Unfall passierte zwischen Montag (26. M\u00e4rz) nach 12 Uhr und Dienstag (27. M\u00e4rz) vor 9.15 Uhr. Der Verursacher fl\u00fcchtete. * pm: Polizei\u2026","rel":"","context":"In &quot;Sonstiges&quot;","img":{"alt_text":"","src":"","width":0,"height":0},"classes":[]},{"id":4596,"url":"http:\/\/marburg.news\/?p=4596","url_meta":{"origin":2903,"position":3},"title":"Erneute Unfallflucht: Kratzer an Opel im Industriegebiet Wehrda","date":"7. Januar 2020","format":false,"excerpt":"Kratzer an einem roten Opel Astra ziehen sich vom hinteren Kotfl\u00fcgel bis \u00fcber beide T\u00fcren der Beifahrerseite. Der Schaden bel\u00e4uft sich auf mindestens 1.000 Euro. Der Opel mit \"LDK\"-Kennzeichen parkte zur Unfallzeit am Donnerstag (2. Januar) zwischen 11.30 und 12.30 Uhr auf dem Parkplatz eines Sportgesch\u00e4fts an der Tom-Mutters-Stra\u00dfe im\u2026","rel":"","context":"In &quot;Sonstiges&quot;","img":{"alt_text":"","src":"","width":0,"height":0},"classes":[]},{"id":15201,"url":"http:\/\/marburg.news\/?p=15201","url_meta":{"origin":2903,"position":4},"title":"Von Parkplatz zu Parkplatz: Unfallflucht in Wehrda oder im Aff\u00f6ller","date":"13. M\u00e4rz 2024","format":false,"excerpt":"Auf einem Parkplatz hinter dem Baumarkt an der Aff\u00f6llerstra\u00dfe oder auf dem Parkplatz einer W\u00e4scherei an der Tom-Mutters-Stra\u00dfe touchierte am Dienstag (12. M\u00e4rz) ein unbekannter Autofahrer einen grauen Opel Astra. Anstatt sich um den Schaden von gesch\u00e4tzt 3.500 Euro zu k\u00fcmmern, entfernte sich der Verursacher unerlaubt. Das Auto war dort\u2026","rel":"","context":"In &quot;Sonstiges&quot;","img":{"alt_text":"","src":"","width":0,"height":0},"classes":[]},{"id":6218,"url":"http:\/\/marburg.news\/?p=6218","url_meta":{"origin":2903,"position":5},"title":"T\u00e4glich Unfallflucht: Parkender Opel Am Gr\u00fcn besch\u00e4digt","date":"18. Dezember 2020","format":false,"excerpt":"Bei einem Verkehrsunfall wurde ein wei\u00dfer Opel Astra vorne rechts an der Sto\u00dfstange besch\u00e4digt. Das Auto parkte auf einem privat angemieteten Parkplatz in H\u00f6he des Anwesens \"Am Gr\u00fcn\" 58. Der Unfall passierte am Donnerstag (10. Dezember) zwischen 8.30 und 18.30 Uhr. Der dabei entstandene Schaden bel\u00e4uft sich auf mindestens 500\u2026","rel":"","context":"In &quot;Sonstiges&quot;","img":{"alt_text":"","src":"","width":0,"height":0},"classes":[]}],"_links":{"self":[{"href":"http:\/\/marburg.news\/index.php?rest_route=\/wp\/v2\/posts\/2903"}],"collection":[{"href":"http:\/\/marburg.news\/index.php?rest_route=\/wp\/v2\/posts"}],"about":[{"href":"http:\/\/marburg.news\/index.php?rest_route=\/wp\/v2\/types\/post"}],"author":[{"embeddable":true,"href":"http:\/\/marburg.news\/index.php?rest_route=\/wp\/v2\/users\/2"}],"replies":[{"embeddable":true,"href":"http:\/\/marburg.news\/index.php?rest_route=%2Fwp%2Fv2%2Fcomments&post=2903"}],"version-history":[{"count":0,"href":"http:\/\/marburg.news\/index.php?rest_route=\/wp\/v2\/posts\/2903\/revisions"}],"wp:attachment":[{"href":"http:\/\/marburg.news\/index.php?rest_route=%2Fwp%2Fv2%2Fmedia&parent=2903"}],"wp:term":[{"taxonomy":"category","embeddable":true,"href":"http:\/\/marburg.news\/index.php?rest_route=%2Fwp%2Fv2%2Fcategories&post=2903"},{"taxonomy":"post_tag","embeddable":true,"href":"http:\/\/marburg.news\/index.php?rest_route=%2Fwp%2Fv2%2Ftags&post=2903"}],"curies":[{"name":"wp","href":"https:\/\/api.w.org\/{rel}","templated":true}]}}